{"id":32162,"date":"2023-06-17T16:16:34","date_gmt":"2023-06-17T19:16:34","guid":{"rendered":"https:\/\/radiorevelacionfm.cl\/?p=32162"},"modified":"2023-06-17T16:16:34","modified_gmt":"2023-06-17T19:16:34","slug":"ante-proyecto-regional-de-inversiones-core-de-aysen-planifica-iniciativas-2024-con-seremis","status":"publish","type":"post","link":"https:\/\/radiorevelacionfm.cl\/?p=32162","title":{"rendered":"Ante Proyecto Regional de Inversiones: CORE de Ays\u00e9n planifica iniciativas 2024 con Seremis"},"content":{"rendered":"<div class=\"flex_column av_one_full  flex_column_div av-zero-column-padding first  avia-builder-el-0  el_before_av_one_full  avia-builder-el-first  \" style='border-radius:0px; '><div  class='avia-image-container  av-styling-    avia-builder-el-1  avia-builder-el-no-sibling  avia-align-center '  itemprop=\"image\" itemscope=\"itemscope\" itemtype=\"https:\/\/schema.org\/ImageObject\"  ><div class='avia-image-container-inner'><div class='avia-image-overlay-wrap'><img decoding=\"async\" class='wp-image-32163 avia-img-lazy-loading-not-32163 avia_image' src=\"https:\/\/radiorevelacionfm.cl\/wp-content\/uploads\/2023\/06\/ARI-4-1-1.jpeg\" alt='' title='ARI 4 (1) (1)' height=\"600\" width=\"1069\"  itemprop=\"thumbnailUrl\" srcset=\"https:\/\/radiorevelacionfm.cl\/wp-content\/uploads\/2023\/06\/ARI-4-1-1.jpeg 1069w, https:\/\/radiorevelacionfm.cl\/wp-content\/uploads\/2023\/06\/ARI-4-1-1-300x168.jpeg 300w, https:\/\/radiorevelacionfm.cl\/wp-content\/uploads\/2023\/06\/ARI-4-1-1-1030x578.jpeg 1030w, https:\/\/radiorevelacionfm.cl\/wp-content\/uploads\/2023\/06\/ARI-4-1-1-768x431.jpeg 768w, https:\/\/radiorevelacionfm.cl\/wp-content\/uploads\/2023\/06\/ARI-4-1-1-705x396.jpeg 705w, https:\/\/radiorevelacionfm.cl\/wp-content\/uploads\/2023\/06\/ARI-4-1-1-450x253.jpeg 450w, https:\/\/radiorevelacionfm.cl\/wp-content\/uploads\/2023\/06\/ARI-4-1-1-600x337.jpeg 600w\" sizes=\"(max-width: 1069px) 100vw, 1069px\" \/><\/div><\/div><\/div><\/div>\n<div class=\"flex_column av_one_full  flex_column_div av-zero-column-padding first  avia-builder-el-2  el_after_av_one_full  el_before_av_one_full  column-top-margin\" style='border-radius:0px; '><section class=\"av_textblock_section \"  itemscope=\"itemscope\" itemtype=\"https:\/\/schema.org\/BlogPosting\" itemprop=\"blogPost\" ><div class='avia_textblock  '   itemprop=\"text\" ><p style=\"text-align: center;\"><strong><span style=\"font-size: 18pt;\">Ante Proyecto Regional de Inversiones: CORE de Ays\u00e9n planifica iniciativas 2024 con Seremis<\/span><\/strong><\/p>\n<div id=\"gtx-trans\" style=\"position: absolute; left: -50px; top: 4.31534px;\">\n<div class=\"gtx-trans-icon\"><\/div>\n<\/div>\n<\/div><\/section><\/div>\n<div class=\"flex_column av_one_full  flex_column_div av-zero-column-padding first  avia-builder-el-4  el_after_av_one_full  el_before_av_hr  column-top-margin\" style='border-radius:0px; '><section class=\"av_textblock_section \"  itemscope=\"itemscope\" itemtype=\"https:\/\/schema.org\/BlogPosting\" itemprop=\"blogPost\" ><div class='avia_textblock  '   itemprop=\"text\" ><p dir=\"ltr\" style=\"text-align: justify;\">El Consejo Regional de Ays\u00e9n recibi\u00f3 a las y los Secretarios Regionales Ministeriales (Seremis) de todas las carteras del Gobierno nacional, con el objetivo de planificar en conjunto las inversiones que se realizar\u00e1n en los distintos sectores durante el a\u00f1o 2024. El consolidado de estas sesiones, que luego se discute y se resuelve a nivel central, se denomina Ante Proyecto Regional de Inversiones (ARI).<\/p>\n<p dir=\"ltr\" style=\"text-align: justify;\">Este instrumento de planificaci\u00f3n presupuestaria, que se revisa todos los a\u00f1os y que contiene todas las iniciativas de los sectores, es revisado luego en Santiago por los mismos Consejeros y Consejeras Regionales, quienes defienden las discrepancias. Este \u00faltimo concepto se refiere a la eventualidad de que se requiera aumento de presupuesto en ciertas iniciativas, para su cobertura u otras situaciones relevantes, o proyectos que no cuenten con proyecci\u00f3n de financiamiento y que las autoridades consideren necesarios de ejecutar.<\/p>\n<p dir=\"ltr\" style=\"text-align: justify;\">\u00abSiempre es importante ponernos de acuerdo, tanto con los sectores del Gobierno nacional y del Gobierno Regional, en materias que impactan en la regi\u00f3n, sobre todo en materias de presupuesto, que son muy diversas. Van desde salud, pasando por infraestructura hasta agricultura. Todos esos servicios pasaron, y adem\u00e1s vino el Ministerio de Desarrollo Social a contarnos las iniciativas que estaban dentro de la plataforma del Mideso. As\u00ed que creo que es un trabajo s\u00faper importante que los Consejeros Regionales conozcamos las distintas iniciativas a financiar para el pr\u00f3ximo a\u00f1o\u00bb, explic\u00f3 la Consejera Paula Acu\u00f1a, quien es presidenta de la Comisi\u00f3n de Presupuesto e Inversiones.<\/p>\n<p dir=\"ltr\" style=\"text-align: justify;\">Por su parte, el Consejero Regional Jorge Abello destac\u00f3 que \u00abmuchas de las iniciativas que hemos trabajado en el a\u00f1o, vemos con satisfacci\u00f3n que se est\u00e1n incorporando. Van a estar el pr\u00f3ximo a\u00f1o 2024, donde se espera tambi\u00e9n que exista mayor normalidad en la ejecuci\u00f3n de estos proyectos\u00bb.<\/p>\n<p dir=\"ltr\" style=\"text-align: justify;\">Finalmente, el Consejero de Capit\u00e1n Prat detall\u00f3 que las principales discrepancias, que deber\u00e1n resolverse en Santiago, tienen que ver con: el pago de subsidios en Transporte; el proyecto \u00abocho localidades\u00bb en materia de Telecomunicaciones; y en el \u00e1rea de Obras P\u00fablicas la conservaci\u00f3n del Aer\u00f3dromo de Puerto Cisnes y un estacionamiento de helic\u00f3pteros en la localidad de \u00d1irehuao.<\/p>\n<\/div><\/section><\/div><div  style='height:50px' class='hr hr-invisible   avia-builder-el-6  el_after_av_one_full  el_before_av_social_share '><span class='hr-inner ' ><span class='hr-inner-style'><\/span><\/span><\/div><\/p>\n<div  class='av-social-sharing-box  avia-builder-el-7  el_after_av_hr  el_before_av_hr  '><div class='av-share-box'><h5 class='av-share-link-description av-no-toc '>Compartir esta noticia<\/h5><ul class='av-share-box-list noLightbox'><li class='av-share-link av-social-link-facebook' ><a target=\"_blank\" aria-label=\"Compartir en Facebook\" href='https:\/\/www.facebook.com\/sharer.php?u=https:\/\/radiorevelacionfm.cl\/?p=32162&#038;t=Ante%20Proyecto%20Regional%20de%20Inversiones%3A%20CORE%20de%20Ays%C3%A9n%20planifica%20iniciativas%202024%20con%20Seremis' aria-hidden='false' data-av_icon='\ue8f3' data-av_iconfont='entypo-fontello' title='' data-avia-related-tooltip='Compartir en Facebook' rel=\"noopener\"><span class='avia_hidden_link_text'>Compartir en Facebook<\/span><\/a><\/li><li class='av-share-link av-social-link-twitter' ><a target=\"_blank\" aria-label=\"Compartir en Twitter\" href='https:\/\/twitter.com\/share?text=Ante%20Proyecto%20Regional%20de%20Inversiones%3A%20CORE%20de%20Ays%C3%A9n%20planifica%20iniciativas%202024%20con%20Seremis&#038;url=https:\/\/radiorevelacionfm.cl\/?p=32162' aria-hidden='false' data-av_icon='\ue8f1' data-av_iconfont='entypo-fontello' title='' data-avia-related-tooltip='Compartir en Twitter' rel=\"noopener\"><span class='avia_hidden_link_text'>Compartir en Twitter<\/span><\/a><\/li><li class='av-share-link av-social-link-whatsapp' ><a target=\"_blank\" aria-label=\"Compartir en Whatsapp\" href='https:\/\/api.whatsapp.com\/send?text=https:\/\/radiorevelacionfm.cl\/?p=32162' aria-hidden='false' data-av_icon='\uf232' data-av_iconfont='entypo-fontello' title='' data-avia-related-tooltip='Compartir en Whatsapp' rel=\"noopener\"><span class='avia_hidden_link_text'>Compartir en Whatsapp<\/span><\/a><\/li><li class='av-share-link av-social-link-linkedin' ><a target=\"_blank\" aria-label=\"Compartir en LinkedIn\" href='https:\/\/linkedin.com\/shareArticle?mini=true&#038;title=Ante%20Proyecto%20Regional%20de%20Inversiones%3A%20CORE%20de%20Ays%C3%A9n%20planifica%20iniciativas%202024%20con%20Seremis&#038;url=https:\/\/radiorevelacionfm.cl\/?p=32162' aria-hidden='false' data-av_icon='\ue8fc' data-av_iconfont='entypo-fontello' title='' data-avia-related-tooltip='Compartir en LinkedIn' rel=\"noopener\"><span class='avia_hidden_link_text'>Compartir en LinkedIn<\/span><\/a><\/li><li class='av-share-link av-social-link-mail' ><a  aria-label=\"Compartir por correo\" href='mailto:?subject=Ante%20Proyecto%20Regional%20de%20Inversiones%3A%20CORE%20de%20Ays%C3%A9n%20planifica%20iniciativas%202024%20con%20Seremis&#038;body=https:\/\/radiorevelacionfm.cl\/?p=32162' aria-hidden='false' data-av_icon='\ue805' data-av_iconfont='entypo-fontello' title='' data-avia-related-tooltip='Compartir por correo'><span class='avia_hidden_link_text'>Compartir por correo<\/span><\/a><\/li><\/ul><\/div><\/div>\n<div  style='height:50px' class='hr hr-invisible   avia-builder-el-8  el_after_av_social_share  el_before_av_comments_list '><span class='hr-inner ' ><span class='hr-inner-style'><\/span><\/span><\/div>\n<div  class='av-buildercomment  av-blog-meta-html-info-disabled av-blog-meta-tag-disabled  '><\/div>\n","protected":false},"excerpt":{"rendered":"","protected":false},"author":1,"featured_media":32163,"comment_status":"open","ping_status":"open","sticky":false,"template":"","format":"standard","meta":{"footnotes":""},"categories":[38],"tags":[],"class_list":["post-32162","post","type-post","status-publish","format-standard","has-post-thumbnail","hentry","category-regional"],"jetpack_featured_media_url":"https:\/\/radiorevelacionfm.cl\/wp-content\/uploads\/2023\/06\/ARI-4-1-1.jpeg","_links":{"self":[{"href":"https:\/\/radiorevelacionfm.cl\/index.php?rest_route=\/wp\/v2\/posts\/32162","targetHints":{"allow":["GET"]}}],"collection":[{"href":"https:\/\/radiorevelacionfm.cl\/index.php?rest_route=\/wp\/v2\/posts"}],"about":[{"href":"https:\/\/radiorevelacionfm.cl\/index.php?rest_route=\/wp\/v2\/types\/post"}],"author":[{"embeddable":true,"href":"https:\/\/radiorevelacionfm.cl\/index.php?rest_route=\/wp\/v2\/users\/1"}],"replies":[{"embeddable":true,"href":"https:\/\/radiorevelacionfm.cl\/index.php?rest_route=%2Fwp%2Fv2%2Fcomments&post=32162"}],"version-history":[{"count":2,"href":"https:\/\/radiorevelacionfm.cl\/index.php?rest_route=\/wp\/v2\/posts\/32162\/revisions"}],"predecessor-version":[{"id":32165,"href":"https:\/\/radiorevelacionfm.cl\/index.php?rest_route=\/wp\/v2\/posts\/32162\/revisions\/32165"}],"wp:featuredmedia":[{"embeddable":true,"href":"https:\/\/radiorevelacionfm.cl\/index.php?rest_route=\/wp\/v2\/media\/32163"}],"wp:attachment":[{"href":"https:\/\/radiorevelacionfm.cl\/index.php?rest_route=%2Fwp%2Fv2%2Fmedia&parent=32162"}],"wp:term":[{"taxonomy":"category","embeddable":true,"href":"https:\/\/radiorevelacionfm.cl\/index.php?rest_route=%2Fwp%2Fv2%2Fcategories&post=32162"},{"taxonomy":"post_tag","embeddable":true,"href":"https:\/\/radiorevelacionfm.cl\/index.php?rest_route=%2Fwp%2Fv2%2Ftags&post=32162"}],"curies":[{"name":"wp","href":"https:\/\/api.w.org\/{rel}","templated":true}]}}