{"id":3216,"date":"2021-04-17T22:18:58","date_gmt":"2021-04-18T01:18:58","guid":{"rendered":"https:\/\/radiorevelacionfm.cl\/?p=3216"},"modified":"2021-04-17T22:28:50","modified_gmt":"2021-04-18T01:28:50","slug":"en-coyhaique-formalizan-a-imputados-por-fiesta-clandestina-y-agresion-a-carabineros","status":"publish","type":"post","link":"https:\/\/radiorevelacionfm.cl\/?p=3216","title":{"rendered":"En Coyhaique formalizan a imputados por fiesta clandestina y agresi\u00f3n a Carabineros"},"content":{"rendered":"<div class=\"flex_column av_one_full  flex_column_div av-zero-column-padding first  avia-builder-el-0  el_before_av_one_full  avia-builder-el-first  \" style='border-radius:0px; '><div  class='avia-image-container  av-styling-    avia-builder-el-1  avia-builder-el-no-sibling  avia-align-center '  itemprop=\"image\" itemscope=\"itemscope\" itemtype=\"https:\/\/schema.org\/ImageObject\"  ><div class='avia-image-container-inner'><div class='avia-image-overlay-wrap'><img decoding=\"async\" class='wp-image-3219 avia-img-lazy-loading-not-3219 avia_image' src=\"https:\/\/radiorevelacionfm.cl\/wp-content\/uploads\/2021\/04\/carabineros-noche-1.jpg\" alt='' title='carabineros noche (1)' height=\"720\" width=\"1280\"  itemprop=\"thumbnailUrl\" srcset=\"https:\/\/radiorevelacionfm.cl\/wp-content\/uploads\/2021\/04\/carabineros-noche-1.jpg 1280w, https:\/\/radiorevelacionfm.cl\/wp-content\/uploads\/2021\/04\/carabineros-noche-1-300x169.jpg 300w, https:\/\/radiorevelacionfm.cl\/wp-content\/uploads\/2021\/04\/carabineros-noche-1-1030x579.jpg 1030w, https:\/\/radiorevelacionfm.cl\/wp-content\/uploads\/2021\/04\/carabineros-noche-1-768x432.jpg 768w, https:\/\/radiorevelacionfm.cl\/wp-content\/uploads\/2021\/04\/carabineros-noche-1-705x397.jpg 705w, https:\/\/radiorevelacionfm.cl\/wp-content\/uploads\/2021\/04\/carabineros-noche-1-600x338.jpg 600w\" sizes=\"(max-width: 1280px) 100vw, 1280px\" \/><\/div><\/div><\/div><\/div><div class=\"flex_column av_one_full  flex_column_div av-zero-column-padding first  avia-builder-el-2  el_after_av_one_full  el_before_av_one_full  column-top-margin\" style='border-radius:0px; '><section class=\"av_textblock_section \"  itemscope=\"itemscope\" itemtype=\"https:\/\/schema.org\/BlogPosting\" itemprop=\"blogPost\" ><div class='avia_textblock  '   itemprop=\"text\" ><p style=\"text-align: center;\"><strong><span style=\"font-size: 18pt;\">En Coyhaique formalizan a imputados por fiesta clandestina y agresi\u00f3n a Carabineros<\/span><\/strong><\/p>\n<div id=\"gtx-trans\" style=\"position: absolute; left: -50px; top: 4.31534px;\">\n<div class=\"gtx-trans-icon\"><\/div>\n<\/div>\n<\/div><\/section><\/div><\/p>\n<div class=\"flex_column av_one_full  flex_column_div av-zero-column-padding first  avia-builder-el-4  el_after_av_one_full  el_before_av_hr  column-top-margin\" style='border-radius:0px; '><section class=\"av_textblock_section \"  itemscope=\"itemscope\" itemtype=\"https:\/\/schema.org\/BlogPosting\" itemprop=\"blogPost\" ><div class='avia_textblock  '   itemprop=\"text\" ><div class=\"o9v6fnle cxmmr5t8 oygrvhab hcukyx3x c1et5uql ii04i59q\"><\/div>\n<div class=\"o9v6fnle cxmmr5t8 oygrvhab hcukyx3x c1et5uql ii04i59q\">\n<div dir=\"auto\" style=\"text-align: justify;\">\n<p>Uno de los funcionarios fue herido con una botella en la cabeza resultando con un tec cerrado y un segundo fue lesionado con un elemento cortopunzante en el rostro.<\/p>\n<p>Pasadas las 13.30 horas del viernes finaliz\u00f3 la audiencia de formalizaci\u00f3n donde la Fiscal\u00eda Local de Coyhaique comunic\u00f3 el inicio de una investigaci\u00f3n contra dos imputados de 18 y 17 a\u00f1os, por delitos asociados al art\u00edculo 318 del C\u00f3digo Procesal Penal y lesiones, a ra\u00edz de la realizaci\u00f3n de una fiesta clandestina en calle Lillo de Coyhaique y maltrato de obra a Carabineros.<\/p>\n<p>Seg\u00fan explic\u00f3 el fiscal Luis Contreras durante la audiencia de control de la detenci\u00f3n y formalizaci\u00f3n de la investigaci\u00f3n, a la fiesta hab\u00edan concurrido menores de edad, incluso j\u00f3venes de 12 y 13 a\u00f1os, los cuales no son imputables penalmente. En el caso del imputado C.A.C.C de 18 a\u00f1os y otro joven de 17 a\u00f1os, de iniciales J.F.S.S oriundo de Cochrane, fueron formalizados por infringir el art\u00edculo 318 y las agresiones a Carabineros de la Primera Comisar\u00eda.<\/p>\n<p>HECHOS<\/p>\n<p>En la audiencia, el fiscal Contreras manifest\u00f3 que el jueves cerca de las 22.30 horas y desde momentos previos, el imputado J.F.S.S. de 17 a\u00f1os, quien se encontraba en una hospeder\u00eda de calle Lillo, \u201cpermiti\u00f3 el ingreso a su habitaci\u00f3n de un grupo de personas superior a 10, entre los cuales se encontraban adultos y menores de edad, procediendo a poner m\u00fasica con alto volumen, consumo de bebidas alcoh\u00f3licas, gritos y des\u00f3rdenes\u201d.<\/p>\n<p>A ra\u00edz de lo anterior y tras un llamado a Carabineros, el imputado menor de edad se abalanz\u00f3 sobre un oficial, agredi\u00e9ndolo con un objeto met\u00e1lico en el rostro, provoc\u00e1ndole diversas heridas. Tras esto, fue lesionado con golpes de pie y pu\u00f1o por quienes estaban al interior de la habitaci\u00f3n, siendo auxiliado por otros dos funcionarios policiales, quienes tambi\u00e9n resultaron con heridas. Incluso uno de los funcionarios policiales fue herido con una botella en la cabeza resultando con un tec cerrado.<\/p>\n<p>En este caso y mientras se desarrolla la investigaci\u00f3n, cuyo plazo fue fijado en 60 d\u00edas por la juez Florentina Rezuc, ambos imputados quedaron sujeto a la medida cautelar de arresto domiciliario nocturno, la cual podr\u00eda modificarse a una m\u00e1s gravosa si es que no cumplen con las condiciones. Por su parte, la defensa de los imputados estuvo a cargo de abogados de la defensor\u00eda Penal P\u00fablica.<\/p>\n<\/div>\n<\/div>\n<\/div><\/section><\/div>\n<div  style='height:50px' class='hr hr-invisible   avia-builder-el-6  el_after_av_one_full  el_before_av_social_share '><span class='hr-inner ' ><span class='hr-inner-style'><\/span><\/span><\/div>\n<div  class='av-social-sharing-box  avia-builder-el-7  el_after_av_hr  el_before_av_hr  '><div class='av-share-box'><h5 class='av-share-link-description av-no-toc '>Compartir esta noticia<\/h5><ul class='av-share-box-list noLightbox'><li class='av-share-link av-social-link-facebook' ><a target=\"_blank\" aria-label=\"Compartir en Facebook\" href='https:\/\/www.facebook.com\/sharer.php?u=https:\/\/radiorevelacionfm.cl\/?p=3216&#038;t=En%20Coyhaique%20formalizan%20a%20imputados%20por%20fiesta%20clandestina%20y%20agresi%C3%B3n%20a%20Carabineros' aria-hidden='false' data-av_icon='\ue8f3' data-av_iconfont='entypo-fontello' title='' data-avia-related-tooltip='Compartir en Facebook' rel=\"noopener\"><span class='avia_hidden_link_text'>Compartir en Facebook<\/span><\/a><\/li><li class='av-share-link av-social-link-twitter' ><a target=\"_blank\" aria-label=\"Compartir en Twitter\" href='https:\/\/twitter.com\/share?text=En%20Coyhaique%20formalizan%20a%20imputados%20por%20fiesta%20clandestina%20y%20agresi%C3%B3n%20a%20Carabineros&#038;url=https:\/\/radiorevelacionfm.cl\/?p=3216' aria-hidden='false' data-av_icon='\ue8f1' data-av_iconfont='entypo-fontello' title='' data-avia-related-tooltip='Compartir en Twitter' rel=\"noopener\"><span class='avia_hidden_link_text'>Compartir en Twitter<\/span><\/a><\/li><li class='av-share-link av-social-link-whatsapp' ><a target=\"_blank\" aria-label=\"Compartir en Whatsapp\" href='https:\/\/api.whatsapp.com\/send?text=https:\/\/radiorevelacionfm.cl\/?p=3216' aria-hidden='false' data-av_icon='\uf232' data-av_iconfont='entypo-fontello' title='' data-avia-related-tooltip='Compartir en Whatsapp' rel=\"noopener\"><span class='avia_hidden_link_text'>Compartir en Whatsapp<\/span><\/a><\/li><li class='av-share-link av-social-link-linkedin' ><a target=\"_blank\" aria-label=\"Compartir en LinkedIn\" href='https:\/\/linkedin.com\/shareArticle?mini=true&#038;title=En%20Coyhaique%20formalizan%20a%20imputados%20por%20fiesta%20clandestina%20y%20agresi%C3%B3n%20a%20Carabineros&#038;url=https:\/\/radiorevelacionfm.cl\/?p=3216' aria-hidden='false' data-av_icon='\ue8fc' data-av_iconfont='entypo-fontello' title='' data-avia-related-tooltip='Compartir en LinkedIn' rel=\"noopener\"><span class='avia_hidden_link_text'>Compartir en LinkedIn<\/span><\/a><\/li><li class='av-share-link av-social-link-mail' ><a  aria-label=\"Compartir por correo\" href='mailto:?subject=En%20Coyhaique%20formalizan%20a%20imputados%20por%20fiesta%20clandestina%20y%20agresi%C3%B3n%20a%20Carabineros&#038;body=https:\/\/radiorevelacionfm.cl\/?p=3216' aria-hidden='false' data-av_icon='\ue805' data-av_iconfont='entypo-fontello' title='' data-avia-related-tooltip='Compartir por correo'><span class='avia_hidden_link_text'>Compartir por correo<\/span><\/a><\/li><\/ul><\/div><\/div>\n<div  style='height:50px' class='hr hr-invisible   avia-builder-el-8  el_after_av_social_share  el_before_av_comments_list '><span class='hr-inner ' ><span class='hr-inner-style'><\/span><\/span><\/div>\n<div  class='av-buildercomment  av-blog-meta-html-info-disabled av-blog-meta-tag-disabled  '><\/div>\n","protected":false},"excerpt":{"rendered":"","protected":false},"author":1,"featured_media":3219,"comment_status":"open","ping_status":"open","sticky":false,"template":"","format":"standard","meta":{"footnotes":""},"categories":[36],"tags":[],"class_list":["post-3216","post","type-post","status-publish","format-standard","has-post-thumbnail","hentry","category-policial"],"jetpack_featured_media_url":"https:\/\/radiorevelacionfm.cl\/wp-content\/uploads\/2021\/04\/carabineros-noche-1.jpg","_links":{"self":[{"href":"https:\/\/radiorevelacionfm.cl\/index.php?rest_route=\/wp\/v2\/posts\/3216","targetHints":{"allow":["GET"]}}],"collection":[{"href":"https:\/\/radiorevelacionfm.cl\/index.php?rest_route=\/wp\/v2\/posts"}],"about":[{"href":"https:\/\/radiorevelacionfm.cl\/index.php?rest_route=\/wp\/v2\/types\/post"}],"author":[{"embeddable":true,"href":"https:\/\/radiorevelacionfm.cl\/index.php?rest_route=\/wp\/v2\/users\/1"}],"replies":[{"embeddable":true,"href":"https:\/\/radiorevelacionfm.cl\/index.php?rest_route=%2Fwp%2Fv2%2Fcomments&post=3216"}],"version-history":[{"count":3,"href":"https:\/\/radiorevelacionfm.cl\/index.php?rest_route=\/wp\/v2\/posts\/3216\/revisions"}],"predecessor-version":[{"id":3221,"href":"https:\/\/radiorevelacionfm.cl\/index.php?rest_route=\/wp\/v2\/posts\/3216\/revisions\/3221"}],"wp:featuredmedia":[{"embeddable":true,"href":"https:\/\/radiorevelacionfm.cl\/index.php?rest_route=\/wp\/v2\/media\/3219"}],"wp:attachment":[{"href":"https:\/\/radiorevelacionfm.cl\/index.php?rest_route=%2Fwp%2Fv2%2Fmedia&parent=3216"}],"wp:term":[{"taxonomy":"category","embeddable":true,"href":"https:\/\/radiorevelacionfm.cl\/index.php?rest_route=%2Fwp%2Fv2%2Fcategories&post=3216"},{"taxonomy":"post_tag","embeddable":true,"href":"https:\/\/radiorevelacionfm.cl\/index.php?rest_route=%2Fwp%2Fv2%2Ftags&post=3216"}],"curies":[{"name":"wp","href":"https:\/\/api.w.org\/{rel}","templated":true}]}}