{"id":32138,"date":"2023-06-16T21:55:33","date_gmt":"2023-06-17T00:55:33","guid":{"rendered":"https:\/\/radiorevelacionfm.cl\/?p=32138"},"modified":"2023-06-16T21:55:33","modified_gmt":"2023-06-17T00:55:33","slug":"realizan-reunion-para-coordinar-actividades-de-fiestas-patrias-en-villa-manihuales","status":"publish","type":"post","link":"https:\/\/radiorevelacionfm.cl\/?p=32138","title":{"rendered":"Realizan reuni\u00f3n para coordinar actividades de Fiestas Patrias en Villa Ma\u00f1ihuales"},"content":{"rendered":"<div class=\"flex_column av_one_full  flex_column_div av-zero-column-padding first  avia-builder-el-0  el_before_av_one_full  avia-builder-el-first  \" style='border-radius:0px; '><div  class='avia-image-container  av-styling-    avia-builder-el-1  avia-builder-el-no-sibling  avia-align-center '  itemprop=\"image\" itemscope=\"itemscope\" itemtype=\"https:\/\/schema.org\/ImageObject\"  ><div class='avia-image-container-inner'><div class='avia-image-overlay-wrap'><img decoding=\"async\" class='wp-image-32139 avia-img-lazy-loading-not-32139 avia_image' src=\"https:\/\/radiorevelacionfm.cl\/wp-content\/uploads\/2023\/06\/Fotografia-10-1-2.jpg\" alt='' title='Fotograf\u00eda (10) (1) (2)' height=\"600\" width=\"1106\"  itemprop=\"thumbnailUrl\" srcset=\"https:\/\/radiorevelacionfm.cl\/wp-content\/uploads\/2023\/06\/Fotografia-10-1-2.jpg 1106w, https:\/\/radiorevelacionfm.cl\/wp-content\/uploads\/2023\/06\/Fotografia-10-1-2-300x163.jpg 300w, https:\/\/radiorevelacionfm.cl\/wp-content\/uploads\/2023\/06\/Fotografia-10-1-2-1030x559.jpg 1030w, https:\/\/radiorevelacionfm.cl\/wp-content\/uploads\/2023\/06\/Fotografia-10-1-2-768x417.jpg 768w, https:\/\/radiorevelacionfm.cl\/wp-content\/uploads\/2023\/06\/Fotografia-10-1-2-705x382.jpg 705w, https:\/\/radiorevelacionfm.cl\/wp-content\/uploads\/2023\/06\/Fotografia-10-1-2-450x244.jpg 450w, https:\/\/radiorevelacionfm.cl\/wp-content\/uploads\/2023\/06\/Fotografia-10-1-2-600x325.jpg 600w\" sizes=\"(max-width: 1106px) 100vw, 1106px\" \/><\/div><\/div><\/div><\/div><div class=\"flex_column av_one_full  flex_column_div av-zero-column-padding first  avia-builder-el-2  el_after_av_one_full  el_before_av_one_full  column-top-margin\" style='border-radius:0px; '><section class=\"av_textblock_section \"  itemscope=\"itemscope\" itemtype=\"https:\/\/schema.org\/BlogPosting\" itemprop=\"blogPost\" ><div class='avia_textblock  '   itemprop=\"text\" ><p style=\"text-align: center;\"><strong><span style=\"font-size: 18pt;\">Realizan reuni\u00f3n para coordinar actividades de Fiestas Patrias en Villa Ma\u00f1ihuales<\/span><\/strong><\/p>\n<div id=\"gtx-trans\" style=\"position: absolute; left: -50px; top: 4.31534px;\">\n<div class=\"gtx-trans-icon\"><\/div>\n<\/div>\n<\/div><\/section><\/div><div class=\"flex_column av_one_full  flex_column_div av-zero-column-padding first  avia-builder-el-4  el_after_av_one_full  el_before_av_hr  column-top-margin\" style='border-radius:0px; '><section class=\"av_textblock_section \"  itemscope=\"itemscope\" itemtype=\"https:\/\/schema.org\/BlogPosting\" itemprop=\"blogPost\" ><div class='avia_textblock  '   itemprop=\"text\" ><p style=\"text-align: justify;\">La Ilustre Municipalidad de Ays\u00e9n contin\u00faa con su labor de planificaci\u00f3n de actividades para las Fiestas Patrias 2023. En esta ocasi\u00f3n, se ha convocado a la comunidad de Villa Ma\u00f1ihuales a participar en una reuni\u00f3n informativa. La instancia se llev\u00f3 a cabo el jueves 15 de junio a las 16:00 en la Biblioteca P\u00fablica de Villa Ma\u00f1ihuales.<\/p>\n<p style=\"text-align: justify;\">El alcalde de Ays\u00e9n, Julio Uribe Alvarado, realiz\u00f3 un especial llamado a las y los residentes de Villa Ma\u00f1ihuales y a aquellos interesados en formar parte de las actividades del 18 de septiembre; destacando la importancia de crear espacios de participaci\u00f3n que est\u00e9n en sinton\u00eda con las expectativas de la comunidad, con el objetivo de organizar una amplia variedad de actividades, incluyendo ramadas y otras festividades.<\/p>\n<p style=\"text-align: justify;\">En la reuni\u00f3n llevada a cabo con vecinas y vecinos de la localidad, se proporcionaron detalles sobre c\u00f3mo postular y trabajar durante el evento, incluyendo los plazos y requisitos para presentar la documentaci\u00f3n necesaria.<\/p>\n<p style=\"text-align: justify;\">Paola Llancalahuen, tesorera de la Junta de Vecinos del sector Chacra, expres\u00f3 su satisfacci\u00f3n por la realizaci\u00f3n de la primera reuni\u00f3n informativa por la planificaci\u00f3n de Fiestas Patrias 2023, as\u00ed como manifest\u00f3 su deseo de que en futuras reuniones se sumen m\u00e1s vecinos y organizaciones interesadas en llevar adelante las fiestas patrias de la localidad. Llancalahuen, hizo hincapi\u00e9 en la importancia de recuperar espacios para las fondas, las ramadas y otras actividades tradicionales del 18 de septiembre.<\/p>\n<p style=\"text-align: justify;\">Por su parte, Benicio S\u00e1nchez, presidente del Club de Rodeo Chileno de Villa Ma\u00f1ihuales, resalt\u00f3 la importancia de las fiestas patrias y el compromiso de los huasos a participar y realizar actividades en beneficio de la comunidad, destacando que en esta primera reuni\u00f3n se permiti\u00f3 comenzar a dise\u00f1ar un programa para unas fiestas patrias atractivas y en condiciones adecuadas.<\/p>\n<p style=\"text-align: justify;\">El administrador municipal de la Ilustre Municipalidad de Ays\u00e9n, \u00d3scar Az\u00f3car, agradeci\u00f3 la presencia de vecinas y vecinos en la primera reuni\u00f3n de coordinaci\u00f3n y planificaci\u00f3n. Asimismo, destac\u00f3 el respeto y las sugerencias planteadas por la comunidad, invitando a una nueva reuni\u00f3n informativa el d\u00eda lunes 10 de julio a las 17:00 horas en el segundo piso de la Biblioteca Municipal de Villa Ma\u00f1ihuales.<\/p>\n<\/div><\/section><\/div><div  style='height:50px' class='hr hr-invisible   avia-builder-el-6  el_after_av_one_full  el_before_av_social_share '><span class='hr-inner ' ><span class='hr-inner-style'><\/span><\/span><\/div><\/p>\n<div  class='av-social-sharing-box  avia-builder-el-7  el_after_av_hr  el_before_av_hr  '><div class='av-share-box'><h5 class='av-share-link-description av-no-toc '>Compartir esta noticia<\/h5><ul class='av-share-box-list noLightbox'><li class='av-share-link av-social-link-facebook' ><a target=\"_blank\" aria-label=\"Compartir en Facebook\" href='https:\/\/www.facebook.com\/sharer.php?u=https:\/\/radiorevelacionfm.cl\/?p=32138&#038;t=Realizan%20reuni%C3%B3n%20para%20coordinar%20actividades%20de%20Fiestas%20Patrias%20en%20Villa%20Ma%C3%B1ihuales' aria-hidden='false' data-av_icon='\ue8f3' data-av_iconfont='entypo-fontello' title='' data-avia-related-tooltip='Compartir en Facebook' rel=\"noopener\"><span class='avia_hidden_link_text'>Compartir en Facebook<\/span><\/a><\/li><li class='av-share-link av-social-link-twitter' ><a target=\"_blank\" aria-label=\"Compartir en Twitter\" href='https:\/\/twitter.com\/share?text=Realizan%20reuni%C3%B3n%20para%20coordinar%20actividades%20de%20Fiestas%20Patrias%20en%20Villa%20Ma%C3%B1ihuales&#038;url=https:\/\/radiorevelacionfm.cl\/?p=32138' aria-hidden='false' data-av_icon='\ue8f1' data-av_iconfont='entypo-fontello' title='' data-avia-related-tooltip='Compartir en Twitter' rel=\"noopener\"><span class='avia_hidden_link_text'>Compartir en Twitter<\/span><\/a><\/li><li class='av-share-link av-social-link-whatsapp' ><a target=\"_blank\" aria-label=\"Compartir en Whatsapp\" href='https:\/\/api.whatsapp.com\/send?text=https:\/\/radiorevelacionfm.cl\/?p=32138' aria-hidden='false' data-av_icon='\uf232' data-av_iconfont='entypo-fontello' title='' data-avia-related-tooltip='Compartir en Whatsapp' rel=\"noopener\"><span class='avia_hidden_link_text'>Compartir en Whatsapp<\/span><\/a><\/li><li class='av-share-link av-social-link-linkedin' ><a target=\"_blank\" aria-label=\"Compartir en LinkedIn\" href='https:\/\/linkedin.com\/shareArticle?mini=true&#038;title=Realizan%20reuni%C3%B3n%20para%20coordinar%20actividades%20de%20Fiestas%20Patrias%20en%20Villa%20Ma%C3%B1ihuales&#038;url=https:\/\/radiorevelacionfm.cl\/?p=32138' aria-hidden='false' data-av_icon='\ue8fc' data-av_iconfont='entypo-fontello' title='' data-avia-related-tooltip='Compartir en LinkedIn' rel=\"noopener\"><span class='avia_hidden_link_text'>Compartir en LinkedIn<\/span><\/a><\/li><li class='av-share-link av-social-link-mail' ><a  aria-label=\"Compartir por correo\" href='mailto:?subject=Realizan%20reuni%C3%B3n%20para%20coordinar%20actividades%20de%20Fiestas%20Patrias%20en%20Villa%20Ma%C3%B1ihuales&#038;body=https:\/\/radiorevelacionfm.cl\/?p=32138' aria-hidden='false' data-av_icon='\ue805' data-av_iconfont='entypo-fontello' title='' data-avia-related-tooltip='Compartir por correo'><span class='avia_hidden_link_text'>Compartir por correo<\/span><\/a><\/li><\/ul><\/div><\/div>\n<div  style='height:50px' class='hr hr-invisible   avia-builder-el-8  el_after_av_social_share  el_before_av_comments_list '><span class='hr-inner ' ><span class='hr-inner-style'><\/span><\/span><\/div>\n<div  class='av-buildercomment  av-blog-meta-html-info-disabled av-blog-meta-tag-disabled  '><\/div>\n","protected":false},"excerpt":{"rendered":"","protected":false},"author":1,"featured_media":32139,"comment_status":"open","ping_status":"open","sticky":false,"template":"","format":"standard","meta":{"footnotes":""},"categories":[38],"tags":[],"class_list":["post-32138","post","type-post","status-publish","format-standard","has-post-thumbnail","hentry","category-regional"],"jetpack_featured_media_url":"https:\/\/radiorevelacionfm.cl\/wp-content\/uploads\/2023\/06\/Fotografia-10-1-2.jpg","_links":{"self":[{"href":"https:\/\/radiorevelacionfm.cl\/index.php?rest_route=\/wp\/v2\/posts\/32138","targetHints":{"allow":["GET"]}}],"collection":[{"href":"https:\/\/radiorevelacionfm.cl\/index.php?rest_route=\/wp\/v2\/posts"}],"about":[{"href":"https:\/\/radiorevelacionfm.cl\/index.php?rest_route=\/wp\/v2\/types\/post"}],"author":[{"embeddable":true,"href":"https:\/\/radiorevelacionfm.cl\/index.php?rest_route=\/wp\/v2\/users\/1"}],"replies":[{"embeddable":true,"href":"https:\/\/radiorevelacionfm.cl\/index.php?rest_route=%2Fwp%2Fv2%2Fcomments&post=32138"}],"version-history":[{"count":1,"href":"https:\/\/radiorevelacionfm.cl\/index.php?rest_route=\/wp\/v2\/posts\/32138\/revisions"}],"predecessor-version":[{"id":32140,"href":"https:\/\/radiorevelacionfm.cl\/index.php?rest_route=\/wp\/v2\/posts\/32138\/revisions\/32140"}],"wp:featuredmedia":[{"embeddable":true,"href":"https:\/\/radiorevelacionfm.cl\/index.php?rest_route=\/wp\/v2\/media\/32139"}],"wp:attachment":[{"href":"https:\/\/radiorevelacionfm.cl\/index.php?rest_route=%2Fwp%2Fv2%2Fmedia&parent=32138"}],"wp:term":[{"taxonomy":"category","embeddable":true,"href":"https:\/\/radiorevelacionfm.cl\/index.php?rest_route=%2Fwp%2Fv2%2Fcategories&post=32138"},{"taxonomy":"post_tag","embeddable":true,"href":"https:\/\/radiorevelacionfm.cl\/index.php?rest_route=%2Fwp%2Fv2%2Ftags&post=32138"}],"curies":[{"name":"wp","href":"https:\/\/api.w.org\/{rel}","templated":true}]}}