{"id":32130,"date":"2023-06-16T16:46:23","date_gmt":"2023-06-16T19:46:23","guid":{"rendered":"https:\/\/radiorevelacionfm.cl\/?p=32130"},"modified":"2023-06-16T16:52:43","modified_gmt":"2023-06-16T19:52:43","slug":"corte-de-coyhaique-realiza-conversatorio-para-profundizar-conocimientos-sobre-nueva-normativa-del-trastorno-del-espectro-autista","status":"publish","type":"post","link":"https:\/\/radiorevelacionfm.cl\/?p=32130","title":{"rendered":"Corte de Coyhaique realiza conversatorio para profundizar conocimientos sobre nueva normativa de trastorno del espectro autista"},"content":{"rendered":"<div class=\"flex_column av_one_full  flex_column_div av-zero-column-padding first  avia-builder-el-0  el_before_av_one_full  avia-builder-el-first  \" style='border-radius:0px; '><div  class='avia-image-container  av-styling-    avia-builder-el-1  avia-builder-el-no-sibling  avia-align-center '  itemprop=\"image\" itemscope=\"itemscope\" itemtype=\"https:\/\/schema.org\/ImageObject\"  ><div class='avia-image-container-inner'><div class='avia-image-overlay-wrap'><img decoding=\"async\" class='wp-image-32133 avia-img-lazy-loading-not-32133 avia_image' src=\"https:\/\/radiorevelacionfm.cl\/wp-content\/uploads\/2023\/06\/foto-general-conversatorio-1_optimized-1_optimized.jpg\" alt='' title='foto-general-conversatorio-(1)_optimized-(1)_optimized' height=\"600\" width=\"1067\"  itemprop=\"thumbnailUrl\" srcset=\"https:\/\/radiorevelacionfm.cl\/wp-content\/uploads\/2023\/06\/foto-general-conversatorio-1_optimized-1_optimized.jpg 1067w, https:\/\/radiorevelacionfm.cl\/wp-content\/uploads\/2023\/06\/foto-general-conversatorio-1_optimized-1_optimized-300x169.jpg 300w, https:\/\/radiorevelacionfm.cl\/wp-content\/uploads\/2023\/06\/foto-general-conversatorio-1_optimized-1_optimized-1030x579.jpg 1030w, https:\/\/radiorevelacionfm.cl\/wp-content\/uploads\/2023\/06\/foto-general-conversatorio-1_optimized-1_optimized-768x432.jpg 768w, https:\/\/radiorevelacionfm.cl\/wp-content\/uploads\/2023\/06\/foto-general-conversatorio-1_optimized-1_optimized-705x396.jpg 705w, https:\/\/radiorevelacionfm.cl\/wp-content\/uploads\/2023\/06\/foto-general-conversatorio-1_optimized-1_optimized-450x253.jpg 450w, https:\/\/radiorevelacionfm.cl\/wp-content\/uploads\/2023\/06\/foto-general-conversatorio-1_optimized-1_optimized-600x337.jpg 600w\" sizes=\"(max-width: 1067px) 100vw, 1067px\" \/><\/div><\/div><\/div><\/div>\n<div class=\"flex_column av_one_full  flex_column_div av-zero-column-padding first  avia-builder-el-2  el_after_av_one_full  el_before_av_one_full  column-top-margin\" style='border-radius:0px; '><section class=\"av_textblock_section \"  itemscope=\"itemscope\" itemtype=\"https:\/\/schema.org\/BlogPosting\" itemprop=\"blogPost\" ><div class='avia_textblock  '   itemprop=\"text\" ><p style=\"text-align: center;\"><strong><span style=\"font-size: 18pt;\">Corte de Coyhaique realiza conversatorio para profundizar conocimientos sobre nueva normativa de trastorno del espectro autista<\/span><\/strong><\/p>\n<div id=\"gtx-trans\" style=\"position: absolute; left: -50px; top: 4.31534px;\">\n<div class=\"gtx-trans-icon\"><\/div>\n<\/div>\n<\/div><\/section><\/div><div class=\"flex_column av_one_full  flex_column_div av-zero-column-padding first  avia-builder-el-4  el_after_av_one_full  el_before_av_hr  column-top-margin\" style='border-radius:0px; '><section class=\"av_textblock_section \"  itemscope=\"itemscope\" itemtype=\"https:\/\/schema.org\/BlogPosting\" itemprop=\"blogPost\" ><div class='avia_textblock  '   itemprop=\"text\" ><p class=\"v1MsoNormal\" style=\"text-align: justify;\">Con la participaci\u00f3n de m\u00e1s de 80 funcionarios, jueces y ministros de la jurisdicci\u00f3n Coyhaique, se realiz\u00f3 este jueves 15 de junio, un conversatorio respecto a la Ley 21.545, m\u00e1s conocida como Ley de Trastorno del Espectro autista, TEA.<\/p>\n<p class=\"v1MsoNormal\" style=\"text-align: justify;\">La instancia fue encabezada por el presidente de la Corte de Apelaciones de Coyhaique, Jos\u00e9 Ignacio Mora; y por los ministros Natalia Rencoret y Luis Aedo. Las exposiciones estuvieron a cargo de Damary Raipill\u00e1n, abogada con condici\u00f3n de espectro autista y activista de los derechos de las personas neurodivergentes y \u00a0Roberto Haro, presidente y fundador de la Asociaci\u00f3n Asperger Patagonia.<\/p>\n<p class=\"v1MsoNormal\" style=\"text-align: justify;\">\u00abCreemos que conocer, comprender y poner en pr\u00e1ctica esta nueva normativa ser\u00e1 clave para tener una justicia mucho m\u00e1s cercana con nuestras comunidades y, por ende, con todos los usuarios del sistema de justicia, en cualquiera de sus materias. Esta instancia nace a ra\u00edz de la necesidad de capacitarnos respecto a esta Ley, que fue promulgada el pasado 10 de marzo y que busca generar dignidad e igualdad para todas las personas, m\u00e1s all\u00e1 de cada situaci\u00f3n en particular\u00bb, sostuvo el ministro Jos\u00e9 Ignacio Mora.<\/p>\n<p class=\"v1MsoNormal\" style=\"text-align: justify;\">A\u00f1adi\u00f3 que: \u00abCreemos que esta jornada nos conducir\u00e1 por un mejor camino, uno que poco a poco ir\u00e1 generando una sociedad mucho m\u00e1s inclusiva. Y sin duda, eso aportar\u00e1 a la paz social y a la igualdad que, como Poder Judicial, estamos llamados a garantizar\u00bb.<\/p>\n<p class=\"v1MsoNormal\" style=\"text-align: justify;\">Por su parte, Damary Raipill\u00e1n indic\u00f3 que: \u00abFue una oportunidad \u00fanica que no solo dio pie para conocer el texto de la Ley 21.545, sino que tambi\u00e9n para conocer sobre el autismo en primera persona, as\u00ed como las dificultades que trae consigo esta ley y los desaf\u00edos que implica para todos los \u00f3rganos y poderes del Estado, as\u00ed como para todos los miembros de nuestra sociedad, a fin de trabajar por una sociedad m\u00e1s inclusiva para las personas con autismo\u00bb.<\/p>\n<p class=\"v1MsoNormal\" style=\"text-align: justify;\">En tanto, Roberto Haro manifest\u00f3 que: \u00abPrimero, dar las gracias a la Corte de Apelaciones de Coyhaique, que nos ha dado la oportunidad de poder exponer desde la mirada de la sociedad civil sobre la nueva ley de autismo. Tambi\u00e9n para poder transmitir nuestras inquietudes y lo que se puede mejorar en materia de acceso a la justicia y c\u00f3mo podemos realizar estas alianzas entre los diversos tribunales y la sociedad civil. Ha sido una jornada de entendimiento y reflexi\u00f3n\u00bb.<\/p>\n<p class=\"v1MsoNormal\" style=\"text-align: justify;\">La jornada concluy\u00f3 con diversas consultas a los expositores, respecto de los protocolos en el trabajo integral de los ni\u00f1os, ni\u00f1as y adolescentes con TEA, el apoyo de los programas PIE escolar, y tambi\u00e9n c\u00f3mo identificar a una persona con esta condici\u00f3n y cu\u00e1l es la mejor manera de abordarla al presentar su inquietud al asistir a un tribunal.<\/p>\n<\/div><\/section><\/div><\/p>\n<div  style='height:50px' class='hr hr-invisible   avia-builder-el-6  el_after_av_one_full  el_before_av_social_share '><span class='hr-inner ' ><span class='hr-inner-style'><\/span><\/span><\/div>\n<div  class='av-social-sharing-box  avia-builder-el-7  el_after_av_hr  el_before_av_hr  '><div class='av-share-box'><h5 class='av-share-link-description av-no-toc '>Compartir esta noticia<\/h5><ul class='av-share-box-list noLightbox'><li class='av-share-link av-social-link-facebook' ><a target=\"_blank\" aria-label=\"Compartir en Facebook\" href='https:\/\/www.facebook.com\/sharer.php?u=https:\/\/radiorevelacionfm.cl\/?p=32130&#038;t=Corte%20de%20Coyhaique%20realiza%20conversatorio%20para%20profundizar%20conocimientos%20sobre%20nueva%20normativa%20de%20trastorno%20del%20espectro%20autista' aria-hidden='false' data-av_icon='\ue8f3' data-av_iconfont='entypo-fontello' title='' data-avia-related-tooltip='Compartir en Facebook' rel=\"noopener\"><span class='avia_hidden_link_text'>Compartir en Facebook<\/span><\/a><\/li><li class='av-share-link av-social-link-twitter' ><a target=\"_blank\" aria-label=\"Compartir en Twitter\" href='https:\/\/twitter.com\/share?text=Corte%20de%20Coyhaique%20realiza%20conversatorio%20para%20profundizar%20conocimientos%20sobre%20nueva%20normativa%20de%20trastorno%20del%20espectro%20autista&#038;url=https:\/\/radiorevelacionfm.cl\/?p=32130' aria-hidden='false' data-av_icon='\ue8f1' data-av_iconfont='entypo-fontello' title='' data-avia-related-tooltip='Compartir en Twitter' rel=\"noopener\"><span class='avia_hidden_link_text'>Compartir en Twitter<\/span><\/a><\/li><li class='av-share-link av-social-link-whatsapp' ><a target=\"_blank\" aria-label=\"Compartir en Whatsapp\" href='https:\/\/api.whatsapp.com\/send?text=https:\/\/radiorevelacionfm.cl\/?p=32130' aria-hidden='false' data-av_icon='\uf232' data-av_iconfont='entypo-fontello' title='' data-avia-related-tooltip='Compartir en Whatsapp' rel=\"noopener\"><span class='avia_hidden_link_text'>Compartir en Whatsapp<\/span><\/a><\/li><li class='av-share-link av-social-link-linkedin' ><a target=\"_blank\" aria-label=\"Compartir en LinkedIn\" href='https:\/\/linkedin.com\/shareArticle?mini=true&#038;title=Corte%20de%20Coyhaique%20realiza%20conversatorio%20para%20profundizar%20conocimientos%20sobre%20nueva%20normativa%20de%20trastorno%20del%20espectro%20autista&#038;url=https:\/\/radiorevelacionfm.cl\/?p=32130' aria-hidden='false' data-av_icon='\ue8fc' data-av_iconfont='entypo-fontello' title='' data-avia-related-tooltip='Compartir en LinkedIn' rel=\"noopener\"><span class='avia_hidden_link_text'>Compartir en LinkedIn<\/span><\/a><\/li><li class='av-share-link av-social-link-mail' ><a  aria-label=\"Compartir por correo\" href='mailto:?subject=Corte%20de%20Coyhaique%20realiza%20conversatorio%20para%20profundizar%20conocimientos%20sobre%20nueva%20normativa%20de%20trastorno%20del%20espectro%20autista&#038;body=https:\/\/radiorevelacionfm.cl\/?p=32130' aria-hidden='false' data-av_icon='\ue805' data-av_iconfont='entypo-fontello' title='' data-avia-related-tooltip='Compartir por correo'><span class='avia_hidden_link_text'>Compartir por correo<\/span><\/a><\/li><\/ul><\/div><\/div>\n<div  style='height:50px' class='hr hr-invisible   avia-builder-el-8  el_after_av_social_share  el_before_av_comments_list '><span class='hr-inner ' ><span class='hr-inner-style'><\/span><\/span><\/div>\n<div  class='av-buildercomment  av-blog-meta-html-info-disabled av-blog-meta-tag-disabled  '><\/div>\n","protected":false},"excerpt":{"rendered":"","protected":false},"author":1,"featured_media":32133,"comment_status":"open","ping_status":"open","sticky":false,"template":"","format":"standard","meta":{"footnotes":""},"categories":[55],"tags":[],"class_list":["post-32130","post","type-post","status-publish","format-standard","has-post-thumbnail","hentry","category-justicia"],"jetpack_featured_media_url":"https:\/\/radiorevelacionfm.cl\/wp-content\/uploads\/2023\/06\/foto-general-conversatorio-1_optimized-1_optimized.jpg","_links":{"self":[{"href":"https:\/\/radiorevelacionfm.cl\/index.php?rest_route=\/wp\/v2\/posts\/32130","targetHints":{"allow":["GET"]}}],"collection":[{"href":"https:\/\/radiorevelacionfm.cl\/index.php?rest_route=\/wp\/v2\/posts"}],"about":[{"href":"https:\/\/radiorevelacionfm.cl\/index.php?rest_route=\/wp\/v2\/types\/post"}],"author":[{"embeddable":true,"href":"https:\/\/radiorevelacionfm.cl\/index.php?rest_route=\/wp\/v2\/users\/1"}],"replies":[{"embeddable":true,"href":"https:\/\/radiorevelacionfm.cl\/index.php?rest_route=%2Fwp%2Fv2%2Fcomments&post=32130"}],"version-history":[{"count":4,"href":"https:\/\/radiorevelacionfm.cl\/index.php?rest_route=\/wp\/v2\/posts\/32130\/revisions"}],"predecessor-version":[{"id":32144,"href":"https:\/\/radiorevelacionfm.cl\/index.php?rest_route=\/wp\/v2\/posts\/32130\/revisions\/32144"}],"wp:featuredmedia":[{"embeddable":true,"href":"https:\/\/radiorevelacionfm.cl\/index.php?rest_route=\/wp\/v2\/media\/32133"}],"wp:attachment":[{"href":"https:\/\/radiorevelacionfm.cl\/index.php?rest_route=%2Fwp%2Fv2%2Fmedia&parent=32130"}],"wp:term":[{"taxonomy":"category","embeddable":true,"href":"https:\/\/radiorevelacionfm.cl\/index.php?rest_route=%2Fwp%2Fv2%2Fcategories&post=32130"},{"taxonomy":"post_tag","embeddable":true,"href":"https:\/\/radiorevelacionfm.cl\/index.php?rest_route=%2Fwp%2Fv2%2Ftags&post=32130"}],"curies":[{"name":"wp","href":"https:\/\/api.w.org\/{rel}","templated":true}]}}