{"id":32127,"date":"2023-06-16T15:08:36","date_gmt":"2023-06-16T18:08:36","guid":{"rendered":"https:\/\/radiorevelacionfm.cl\/?p=32127"},"modified":"2023-06-16T15:08:36","modified_gmt":"2023-06-16T18:08:36","slug":"diputado-calisto-se-reune-con-trabajadores-de-las-industrias-acuicolas-para-coordinar-trabajo-en-conjunto-de-cara-a-proximos-desafios-legislativos","status":"publish","type":"post","link":"https:\/\/radiorevelacionfm.cl\/?p=32127","title":{"rendered":"Diputado Calisto se re\u00fane con trabajadores de las industrias acu\u00edcolas para coordinar trabajo en conjunto de cara a pr\u00f3ximos desaf\u00edos legislativos"},"content":{"rendered":"<div class=\"flex_column av_one_full  flex_column_div av-zero-column-padding first  avia-builder-el-0  el_before_av_one_full  avia-builder-el-first  \" style='border-radius:0px; '><div  class='avia-image-container  av-styling-    avia-builder-el-1  avia-builder-el-no-sibling  avia-align-center '  itemprop=\"image\" itemscope=\"itemscope\" itemtype=\"https:\/\/schema.org\/ImageObject\"  ><div class='avia-image-container-inner'><div class='avia-image-overlay-wrap'><img decoding=\"async\" class='wp-image-32128 avia-img-lazy-loading-not-32128 avia_image' src=\"https:\/\/radiorevelacionfm.cl\/wp-content\/uploads\/2023\/06\/foto-reuniOn-dirigentes-acuIcolas-1_optimized-1.jpeg\" alt='' title='foto-reuni\u00d3n-dirigentes-acu\u00cdcolas-(1)_optimized (1)' height=\"600\" width=\"901\"  itemprop=\"thumbnailUrl\" srcset=\"https:\/\/radiorevelacionfm.cl\/wp-content\/uploads\/2023\/06\/foto-reuniOn-dirigentes-acuIcolas-1_optimized-1.jpeg 901w, https:\/\/radiorevelacionfm.cl\/wp-content\/uploads\/2023\/06\/foto-reuniOn-dirigentes-acuIcolas-1_optimized-1-300x200.jpeg 300w, https:\/\/radiorevelacionfm.cl\/wp-content\/uploads\/2023\/06\/foto-reuniOn-dirigentes-acuIcolas-1_optimized-1-768x511.jpeg 768w, https:\/\/radiorevelacionfm.cl\/wp-content\/uploads\/2023\/06\/foto-reuniOn-dirigentes-acuIcolas-1_optimized-1-705x469.jpeg 705w, https:\/\/radiorevelacionfm.cl\/wp-content\/uploads\/2023\/06\/foto-reuniOn-dirigentes-acuIcolas-1_optimized-1-450x300.jpeg 450w, https:\/\/radiorevelacionfm.cl\/wp-content\/uploads\/2023\/06\/foto-reuniOn-dirigentes-acuIcolas-1_optimized-1-600x400.jpeg 600w\" sizes=\"(max-width: 901px) 100vw, 901px\" \/><\/div><\/div><\/div><\/div><div class=\"flex_column av_one_full  flex_column_div av-zero-column-padding first  avia-builder-el-2  el_after_av_one_full  el_before_av_one_full  column-top-margin\" style='border-radius:0px; '><section class=\"av_textblock_section \"  itemscope=\"itemscope\" itemtype=\"https:\/\/schema.org\/BlogPosting\" itemprop=\"blogPost\" ><div class='avia_textblock  '   itemprop=\"text\" ><p style=\"text-align: center;\"><span style=\"font-size: 18pt;\"><b>Diputado Calisto se re\u00fane con trabajadores de las industrias acu\u00edcolas para coordinar trabajo en conjunto de cara a pr\u00f3ximos desaf\u00edos legislativos<\/b><\/span><\/p>\n<div id=\"gtx-trans\" style=\"position: absolute; left: -50px; top: 4.31534px;\">\n<div class=\"gtx-trans-icon\"><\/div>\n<\/div>\n<\/div><\/section><\/div><div class=\"flex_column av_one_full  flex_column_div av-zero-column-padding first  avia-builder-el-4  el_after_av_one_full  el_before_av_hr  column-top-margin\" style='border-radius:0px; '><section class=\"av_textblock_section \"  itemscope=\"itemscope\" itemtype=\"https:\/\/schema.org\/BlogPosting\" itemprop=\"blogPost\" ><div class='avia_textblock  '   itemprop=\"text\" ><p style=\"font-weight: 400; text-align: justify;\">El diputado Miguel \u00c1ngel Calisto se reuni\u00f3 en el Congreso con un grupo de dirigentes nacionales de los trabajadores acu\u00edcolas, instancia en la que le agradecieron por sus gestiones en la tramitaci\u00f3n del Servicio Nacional de la Biodiversidad y \u00c1reas Protegidas, adem\u00e1s de coordinar un trabajo en conjunto de cara a los pr\u00f3ximos desaf\u00edos legislativos, como es el nuevo proyecto de ley de pesca que ser\u00e1 prontamente presentado por el Gobierno.<\/p>\n<p style=\"font-weight: 400; text-align: justify;\">Seg\u00fan el diputado Calisto, \u201cestamos contentos y hay un buen an\u00e1lisis del trabajo realizado, porque hemos logrado sortear varios problemas legislativos que eran una verdadera amenaza, como algunas iniciativas del Gobierno y tambi\u00e9n de algunos parlamentarios, que buscaban disminuir la actividad productiva en nuestro litoral, lo que habr\u00eda golpeado directamente a las fuentes de empleo\u201d.<\/p>\n<p style=\"font-weight: 400; text-align: justify;\">Calisto agreg\u00f3 que \u201chay que recordar que la actividad acu\u00edcola es tremendamente importante, porque Chile es un pa\u00eds pesquero. Parte importante de nuestra actividad econ\u00f3mica se hace en el mar, es la segunda actividad econ\u00f3mica m\u00e1s importante en nuestro pa\u00eds. Por eso es necesario mantener este trabajo constante, no con las industrias, no con los due\u00f1os de las empresas, sino con los trabajadores de las plantas faenadoras ligadas a la actividad mar\u00edtima\u201d.<\/p>\n<p style=\"font-weight: 400; text-align: justify;\">\u201cDesde Ays\u00e9n es fundamental avanzar en una ley de acuicultura que garantice condiciones para la inversi\u00f3n, pero tambi\u00e9n condiciones \u00f3ptimas para los trabajadores. Tambi\u00e9n hemos planteado la necesidad de la regionalizaci\u00f3n de los recursos, un tema que se va a dar en la discusi\u00f3n de la nueva ley de pesca\u201d, indic\u00f3.<\/p>\n<p style=\"font-weight: 400; text-align: justify;\">Por su parte, Paola Sanhueza, Presidenta del sindicato de trabajadores de la empresa Blumar, asegur\u00f3 que \u201cqueremos agradecerle la disposici\u00f3n al diputado para conocer la realidad de los trabajadores de la industria pesquera y acu\u00edcola, con miras a las distintas discusiones legislativas que se vienen. Queremos que se ponga en la palestra la realidad de nuestros trabajadores y podamos en conjunto llegar a un consenso en esta materia\u201d.<\/p>\n<p style=\"text-align: justify;\"><span style=\"font-weight: 400;\">Finalmente, la dirigente indic\u00f3 que \u201cle agradecimos tambi\u00e9n al diputado por el rol fundamental que cumpli\u00f3 al defender a los trabajadores y trabajadoras de la industria acu\u00edcola, en el marco de la discusi\u00f3n del Servicio de la Biodiversidad y \u00c1reas Protegidas.\u00a0<\/span><span style=\"font-weight: 400;\">\u00a0<\/span><span style=\"font-weight: 400;\">Necesit\u00e1bamos legisladores con conocimiento, con argumentos, que conozcan la realidad de los trabajadores de esta industria. \u00c9l jug\u00f3 un gran papel en la comisi\u00f3n mixta por el proyecto de Biodiversidad, lo que deja en manifiesta que es un diputado que apoya a los trabajadores de la industria acu\u00edcola y pesquera\u201d.<\/span><\/p>\n<\/div><\/section><\/div><div  style='height:50px' class='hr hr-invisible   avia-builder-el-6  el_after_av_one_full  el_before_av_social_share '><span class='hr-inner ' ><span class='hr-inner-style'><\/span><\/span><\/div><\/p>\n<div  class='av-social-sharing-box  avia-builder-el-7  el_after_av_hr  el_before_av_hr  '><div class='av-share-box'><h5 class='av-share-link-description av-no-toc '>Compartir esta noticia<\/h5><ul class='av-share-box-list noLightbox'><li class='av-share-link av-social-link-facebook' ><a target=\"_blank\" aria-label=\"Compartir en Facebook\" href='https:\/\/www.facebook.com\/sharer.php?u=https:\/\/radiorevelacionfm.cl\/?p=32127&#038;t=Diputado%20Calisto%20se%20re%C3%BAne%20con%20trabajadores%20de%20las%20industrias%20acu%C3%ADcolas%20para%20coordinar%20trabajo%20en%20conjunto%20de%20cara%20a%20pr%C3%B3ximos%20desaf%C3%ADos%20legislativos' aria-hidden='false' data-av_icon='\ue8f3' data-av_iconfont='entypo-fontello' title='' data-avia-related-tooltip='Compartir en Facebook' rel=\"noopener\"><span class='avia_hidden_link_text'>Compartir en Facebook<\/span><\/a><\/li><li class='av-share-link av-social-link-twitter' ><a target=\"_blank\" aria-label=\"Compartir en Twitter\" href='https:\/\/twitter.com\/share?text=Diputado%20Calisto%20se%20re%C3%BAne%20con%20trabajadores%20de%20las%20industrias%20acu%C3%ADcolas%20para%20coordinar%20trabajo%20en%20conjunto%20de%20cara%20a%20pr%C3%B3ximos%20desaf%C3%ADos%20legislativos&#038;url=https:\/\/radiorevelacionfm.cl\/?p=32127' aria-hidden='false' data-av_icon='\ue8f1' data-av_iconfont='entypo-fontello' title='' data-avia-related-tooltip='Compartir en Twitter' rel=\"noopener\"><span class='avia_hidden_link_text'>Compartir en Twitter<\/span><\/a><\/li><li class='av-share-link av-social-link-whatsapp' ><a target=\"_blank\" aria-label=\"Compartir en Whatsapp\" href='https:\/\/api.whatsapp.com\/send?text=https:\/\/radiorevelacionfm.cl\/?p=32127' aria-hidden='false' data-av_icon='\uf232' data-av_iconfont='entypo-fontello' title='' data-avia-related-tooltip='Compartir en Whatsapp' rel=\"noopener\"><span class='avia_hidden_link_text'>Compartir en Whatsapp<\/span><\/a><\/li><li class='av-share-link av-social-link-linkedin' ><a target=\"_blank\" aria-label=\"Compartir en LinkedIn\" href='https:\/\/linkedin.com\/shareArticle?mini=true&#038;title=Diputado%20Calisto%20se%20re%C3%BAne%20con%20trabajadores%20de%20las%20industrias%20acu%C3%ADcolas%20para%20coordinar%20trabajo%20en%20conjunto%20de%20cara%20a%20pr%C3%B3ximos%20desaf%C3%ADos%20legislativos&#038;url=https:\/\/radiorevelacionfm.cl\/?p=32127' aria-hidden='false' data-av_icon='\ue8fc' data-av_iconfont='entypo-fontello' title='' data-avia-related-tooltip='Compartir en LinkedIn' rel=\"noopener\"><span class='avia_hidden_link_text'>Compartir en LinkedIn<\/span><\/a><\/li><li class='av-share-link av-social-link-mail' ><a  aria-label=\"Compartir por correo\" href='mailto:?subject=Diputado%20Calisto%20se%20re%C3%BAne%20con%20trabajadores%20de%20las%20industrias%20acu%C3%ADcolas%20para%20coordinar%20trabajo%20en%20conjunto%20de%20cara%20a%20pr%C3%B3ximos%20desaf%C3%ADos%20legislativos&#038;body=https:\/\/radiorevelacionfm.cl\/?p=32127' aria-hidden='false' data-av_icon='\ue805' data-av_iconfont='entypo-fontello' title='' data-avia-related-tooltip='Compartir por correo'><span class='avia_hidden_link_text'>Compartir por correo<\/span><\/a><\/li><\/ul><\/div><\/div>\n<div  style='height:50px' class='hr hr-invisible   avia-builder-el-8  el_after_av_social_share  el_before_av_comments_list '><span class='hr-inner ' ><span class='hr-inner-style'><\/span><\/span><\/div>\n<div  class='av-buildercomment  av-blog-meta-html-info-disabled av-blog-meta-tag-disabled  '><\/div>\n","protected":false},"excerpt":{"rendered":"","protected":false},"author":1,"featured_media":32128,"comment_status":"open","ping_status":"open","sticky":false,"template":"","format":"standard","meta":{"footnotes":""},"categories":[35],"tags":[],"class_list":["post-32127","post","type-post","status-publish","format-standard","has-post-thumbnail","hentry","category-politica"],"jetpack_featured_media_url":"https:\/\/radiorevelacionfm.cl\/wp-content\/uploads\/2023\/06\/foto-reuniOn-dirigentes-acuIcolas-1_optimized-1.jpeg","_links":{"self":[{"href":"https:\/\/radiorevelacionfm.cl\/index.php?rest_route=\/wp\/v2\/posts\/32127","targetHints":{"allow":["GET"]}}],"collection":[{"href":"https:\/\/radiorevelacionfm.cl\/index.php?rest_route=\/wp\/v2\/posts"}],"about":[{"href":"https:\/\/radiorevelacionfm.cl\/index.php?rest_route=\/wp\/v2\/types\/post"}],"author":[{"embeddable":true,"href":"https:\/\/radiorevelacionfm.cl\/index.php?rest_route=\/wp\/v2\/users\/1"}],"replies":[{"embeddable":true,"href":"https:\/\/radiorevelacionfm.cl\/index.php?rest_route=%2Fwp%2Fv2%2Fcomments&post=32127"}],"version-history":[{"count":1,"href":"https:\/\/radiorevelacionfm.cl\/index.php?rest_route=\/wp\/v2\/posts\/32127\/revisions"}],"predecessor-version":[{"id":32129,"href":"https:\/\/radiorevelacionfm.cl\/index.php?rest_route=\/wp\/v2\/posts\/32127\/revisions\/32129"}],"wp:featuredmedia":[{"embeddable":true,"href":"https:\/\/radiorevelacionfm.cl\/index.php?rest_route=\/wp\/v2\/media\/32128"}],"wp:attachment":[{"href":"https:\/\/radiorevelacionfm.cl\/index.php?rest_route=%2Fwp%2Fv2%2Fmedia&parent=32127"}],"wp:term":[{"taxonomy":"category","embeddable":true,"href":"https:\/\/radiorevelacionfm.cl\/index.php?rest_route=%2Fwp%2Fv2%2Fcategories&post=32127"},{"taxonomy":"post_tag","embeddable":true,"href":"https:\/\/radiorevelacionfm.cl\/index.php?rest_route=%2Fwp%2Fv2%2Ftags&post=32127"}],"curies":[{"name":"wp","href":"https:\/\/api.w.org\/{rel}","templated":true}]}}