{"id":32121,"date":"2023-06-16T11:48:12","date_gmt":"2023-06-16T14:48:12","guid":{"rendered":"https:\/\/radiorevelacionfm.cl\/?p=32121"},"modified":"2023-06-16T11:48:12","modified_gmt":"2023-06-16T14:48:12","slug":"director-de-seguridad-publica-de-aysen-es-momento-que-los-compromisos-se-cumplan-necesitamos-una-autoridad-regional-que-luche-por-justicia-y-equidad-territorial","status":"publish","type":"post","link":"https:\/\/radiorevelacionfm.cl\/?p=32121","title":{"rendered":"Director de Seguridad P\u00fablica de Ays\u00e9n: \u201cEs momento que los compromisos se cumplan, necesitamos una autoridad regional que luche por justicia y equidad territorial\u201d"},"content":{"rendered":"<div class=\"flex_column av_one_full  flex_column_div av-zero-column-padding first  avia-builder-el-0  el_before_av_one_full  avia-builder-el-first  \" style='border-radius:0px; '><div  class='avia-image-container  av-styling-    avia-builder-el-1  avia-builder-el-no-sibling  avia-align-center '  itemprop=\"image\" itemscope=\"itemscope\" itemtype=\"https:\/\/schema.org\/ImageObject\"  ><div class='avia-image-container-inner'><div class='avia-image-overlay-wrap'><img decoding=\"async\" class='wp-image-32122 avia-img-lazy-loading-not-32122 avia_image' src=\"https:\/\/radiorevelacionfm.cl\/wp-content\/uploads\/2023\/06\/Director-Seguridad-Aysen1-1.jpg\" alt='' title='Director Seguridad Aysen(1) (1)' height=\"600\" width=\"776\"  itemprop=\"thumbnailUrl\" srcset=\"https:\/\/radiorevelacionfm.cl\/wp-content\/uploads\/2023\/06\/Director-Seguridad-Aysen1-1.jpg 776w, https:\/\/radiorevelacionfm.cl\/wp-content\/uploads\/2023\/06\/Director-Seguridad-Aysen1-1-300x232.jpg 300w, https:\/\/radiorevelacionfm.cl\/wp-content\/uploads\/2023\/06\/Director-Seguridad-Aysen1-1-768x594.jpg 768w, https:\/\/radiorevelacionfm.cl\/wp-content\/uploads\/2023\/06\/Director-Seguridad-Aysen1-1-705x545.jpg 705w, https:\/\/radiorevelacionfm.cl\/wp-content\/uploads\/2023\/06\/Director-Seguridad-Aysen1-1-450x348.jpg 450w, https:\/\/radiorevelacionfm.cl\/wp-content\/uploads\/2023\/06\/Director-Seguridad-Aysen1-1-600x464.jpg 600w\" sizes=\"(max-width: 776px) 100vw, 776px\" \/><\/div><\/div><\/div><\/div><div class=\"flex_column av_one_full  flex_column_div av-zero-column-padding first  avia-builder-el-2  el_after_av_one_full  el_before_av_one_full  column-top-margin\" style='border-radius:0px; '><section class=\"av_textblock_section \"  itemscope=\"itemscope\" itemtype=\"https:\/\/schema.org\/BlogPosting\" itemprop=\"blogPost\" ><div class='avia_textblock  '   itemprop=\"text\" ><p style=\"text-align: center;\"><span style=\"font-size: 18pt;\"><strong>Director de Seguridad P\u00fablica de Ays\u00e9n: \u201cEs momento que los compromisos se cumplan, necesitamos una autoridad regional que luche por justicia y equidad territorial\u201d<\/strong><\/span><\/p>\n<div id=\"gtx-trans\" style=\"position: absolute; left: -50px; top: 4.31534px;\">\n<div class=\"gtx-trans-icon\"><\/div>\n<\/div>\n<\/div><\/section><\/div><div class=\"flex_column av_one_full  flex_column_div av-zero-column-padding first  avia-builder-el-4  el_after_av_one_full  el_before_av_hr  column-top-margin\" style='border-radius:0px; '><section class=\"av_textblock_section \"  itemscope=\"itemscope\" itemtype=\"https:\/\/schema.org\/BlogPosting\" itemprop=\"blogPost\" ><div class='avia_textblock  '   itemprop=\"text\" ><p style=\"text-align: justify;\">En los \u00faltimos d\u00edas, se ha generado controversia debido a la decisi\u00f3n del Gobierno de priorizar la implementaci\u00f3n del Sistema Nacional de Seguridad Municipal \u00fanicamente en la ciudad de Coyhaique, dejando fuera a la comuna de Ays\u00e9n. Al respecto, el director de Seguridad P\u00fablica de Ays\u00e9n, Marco Co\u00f1uecar, expres\u00f3 su descontento y cr\u00edtica ante esta exclusi\u00f3n, especialmente porque la comuna ha destinado importantes recursos a la Seguridad.<\/p>\n<p style=\"text-align: justify;\">Co\u00f1uecar se\u00f1al\u00f3 que \u201cEl a\u00f1o pasado, el Fondo Nacional de Seguridad P\u00fablica se qued\u00f3 en la capital regional, dej\u00e1ndonos fuera de esa posibilidad con el compromiso de que este a\u00f1o ser\u00edamos considerados en las pol\u00edticas p\u00fablicas que se apliquen en la regi\u00f3n. Sin embargo, no se nos incluy\u00f3 en el Plan Calles sin Violencia, ni dentro de los priorizados para este sistema, lo que interpretamos como un castigo respecto del trabajo que hemos estado realizando como Municipalidad de Ays\u00e9n\u201d.<\/p>\n<p style=\"text-align: justify;\">El director destac\u00f3 los logros alcanzados en materia de seguridad, siendo pioneros en la implementaci\u00f3n de la primera Direcci\u00f3n de Seguridad P\u00fablica en la regi\u00f3n y contando con inspectores reconocidos y certificados en Santiago. Co\u00f1uecar hizo un llamado al Delegado Presidencial para que transmita en Santiago los esfuerzos que se est\u00e1n llevando a cabo a nivel local, exigiendo transparencia por parte del Gobierno.<\/p>\n<p style=\"text-align: justify;\">\u201cEs momento que los compromisos se cumplan, necesitamos una autoridad regional que luche por justicia y equidad territorial, si vemos los tres \u00faltimos programas en materia de Seguridad, todos quedaron en Coyhaique, eso es una mala se\u00f1al para las nueve comunas que seguimos esperando\u00bb, agreg\u00f3 Co\u00f1uecar.<\/p>\n<p style=\"text-align: justify;\">Co\u00f1uecar resalt\u00f3 tambi\u00e9n la disminuci\u00f3n de los delitos en la comuna de Ays\u00e9n, agradeciendo el constante trabajo conjunto con Carabineros.<\/p>\n<\/div><\/section><\/div><div  style='height:50px' class='hr hr-invisible   avia-builder-el-6  el_after_av_one_full  el_before_av_social_share '><span class='hr-inner ' ><span class='hr-inner-style'><\/span><\/span><\/div><\/p>\n<div  class='av-social-sharing-box  avia-builder-el-7  el_after_av_hr  el_before_av_hr  '><div class='av-share-box'><h5 class='av-share-link-description av-no-toc '>Compartir esta noticia<\/h5><ul class='av-share-box-list noLightbox'><li class='av-share-link av-social-link-facebook' ><a target=\"_blank\" aria-label=\"Compartir en Facebook\" href='https:\/\/www.facebook.com\/sharer.php?u=https:\/\/radiorevelacionfm.cl\/?p=32121&#038;t=Director%20de%20Seguridad%20P%C3%BAblica%20de%20Ays%C3%A9n%3A%20%E2%80%9CEs%20momento%20que%20los%20compromisos%20se%20cumplan%2C%20necesitamos%20una%20autoridad%20regional%20que%20luche%20por%20justicia%20y%20equidad%20territorial%E2%80%9D' aria-hidden='false' data-av_icon='\ue8f3' data-av_iconfont='entypo-fontello' title='' data-avia-related-tooltip='Compartir en Facebook' rel=\"noopener\"><span class='avia_hidden_link_text'>Compartir en Facebook<\/span><\/a><\/li><li class='av-share-link av-social-link-twitter' ><a target=\"_blank\" aria-label=\"Compartir en Twitter\" href='https:\/\/twitter.com\/share?text=Director%20de%20Seguridad%20P%C3%BAblica%20de%20Ays%C3%A9n%3A%20%E2%80%9CEs%20momento%20que%20los%20compromisos%20se%20cumplan%2C%20necesitamos%20una%20autoridad%20regional%20que%20luche%20por%20justicia%20y%20equidad%20territorial%E2%80%9D&#038;url=https:\/\/radiorevelacionfm.cl\/?p=32121' aria-hidden='false' data-av_icon='\ue8f1' data-av_iconfont='entypo-fontello' title='' data-avia-related-tooltip='Compartir en Twitter' rel=\"noopener\"><span class='avia_hidden_link_text'>Compartir en Twitter<\/span><\/a><\/li><li class='av-share-link av-social-link-whatsapp' ><a target=\"_blank\" aria-label=\"Compartir en Whatsapp\" href='https:\/\/api.whatsapp.com\/send?text=https:\/\/radiorevelacionfm.cl\/?p=32121' aria-hidden='false' data-av_icon='\uf232' data-av_iconfont='entypo-fontello' title='' data-avia-related-tooltip='Compartir en Whatsapp' rel=\"noopener\"><span class='avia_hidden_link_text'>Compartir en Whatsapp<\/span><\/a><\/li><li class='av-share-link av-social-link-linkedin' ><a target=\"_blank\" aria-label=\"Compartir en LinkedIn\" href='https:\/\/linkedin.com\/shareArticle?mini=true&#038;title=Director%20de%20Seguridad%20P%C3%BAblica%20de%20Ays%C3%A9n%3A%20%E2%80%9CEs%20momento%20que%20los%20compromisos%20se%20cumplan%2C%20necesitamos%20una%20autoridad%20regional%20que%20luche%20por%20justicia%20y%20equidad%20territorial%E2%80%9D&#038;url=https:\/\/radiorevelacionfm.cl\/?p=32121' aria-hidden='false' data-av_icon='\ue8fc' data-av_iconfont='entypo-fontello' title='' data-avia-related-tooltip='Compartir en LinkedIn' rel=\"noopener\"><span class='avia_hidden_link_text'>Compartir en LinkedIn<\/span><\/a><\/li><li class='av-share-link av-social-link-mail' ><a  aria-label=\"Compartir por correo\" href='mailto:?subject=Director%20de%20Seguridad%20P%C3%BAblica%20de%20Ays%C3%A9n%3A%20%E2%80%9CEs%20momento%20que%20los%20compromisos%20se%20cumplan%2C%20necesitamos%20una%20autoridad%20regional%20que%20luche%20por%20justicia%20y%20equidad%20territorial%E2%80%9D&#038;body=https:\/\/radiorevelacionfm.cl\/?p=32121' aria-hidden='false' data-av_icon='\ue805' data-av_iconfont='entypo-fontello' title='' data-avia-related-tooltip='Compartir por correo'><span class='avia_hidden_link_text'>Compartir por correo<\/span><\/a><\/li><\/ul><\/div><\/div>\n<div  style='height:50px' class='hr hr-invisible   avia-builder-el-8  el_after_av_social_share  el_before_av_comments_list '><span class='hr-inner ' ><span class='hr-inner-style'><\/span><\/span><\/div>\n<div  class='av-buildercomment  av-blog-meta-html-info-disabled av-blog-meta-tag-disabled  '><\/div>\n","protected":false},"excerpt":{"rendered":"","protected":false},"author":1,"featured_media":32122,"comment_status":"open","ping_status":"open","sticky":false,"template":"","format":"standard","meta":{"footnotes":""},"categories":[38],"tags":[],"class_list":["post-32121","post","type-post","status-publish","format-standard","has-post-thumbnail","hentry","category-regional"],"jetpack_featured_media_url":"https:\/\/radiorevelacionfm.cl\/wp-content\/uploads\/2023\/06\/Director-Seguridad-Aysen1-1.jpg","_links":{"self":[{"href":"https:\/\/radiorevelacionfm.cl\/index.php?rest_route=\/wp\/v2\/posts\/32121","targetHints":{"allow":["GET"]}}],"collection":[{"href":"https:\/\/radiorevelacionfm.cl\/index.php?rest_route=\/wp\/v2\/posts"}],"about":[{"href":"https:\/\/radiorevelacionfm.cl\/index.php?rest_route=\/wp\/v2\/types\/post"}],"author":[{"embeddable":true,"href":"https:\/\/radiorevelacionfm.cl\/index.php?rest_route=\/wp\/v2\/users\/1"}],"replies":[{"embeddable":true,"href":"https:\/\/radiorevelacionfm.cl\/index.php?rest_route=%2Fwp%2Fv2%2Fcomments&post=32121"}],"version-history":[{"count":1,"href":"https:\/\/radiorevelacionfm.cl\/index.php?rest_route=\/wp\/v2\/posts\/32121\/revisions"}],"predecessor-version":[{"id":32123,"href":"https:\/\/radiorevelacionfm.cl\/index.php?rest_route=\/wp\/v2\/posts\/32121\/revisions\/32123"}],"wp:featuredmedia":[{"embeddable":true,"href":"https:\/\/radiorevelacionfm.cl\/index.php?rest_route=\/wp\/v2\/media\/32122"}],"wp:attachment":[{"href":"https:\/\/radiorevelacionfm.cl\/index.php?rest_route=%2Fwp%2Fv2%2Fmedia&parent=32121"}],"wp:term":[{"taxonomy":"category","embeddable":true,"href":"https:\/\/radiorevelacionfm.cl\/index.php?rest_route=%2Fwp%2Fv2%2Fcategories&post=32121"},{"taxonomy":"post_tag","embeddable":true,"href":"https:\/\/radiorevelacionfm.cl\/index.php?rest_route=%2Fwp%2Fv2%2Ftags&post=32121"}],"curies":[{"name":"wp","href":"https:\/\/api.w.org\/{rel}","templated":true}]}}