{"id":32110,"date":"2023-06-16T10:52:37","date_gmt":"2023-06-16T13:52:37","guid":{"rendered":"https:\/\/radiorevelacionfm.cl\/?p=32110"},"modified":"2023-06-16T11:06:47","modified_gmt":"2023-06-16T14:06:47","slug":"sma-inicia-requerimiento-de-evaluacion-ambiental-a-inmobiliaria-bosque-austral-por-proyecto-en-puerto-bonito","status":"publish","type":"post","link":"https:\/\/radiorevelacionfm.cl\/?p=32110","title":{"rendered":"SMA inicia requerimiento de evaluaci\u00f3n ambiental a Inmobiliaria Bosque Austral por proyecto en Puerto Bonito"},"content":{"rendered":"<div class=\"flex_column av_one_full  flex_column_div av-zero-column-padding first  avia-builder-el-0  el_before_av_one_full  avia-builder-el-first  \" style='border-radius:0px; '><div  class='avia-image-container  av-styling-    avia-builder-el-1  avia-builder-el-no-sibling  avia-align-center '  itemprop=\"image\" itemscope=\"itemscope\" itemtype=\"https:\/\/schema.org\/ImageObject\"  ><div class='avia-image-container-inner'><div class='avia-image-overlay-wrap'><img decoding=\"async\" class='wp-image-32119 avia-img-lazy-loading-not-32119 avia_image' src=\"https:\/\/radiorevelacionfm.cl\/wp-content\/uploads\/2023\/06\/referencial-1-800x450-1-1.jpg\" alt='' title='referencial-1-800x450 (1) (1)' height=\"600\" width=\"1067\"  itemprop=\"thumbnailUrl\" srcset=\"https:\/\/radiorevelacionfm.cl\/wp-content\/uploads\/2023\/06\/referencial-1-800x450-1-1.jpg 1067w, https:\/\/radiorevelacionfm.cl\/wp-content\/uploads\/2023\/06\/referencial-1-800x450-1-1-300x169.jpg 300w, https:\/\/radiorevelacionfm.cl\/wp-content\/uploads\/2023\/06\/referencial-1-800x450-1-1-1030x579.jpg 1030w, https:\/\/radiorevelacionfm.cl\/wp-content\/uploads\/2023\/06\/referencial-1-800x450-1-1-768x432.jpg 768w, https:\/\/radiorevelacionfm.cl\/wp-content\/uploads\/2023\/06\/referencial-1-800x450-1-1-705x396.jpg 705w, https:\/\/radiorevelacionfm.cl\/wp-content\/uploads\/2023\/06\/referencial-1-800x450-1-1-450x253.jpg 450w, https:\/\/radiorevelacionfm.cl\/wp-content\/uploads\/2023\/06\/referencial-1-800x450-1-1-600x337.jpg 600w\" sizes=\"(max-width: 1067px) 100vw, 1067px\" \/><\/div><\/div><\/div><\/div><div class=\"flex_column av_one_full  flex_column_div av-zero-column-padding first  avia-builder-el-2  el_after_av_one_full  el_before_av_one_full  column-top-margin\" style='border-radius:0px; '><section class=\"av_textblock_section \"  itemscope=\"itemscope\" itemtype=\"https:\/\/schema.org\/BlogPosting\" itemprop=\"blogPost\" ><div class='avia_textblock  '   itemprop=\"text\" ><p style=\"text-align: center;\"><span style=\"font-size: 18pt;\"><b><span class=\"v1ContentPasted0\" lang=\"ES\">SMA inicia requerimiento de evaluaci\u00f3n ambiental a Inmobiliaria Bosque Austral por proyecto en Puerto Bonito\u00a0<\/span><\/b><\/span><\/p>\n<div id=\"gtx-trans\" style=\"position: absolute; left: -50px; top: 4.31534px;\">\n<div class=\"gtx-trans-icon\"><\/div>\n<\/div>\n<\/div><\/section><\/div><\/p>\n<div class=\"flex_column av_one_full  flex_column_div av-zero-column-padding first  avia-builder-el-4  el_after_av_one_full  el_before_av_hr  column-top-margin\" style='border-radius:0px; '><section class=\"av_textblock_section \"  itemscope=\"itemscope\" itemtype=\"https:\/\/schema.org\/BlogPosting\" itemprop=\"blogPost\" ><div class='avia_textblock  '   itemprop=\"text\" ><p class=\"v1MsoNormal\" style=\"text-align: justify;\"><span class=\"v1ContentPasted0\" lang=\"ES\">La Superintendencia del Medio Ambiente (SMA) inici\u00f3 un procedimiento de requerimiento de ingreso al Servicio de Evaluaci\u00f3n de Impacto Ambiental (SEIA) a la Inmobiliaria Bosque Austral SpA, por su proyecto de \u00abLoteo Puerto Bonito\u00bb, localizado en Puerto Bonito, en la Regi\u00f3n de Ays\u00e9n. Actualmente, este no cuenta con una Resoluci\u00f3n de Calificaci\u00f3n Ambiental (RCA).\u00a0\u00a0<\/span><\/p>\n<p class=\"v1MsoNormal\" style=\"text-align: justify;\"><span class=\"v1ContentPasted0\" lang=\"ES\">Seg\u00fan antecedentes recabados, el proyecto \u00abPuerto Bonito\u00bb consiste en el loteo de un predio en 93 parcelas para su posterior venta, con car\u00e1cter habitacional. Adem\u00e1s, considera un embarcadero, sendas interiores y un \u00e1rea com\u00fan denominada \u00abReserva Ecol\u00f3gica\u00bb, seg\u00fan la empresa.\u00a0\u00a0<\/span><\/p>\n<p class=\"v1MsoNormal\" style=\"text-align: justify;\"><span class=\"v1ContentPasted0\" lang=\"ES\">El jefe de la Oficina Regional de la SMA en Ays\u00e9n, Oscar Leal, explic\u00f3 que \u00aba partir de im\u00e1genes satelitales, se observ\u00f3 que el proyecto se localiza en una zona no comprendida en algunos de los planes evaluados, correspondiendo a un desarrollo urbano que contempla obras de edificaci\u00f3n y urbanizaci\u00f3n con destino habitacional, considerando m\u00e1s de 80 viviendas\u00bb. La resoluci\u00f3n de la SMA indica que ser\u00eda un proyecto de evaluaci\u00f3n ambiental que requiere evaluaci\u00f3n ambiental previa, al contemplar obras de equipamiento destinadas de forma permanente al deporte y al esparcimiento, que se emplazan sobre una superficie predial mayor a 20.000 m3.\u00a0\u00a0<\/span><\/p>\n<p class=\"v1MsoNormal\" style=\"text-align: justify;\"><span class=\"v1ContentPasted0\" lang=\"ES\">Por esta raz\u00f3n, el objetivo del inicio del procedimiento administrativo es recabar antecedentes que permitan a la SMA determinar, si corresponde o no, exigir dicho ingreso al SEIA.\u00a0<\/span><\/p>\n<p class=\"v1MsoNormal\" style=\"text-align: justify;\"><span class=\"v1ContentPasted0\" lang=\"ES\">A partir de la notificaci\u00f3n, la Inmobiliaria Bosque Austral tendr\u00e1 un plazo de 15 d\u00edas h\u00e1biles para entregar observaciones, alegaciones y\/o pruebas que estime pertinentes ante la Superintendencia. Cabe destacar que los proyectos que cumplan con alguna de las tipolog\u00edas de ingreso al SEIA, s\u00f3lo podr\u00e1n ejecutarse una vez que obtengan la correspondiente RCA.\u00a0\u00a0<\/span><\/p>\n<\/div><\/section><\/div>\n<div  style='height:50px' class='hr hr-invisible   avia-builder-el-6  el_after_av_one_full  el_before_av_social_share '><span class='hr-inner ' ><span class='hr-inner-style'><\/span><\/span><\/div>\n<div  class='av-social-sharing-box  avia-builder-el-7  el_after_av_hr  el_before_av_hr  '><div class='av-share-box'><h5 class='av-share-link-description av-no-toc '>Compartir esta noticia<\/h5><ul class='av-share-box-list noLightbox'><li class='av-share-link av-social-link-facebook' ><a target=\"_blank\" aria-label=\"Compartir en Facebook\" href='https:\/\/www.facebook.com\/sharer.php?u=https:\/\/radiorevelacionfm.cl\/?p=32110&#038;t=SMA%20inicia%20requerimiento%20de%20evaluaci%C3%B3n%20ambiental%20a%20Inmobiliaria%20Bosque%20Austral%20por%20proyecto%20en%20Puerto%20Bonito' aria-hidden='false' data-av_icon='\ue8f3' data-av_iconfont='entypo-fontello' title='' data-avia-related-tooltip='Compartir en Facebook' rel=\"noopener\"><span class='avia_hidden_link_text'>Compartir en Facebook<\/span><\/a><\/li><li class='av-share-link av-social-link-twitter' ><a target=\"_blank\" aria-label=\"Compartir en Twitter\" href='https:\/\/twitter.com\/share?text=SMA%20inicia%20requerimiento%20de%20evaluaci%C3%B3n%20ambiental%20a%20Inmobiliaria%20Bosque%20Austral%20por%20proyecto%20en%20Puerto%20Bonito&#038;url=https:\/\/radiorevelacionfm.cl\/?p=32110' aria-hidden='false' data-av_icon='\ue8f1' data-av_iconfont='entypo-fontello' title='' data-avia-related-tooltip='Compartir en Twitter' rel=\"noopener\"><span class='avia_hidden_link_text'>Compartir en Twitter<\/span><\/a><\/li><li class='av-share-link av-social-link-whatsapp' ><a target=\"_blank\" aria-label=\"Compartir en Whatsapp\" href='https:\/\/api.whatsapp.com\/send?text=https:\/\/radiorevelacionfm.cl\/?p=32110' aria-hidden='false' data-av_icon='\uf232' data-av_iconfont='entypo-fontello' title='' data-avia-related-tooltip='Compartir en Whatsapp' rel=\"noopener\"><span class='avia_hidden_link_text'>Compartir en Whatsapp<\/span><\/a><\/li><li class='av-share-link av-social-link-linkedin' ><a target=\"_blank\" aria-label=\"Compartir en LinkedIn\" href='https:\/\/linkedin.com\/shareArticle?mini=true&#038;title=SMA%20inicia%20requerimiento%20de%20evaluaci%C3%B3n%20ambiental%20a%20Inmobiliaria%20Bosque%20Austral%20por%20proyecto%20en%20Puerto%20Bonito&#038;url=https:\/\/radiorevelacionfm.cl\/?p=32110' aria-hidden='false' data-av_icon='\ue8fc' data-av_iconfont='entypo-fontello' title='' data-avia-related-tooltip='Compartir en LinkedIn' rel=\"noopener\"><span class='avia_hidden_link_text'>Compartir en LinkedIn<\/span><\/a><\/li><li class='av-share-link av-social-link-mail' ><a  aria-label=\"Compartir por correo\" href='mailto:?subject=SMA%20inicia%20requerimiento%20de%20evaluaci%C3%B3n%20ambiental%20a%20Inmobiliaria%20Bosque%20Austral%20por%20proyecto%20en%20Puerto%20Bonito&#038;body=https:\/\/radiorevelacionfm.cl\/?p=32110' aria-hidden='false' data-av_icon='\ue805' data-av_iconfont='entypo-fontello' title='' data-avia-related-tooltip='Compartir por correo'><span class='avia_hidden_link_text'>Compartir por correo<\/span><\/a><\/li><\/ul><\/div><\/div>\n<div  style='height:50px' class='hr hr-invisible   avia-builder-el-8  el_after_av_social_share  el_before_av_comments_list '><span class='hr-inner ' ><span class='hr-inner-style'><\/span><\/span><\/div>\n<div  class='av-buildercomment  av-blog-meta-html-info-disabled av-blog-meta-tag-disabled  '><\/div>\n","protected":false},"excerpt":{"rendered":"","protected":false},"author":1,"featured_media":32119,"comment_status":"open","ping_status":"open","sticky":false,"template":"","format":"standard","meta":{"footnotes":""},"categories":[39],"tags":[],"class_list":["post-32110","post","type-post","status-publish","format-standard","has-post-thumbnail","hentry","category-medio-ambiente"],"jetpack_featured_media_url":"https:\/\/radiorevelacionfm.cl\/wp-content\/uploads\/2023\/06\/referencial-1-800x450-1-1.jpg","_links":{"self":[{"href":"https:\/\/radiorevelacionfm.cl\/index.php?rest_route=\/wp\/v2\/posts\/32110","targetHints":{"allow":["GET"]}}],"collection":[{"href":"https:\/\/radiorevelacionfm.cl\/index.php?rest_route=\/wp\/v2\/posts"}],"about":[{"href":"https:\/\/radiorevelacionfm.cl\/index.php?rest_route=\/wp\/v2\/types\/post"}],"author":[{"embeddable":true,"href":"https:\/\/radiorevelacionfm.cl\/index.php?rest_route=\/wp\/v2\/users\/1"}],"replies":[{"embeddable":true,"href":"https:\/\/radiorevelacionfm.cl\/index.php?rest_route=%2Fwp%2Fv2%2Fcomments&post=32110"}],"version-history":[{"count":3,"href":"https:\/\/radiorevelacionfm.cl\/index.php?rest_route=\/wp\/v2\/posts\/32110\/revisions"}],"predecessor-version":[{"id":32120,"href":"https:\/\/radiorevelacionfm.cl\/index.php?rest_route=\/wp\/v2\/posts\/32110\/revisions\/32120"}],"wp:featuredmedia":[{"embeddable":true,"href":"https:\/\/radiorevelacionfm.cl\/index.php?rest_route=\/wp\/v2\/media\/32119"}],"wp:attachment":[{"href":"https:\/\/radiorevelacionfm.cl\/index.php?rest_route=%2Fwp%2Fv2%2Fmedia&parent=32110"}],"wp:term":[{"taxonomy":"category","embeddable":true,"href":"https:\/\/radiorevelacionfm.cl\/index.php?rest_route=%2Fwp%2Fv2%2Fcategories&post=32110"},{"taxonomy":"post_tag","embeddable":true,"href":"https:\/\/radiorevelacionfm.cl\/index.php?rest_route=%2Fwp%2Fv2%2Ftags&post=32110"}],"curies":[{"name":"wp","href":"https:\/\/api.w.org\/{rel}","templated":true}]}}