{"id":32104,"date":"2023-06-15T20:17:53","date_gmt":"2023-06-15T23:17:53","guid":{"rendered":"https:\/\/radiorevelacionfm.cl\/?p=32104"},"modified":"2023-06-15T20:17:53","modified_gmt":"2023-06-15T23:17:53","slug":"buscan-instalar-nuevas-tecnologias-e-innovacion-en-pymes-de-la-industria-del-aserrio-a-traves-de-programa-corfo-aysen-uach","status":"publish","type":"post","link":"https:\/\/radiorevelacionfm.cl\/?p=32104","title":{"rendered":"Buscan instalar nuevas tecnolog\u00edas e innovaci\u00f3n en pymes de la industria del aserr\u00edo a trav\u00e9s de Programa Corfo Ays\u00e9n-UACh"},"content":{"rendered":"<div class=\"flex_column av_one_full  flex_column_div av-zero-column-padding first  avia-builder-el-0  el_before_av_one_full  avia-builder-el-first  \" style='border-radius:0px; '><div  class='avia-image-container  av-styling-    avia-builder-el-1  avia-builder-el-no-sibling  avia-align-center '  itemprop=\"image\" itemscope=\"itemscope\" itemtype=\"https:\/\/schema.org\/ImageObject\"  ><div class='avia-image-container-inner'><div class='avia-image-overlay-wrap'><img decoding=\"async\" class='wp-image-32105 avia-img-lazy-loading-not-32105 avia_image' src=\"https:\/\/radiorevelacionfm.cl\/wp-content\/uploads\/2023\/06\/02-pdt-aserrio-1_optimized.jpg\" alt='' title='02-pdt-aserr\u00edo-(1)_optimized' height=\"600\" width=\"876\"  itemprop=\"thumbnailUrl\" srcset=\"https:\/\/radiorevelacionfm.cl\/wp-content\/uploads\/2023\/06\/02-pdt-aserrio-1_optimized.jpg 876w, https:\/\/radiorevelacionfm.cl\/wp-content\/uploads\/2023\/06\/02-pdt-aserrio-1_optimized-300x205.jpg 300w, https:\/\/radiorevelacionfm.cl\/wp-content\/uploads\/2023\/06\/02-pdt-aserrio-1_optimized-768x526.jpg 768w, https:\/\/radiorevelacionfm.cl\/wp-content\/uploads\/2023\/06\/02-pdt-aserrio-1_optimized-705x483.jpg 705w, https:\/\/radiorevelacionfm.cl\/wp-content\/uploads\/2023\/06\/02-pdt-aserrio-1_optimized-450x308.jpg 450w, https:\/\/radiorevelacionfm.cl\/wp-content\/uploads\/2023\/06\/02-pdt-aserrio-1_optimized-600x411.jpg 600w\" sizes=\"(max-width: 876px) 100vw, 876px\" \/><\/div><\/div><\/div><\/div>\n<div class=\"flex_column av_one_full  flex_column_div av-zero-column-padding first  avia-builder-el-2  el_after_av_one_full  el_before_av_one_full  column-top-margin\" style='border-radius:0px; '><section class=\"av_textblock_section \"  itemscope=\"itemscope\" itemtype=\"https:\/\/schema.org\/BlogPosting\" itemprop=\"blogPost\" ><div class='avia_textblock  '   itemprop=\"text\" ><p style=\"text-align: center;\"><strong><span style=\"font-size: 18pt;\">Buscan instalar nuevas tecnolog\u00edas e innovaci\u00f3n en pymes de la industria del aserr\u00edo a trav\u00e9s de Programa Corfo Ays\u00e9n-UACh <\/span><\/strong><\/p>\n<div id=\"gtx-trans\" style=\"position: absolute; left: -50px; top: 4.31534px;\">\n<div class=\"gtx-trans-icon\"><\/div>\n<\/div>\n<\/div><\/section><\/div><div class=\"flex_column av_one_full  flex_column_div av-zero-column-padding first  avia-builder-el-4  el_after_av_one_full  el_before_av_hr  column-top-margin\" style='border-radius:0px; '><section class=\"av_textblock_section \"  itemscope=\"itemscope\" itemtype=\"https:\/\/schema.org\/BlogPosting\" itemprop=\"blogPost\" ><div class='avia_textblock  '   itemprop=\"text\" ><p style=\"font-weight: 400; text-align: justify;\">La Regi\u00f3n de Ays\u00e9n presenta el 32% de toda la superficie de bosques de Chile, convirti\u00e9ndola en el territorio con mayor presencia de bosques nativos, con alto potencial forestal por desarrollar. Actualmente, su actividad se enfoca en dos productos: le\u00f1a (87%) y madera aserrada (13%), los que presentan bajo desarrollo tecnol\u00f3gico, por ende, de bajo valor pese a contar con especies nativas valiosas en calidad y valor como Nothofagus pumilio (lenga).<\/p>\n<p style=\"font-weight: 400; text-align: justify;\">En este marco, el Campus Patagonia de la Universidad Austral de Chile (UACh) est\u00e1 ejecutando el Programa de Difusi\u00f3n Tecnol\u00f3gica \u201cFortalecimiento t\u00e9cnico y de innovaci\u00f3n del capital humano de la industria del aserr\u00edo, mediante la difusi\u00f3n y transferencia tecnol\u00f3gica para la competitividad del sector forestal de la Regi\u00f3n de Ays\u00e9n\u201d, financiado por Corfo Ays\u00e9n, en el que a trav\u00e9s de actividades como talleres, charlas y visitas a campo, abordar\u00e1 tem\u00e1ticas relevantes para acortar las brechas que presenta este sector productivo.<\/p>\n<p style=\"font-weight: 400; text-align: justify;\">Humberto Mar\u00edn Leiva, director de Corfo Ays\u00e9n, explic\u00f3 que, en el a\u00f1o 2021, el Gobierno Regional de Ays\u00e9n elabor\u00f3 un Informe de diagn\u00f3stico en el marco del Programa Territorial Integrado (PTI), sobre el Desarrollo de la Industria del Aserr\u00edo, determinando una serie de brechas del rubro aserradero, como la falta de calificaci\u00f3n de los recursos humanos, bajo nivel de capacitaci\u00f3n de los productores due\u00f1os de aserraderos y la ausencia de asistencia t\u00e9cnica. \u201cEstas brechas, fundamentales para la productividad, impactan indirectamente sobre otras como bajos niveles de producci\u00f3n y de inversi\u00f3n en innovaci\u00f3n tecnol\u00f3gica e investigaci\u00f3n, debido a que muchos de los due\u00f1os de aserraderos desconocen nuevas tecnolog\u00edas, equipos y procesos disponibles en el mercado, que contribuyen a mejorar su competitividad. Es en este contexto, que buscamos implementar este programa a fin de fortalecer las capacidades t\u00e9cnicas y de innovaci\u00f3n del capital humano en la industria del aserr\u00edo, contribuyendo a la profesionalizaci\u00f3n del rubro, por medio de la certificaci\u00f3n de cursos de capacitaci\u00f3n en el \u00e1mbito forestal\u201d.<\/p>\n<p style=\"font-weight: 400; text-align: justify;\">Por su parte, Dagoberto Uribe, due\u00f1o de la f\u00e1brica de muebles San Francisco y uno de los participantes del programa, destac\u00f3 la preocupaci\u00f3n de Corfo, en trabajar con este sector productivo. \u201cA m\u00ed me parece muy bueno y acertado. Por ejemplo, aqu\u00ed ve\u00edamos los porcentajes y los gr\u00e1ficos de c\u00f3mo trabajan en la novena y en la Regi\u00f3n de Los R\u00edos y estamos bastante lejos todav\u00eda, pr\u00e1cticamente en pa\u00f1ales, en lo relacionado a la explotaci\u00f3n de los bosques para producir madera. Qu\u00e9 bueno que est\u00e9n invirtiendo en esto, poni\u00e9ndole el ojo a la materia prima de la regi\u00f3n, me parece excelente y espero salir mejor preparado de todas estas charlas que se est\u00e1n dando y, que tambi\u00e9n se anuncian, a lo mejor giras, porque es bueno tener la posibilidad de salir a medirse y darse cuenta de lo que uno est\u00e1 haciendo\u201d<\/p>\n<p style=\"font-weight: 400; text-align: justify;\">Rodrigo Morales, ingeniero forestal y director del proyecto de la UACh, indic\u00f3 que el objetivo de este programa es fortalecer y cohesionar a operarios\/as y due\u00f1os\/as de aserraderos y muebler\u00eda regional. \u201cAtendiendo a las brechas que presenta el sector, se pretende generar, en este caso como universidad, una certificaci\u00f3n y formalizaci\u00f3n del rubro maderero, que por muchas d\u00e9cadas no ha sido fortalecido. Por lo tanto, el convocar esto permite generar un rubro m\u00e1s cohesionado y que d\u00e9 valor agregado a los bosques nativos y de madera de alta calidad de la Regi\u00f3n de Ays\u00e9n\u201d.<\/p>\n<p style=\"font-weight: 400; text-align: justify;\">Consultado sobre la principal brecha detectada en el sector, el profesional indic\u00f3 que es el capital humano. \u201cDe acuerdo con las estad\u00edsticas del INFOR del a\u00f1o 2021, de las 121 personas que hoy d\u00eda trabajan y est\u00e1n vinculadas al rubro de la madera, tanto en muebler\u00eda como en aserradero, 101 manifiestan no tener ning\u00fan tipo de capacitaci\u00f3n. Es decir, estamos hablando casi el 90% de gente no capacitada y donde la Universidad tiene expertise en esta l\u00ednea, por lo tanto, podr\u00edamos contribuir enormemente en disminuir esa brecha\u201d.<\/p>\n<p style=\"font-weight: 400; text-align: justify;\"><strong>PROGRAMA<\/strong><\/p>\n<p style=\"font-weight: 400; text-align: justify;\">La propuesta aborda directamente las brechas referentes al Capital Humano de la Industria del Aserr\u00edo, y priorizadas en el informe de aserraderos del Gore de Ays\u00e9n (2021), como la Calificaci\u00f3n de los Recursos Humano (Operarios) referida a calificar la mano de obra del rubro, la segunda es el Bajo Nivel de Capacitaci\u00f3n de los Productores (Propietarios). Por medio de un Plan de Difusi\u00f3n que contempla Capacitaciones con especialistas y t\u00e9cnicos de la UACh de amplia trayectoria en la formaci\u00f3n forestal. Adem\u00e1s, contempla Giras Nacionales a aserraderos, industrias y talleres con tecnolog\u00edas de vanguardia, como ejemplos pertinentes a la realidad local de Ays\u00e9n. El Asesoramientos In Situ de los propietarios referente a sus operaciones productivas, repercutiendo en mejoras de productividad.<\/p>\n<\/div><\/section><\/div><\/p>\n<div  style='height:50px' class='hr hr-invisible   avia-builder-el-6  el_after_av_one_full  el_before_av_social_share '><span class='hr-inner ' ><span class='hr-inner-style'><\/span><\/span><\/div>\n<div  class='av-social-sharing-box  avia-builder-el-7  el_after_av_hr  el_before_av_hr  '><div class='av-share-box'><h5 class='av-share-link-description av-no-toc '>Compartir esta noticia<\/h5><ul class='av-share-box-list noLightbox'><li class='av-share-link av-social-link-facebook' ><a target=\"_blank\" aria-label=\"Compartir en Facebook\" href='https:\/\/www.facebook.com\/sharer.php?u=https:\/\/radiorevelacionfm.cl\/?p=32104&#038;t=Buscan%20instalar%20nuevas%20tecnolog%C3%ADas%20e%20innovaci%C3%B3n%20en%20pymes%20de%20la%20industria%20del%20aserr%C3%ADo%20a%20trav%C3%A9s%20de%20Programa%20Corfo%20Ays%C3%A9n-UACh' aria-hidden='false' data-av_icon='\ue8f3' data-av_iconfont='entypo-fontello' title='' data-avia-related-tooltip='Compartir en Facebook' rel=\"noopener\"><span class='avia_hidden_link_text'>Compartir en Facebook<\/span><\/a><\/li><li class='av-share-link av-social-link-twitter' ><a target=\"_blank\" aria-label=\"Compartir en Twitter\" href='https:\/\/twitter.com\/share?text=Buscan%20instalar%20nuevas%20tecnolog%C3%ADas%20e%20innovaci%C3%B3n%20en%20pymes%20de%20la%20industria%20del%20aserr%C3%ADo%20a%20trav%C3%A9s%20de%20Programa%20Corfo%20Ays%C3%A9n-UACh&#038;url=https:\/\/radiorevelacionfm.cl\/?p=32104' aria-hidden='false' data-av_icon='\ue8f1' data-av_iconfont='entypo-fontello' title='' data-avia-related-tooltip='Compartir en Twitter' rel=\"noopener\"><span class='avia_hidden_link_text'>Compartir en Twitter<\/span><\/a><\/li><li class='av-share-link av-social-link-whatsapp' ><a target=\"_blank\" aria-label=\"Compartir en Whatsapp\" href='https:\/\/api.whatsapp.com\/send?text=https:\/\/radiorevelacionfm.cl\/?p=32104' aria-hidden='false' data-av_icon='\uf232' data-av_iconfont='entypo-fontello' title='' data-avia-related-tooltip='Compartir en Whatsapp' rel=\"noopener\"><span class='avia_hidden_link_text'>Compartir en Whatsapp<\/span><\/a><\/li><li class='av-share-link av-social-link-linkedin' ><a target=\"_blank\" aria-label=\"Compartir en LinkedIn\" href='https:\/\/linkedin.com\/shareArticle?mini=true&#038;title=Buscan%20instalar%20nuevas%20tecnolog%C3%ADas%20e%20innovaci%C3%B3n%20en%20pymes%20de%20la%20industria%20del%20aserr%C3%ADo%20a%20trav%C3%A9s%20de%20Programa%20Corfo%20Ays%C3%A9n-UACh&#038;url=https:\/\/radiorevelacionfm.cl\/?p=32104' aria-hidden='false' data-av_icon='\ue8fc' data-av_iconfont='entypo-fontello' title='' data-avia-related-tooltip='Compartir en LinkedIn' rel=\"noopener\"><span class='avia_hidden_link_text'>Compartir en LinkedIn<\/span><\/a><\/li><li class='av-share-link av-social-link-mail' ><a  aria-label=\"Compartir por correo\" href='mailto:?subject=Buscan%20instalar%20nuevas%20tecnolog%C3%ADas%20e%20innovaci%C3%B3n%20en%20pymes%20de%20la%20industria%20del%20aserr%C3%ADo%20a%20trav%C3%A9s%20de%20Programa%20Corfo%20Ays%C3%A9n-UACh&#038;body=https:\/\/radiorevelacionfm.cl\/?p=32104' aria-hidden='false' data-av_icon='\ue805' data-av_iconfont='entypo-fontello' title='' data-avia-related-tooltip='Compartir por correo'><span class='avia_hidden_link_text'>Compartir por correo<\/span><\/a><\/li><\/ul><\/div><\/div>\n<div  style='height:50px' class='hr hr-invisible   avia-builder-el-8  el_after_av_social_share  el_before_av_comments_list '><span class='hr-inner ' ><span class='hr-inner-style'><\/span><\/span><\/div>\n<div  class='av-buildercomment  av-blog-meta-html-info-disabled av-blog-meta-tag-disabled  '><\/div>\n","protected":false},"excerpt":{"rendered":"","protected":false},"author":1,"featured_media":32105,"comment_status":"open","ping_status":"open","sticky":false,"template":"","format":"standard","meta":{"footnotes":""},"categories":[38],"tags":[],"class_list":["post-32104","post","type-post","status-publish","format-standard","has-post-thumbnail","hentry","category-regional"],"jetpack_featured_media_url":"https:\/\/radiorevelacionfm.cl\/wp-content\/uploads\/2023\/06\/02-pdt-aserrio-1_optimized.jpg","_links":{"self":[{"href":"https:\/\/radiorevelacionfm.cl\/index.php?rest_route=\/wp\/v2\/posts\/32104","targetHints":{"allow":["GET"]}}],"collection":[{"href":"https:\/\/radiorevelacionfm.cl\/index.php?rest_route=\/wp\/v2\/posts"}],"about":[{"href":"https:\/\/radiorevelacionfm.cl\/index.php?rest_route=\/wp\/v2\/types\/post"}],"author":[{"embeddable":true,"href":"https:\/\/radiorevelacionfm.cl\/index.php?rest_route=\/wp\/v2\/users\/1"}],"replies":[{"embeddable":true,"href":"https:\/\/radiorevelacionfm.cl\/index.php?rest_route=%2Fwp%2Fv2%2Fcomments&post=32104"}],"version-history":[{"count":2,"href":"https:\/\/radiorevelacionfm.cl\/index.php?rest_route=\/wp\/v2\/posts\/32104\/revisions"}],"predecessor-version":[{"id":32113,"href":"https:\/\/radiorevelacionfm.cl\/index.php?rest_route=\/wp\/v2\/posts\/32104\/revisions\/32113"}],"wp:featuredmedia":[{"embeddable":true,"href":"https:\/\/radiorevelacionfm.cl\/index.php?rest_route=\/wp\/v2\/media\/32105"}],"wp:attachment":[{"href":"https:\/\/radiorevelacionfm.cl\/index.php?rest_route=%2Fwp%2Fv2%2Fmedia&parent=32104"}],"wp:term":[{"taxonomy":"category","embeddable":true,"href":"https:\/\/radiorevelacionfm.cl\/index.php?rest_route=%2Fwp%2Fv2%2Fcategories&post=32104"},{"taxonomy":"post_tag","embeddable":true,"href":"https:\/\/radiorevelacionfm.cl\/index.php?rest_route=%2Fwp%2Fv2%2Ftags&post=32104"}],"curies":[{"name":"wp","href":"https:\/\/api.w.org\/{rel}","templated":true}]}}