{"id":32101,"date":"2023-06-15T18:27:17","date_gmt":"2023-06-15T21:27:17","guid":{"rendered":"https:\/\/radiorevelacionfm.cl\/?p=32101"},"modified":"2023-06-15T18:27:17","modified_gmt":"2023-06-15T21:27:17","slug":"lanzan-campana-regional-del-programa-familia-de-acogida","status":"publish","type":"post","link":"https:\/\/radiorevelacionfm.cl\/?p=32101","title":{"rendered":"Lanzan campa\u00f1a regional del programa Familia de Acogida"},"content":{"rendered":"<div class=\"flex_column av_one_full  flex_column_div av-zero-column-padding first  avia-builder-el-0  el_before_av_one_full  avia-builder-el-first  \" style='border-radius:0px; '><div  class='avia-image-container  av-styling-    avia-builder-el-1  avia-builder-el-no-sibling  avia-align-center '  itemprop=\"image\" itemscope=\"itemscope\" itemtype=\"https:\/\/schema.org\/ImageObject\"  ><div class='avia-image-container-inner'><div class='avia-image-overlay-wrap'><img decoding=\"async\" class='wp-image-32102 avia-img-lazy-loading-not-32102 avia_image' src=\"https:\/\/radiorevelacionfm.cl\/wp-content\/uploads\/2023\/06\/1-67-1-1_optimized.jpg\" alt='' title='1-(67)-(1)-(1)_optimized' height=\"600\" width=\"1156\"  itemprop=\"thumbnailUrl\" srcset=\"https:\/\/radiorevelacionfm.cl\/wp-content\/uploads\/2023\/06\/1-67-1-1_optimized.jpg 1156w, https:\/\/radiorevelacionfm.cl\/wp-content\/uploads\/2023\/06\/1-67-1-1_optimized-300x156.jpg 300w, https:\/\/radiorevelacionfm.cl\/wp-content\/uploads\/2023\/06\/1-67-1-1_optimized-1030x535.jpg 1030w, https:\/\/radiorevelacionfm.cl\/wp-content\/uploads\/2023\/06\/1-67-1-1_optimized-768x399.jpg 768w, https:\/\/radiorevelacionfm.cl\/wp-content\/uploads\/2023\/06\/1-67-1-1_optimized-705x366.jpg 705w, https:\/\/radiorevelacionfm.cl\/wp-content\/uploads\/2023\/06\/1-67-1-1_optimized-450x234.jpg 450w, https:\/\/radiorevelacionfm.cl\/wp-content\/uploads\/2023\/06\/1-67-1-1_optimized-600x311.jpg 600w\" sizes=\"(max-width: 1156px) 100vw, 1156px\" \/><\/div><\/div><\/div><\/div><div class=\"flex_column av_one_full  flex_column_div av-zero-column-padding first  avia-builder-el-2  el_after_av_one_full  el_before_av_one_full  column-top-margin\" style='border-radius:0px; '><section class=\"av_textblock_section \"  itemscope=\"itemscope\" itemtype=\"https:\/\/schema.org\/BlogPosting\" itemprop=\"blogPost\" ><div class='avia_textblock  '   itemprop=\"text\" ><p style=\"text-align: center;\"><span style=\"font-size: 18pt;\"><b>Lanzan campa\u00f1a regional del programa Familia de Acogida<\/b><\/span><\/p>\n<div id=\"gtx-trans\" style=\"position: absolute; left: -50px; top: 4.31534px;\">\n<div class=\"gtx-trans-icon\"><\/div>\n<\/div>\n<\/div><\/section><\/div><div class=\"flex_column av_one_full  flex_column_div av-zero-column-padding first  avia-builder-el-4  el_after_av_one_full  el_before_av_hr  column-top-margin\" style='border-radius:0px; '><section class=\"av_textblock_section \"  itemscope=\"itemscope\" itemtype=\"https:\/\/schema.org\/BlogPosting\" itemprop=\"blogPost\" ><div class='avia_textblock  '   itemprop=\"text\" ><p style=\"font-weight: 400; text-align: justify;\">El Programa Familia de Acogida que lleva adelante el Servicio de Protecci\u00f3n Especializada a la ni\u00f1ez y la adolescencia, es una iniciativa de cuidado alternativo que busca que un ni\u00f1o, ni\u00f1a y adolescente que ha sido vulnerado en sus derechos y su caso es conocido y derivado desde un tribunal, pueda acceder de manera transitoria por un tiempo determinado a estar en un hogar donde se le entregue el cuidado, cari\u00f1o, amor y acogimiento necesario.<\/p>\n<p style=\"font-weight: 400; text-align: justify;\">Es por eso que desde dicho servicio (SPE) que se inserta dentro del Ministerio de Desarrollo Social y Familia, lanz\u00f3 la campa\u00f1a a nivel regional que tiene como objetivo aumentar las familias de acogida en Ays\u00e9n.<\/p>\n<p style=\"font-weight: 400; text-align: justify;\">El director regional del Servicio de Protecci\u00f3n Especializada Sergio Becerra, indic\u00f3 que \u201cIniciamos esta campa\u00f1a de difusi\u00f3n y entrega de informaci\u00f3n sobre el programa Familia de Acogida Especializada que este a\u00f1o tiene un slogan que es\u00a0<em>El Poder de Cuidar.\u00a0<\/em>Para nosotros es muy importante que la sociedad en su conjunto, la comunidad y actores relevantes de la sociedad civil conozcan este programa y se hagan part\u00edcipes. Para ello nuestro servicio ha dise\u00f1ado un sistema de postulaci\u00f3n a trav\u00e9s de la web\u00a0<a href=\"http:\/\/www.mejorninez.cl\/\" data-saferedirecturl=\"https:\/\/www.google.com\/url?q=http:\/\/www.mejorninez.cl&amp;source=gmail&amp;ust=1686938586651000&amp;usg=AOvVaw1n3iGTq5o7DURhZ0zOvdo6\">www.mejorninez.cl<\/a>\u00a0con una convocatoria a nivel nacional pero tambi\u00e9n regional. Por lo tanto, si perteneces a alguna comuna de Ays\u00e9n y quieres inscribirte ese es el lugar donde puedes acceder. Necesitamos aumentar el n\u00famero de familias de acogida para ir en apoyo de los ni\u00f1os, ni\u00f1as y adolescentes que el tribunal determine y as\u00ed que puedan estar al cuidado, amor y acogimiento de una familia. Finalmente quiero se\u00f1alar que durante junio y el segundo semestre estaremos realizando diversas acciones de difusi\u00f3n en medios de comunicaci\u00f3n, pero tambi\u00e9n en contacto directo con la comunidad a trav\u00e9s de la entrega de d\u00edpticos informativos y la realizaci\u00f3n de charlas que estamos preparando para organizaciones de la sociedad civil que quieren tener en detalle esta informaci\u00f3n\u201d.<\/p>\n<p style=\"font-weight: 400; text-align: justify;\">Por su parte una de las organizaciones que se sum\u00f3 a esta iniciativa es la Asociaci\u00f3n\u00a0<em>TEAcompa\u00f1amos<\/em>. Su presidenta Claudia Bilbao, particip\u00f3 del lanzamiento regional de la campa\u00f1a y se\u00f1al\u00f3 que \u201cComo Asociaci\u00f3n no nos podemos restar de una actividad como \u00e9sta y promover el que puedan haber familias que acojan a ni\u00f1os y adolescentes que de alguna manera han sido vulnerados en sus derechos y es fundamental para poder protegerlos y permitir que se desarrollen de la mejor manera posible. En nuestro caso, como Asociaci\u00f3n, estamos pendientes de los ni\u00f1os, ni\u00f1as y adolescentes que pertenecen al espectro autista que ya son una poblaci\u00f3n dentro de la infancia y adolescencia son a\u00fan m\u00e1s vulnerables as\u00ed que con mayor raz\u00f3n estamos apoyando esta acci\u00f3n que busca aumentar de familias de acogida en todas las comunas de la regi\u00f3n por medio de esta campa\u00f1a que se inicia en este mes de junio\u201d, se\u00f1al\u00f3 la dirigenta.<\/p>\n<p style=\"font-weight: 400; text-align: justify;\">Finalmente, Mar\u00eda Cristina S\u00e1nchez, Directora del organismo encargado de captar, capacitar y seleccionar a las familias de acogida en la regi\u00f3n (FAE Pro Amig\u00f3) realiz\u00f3 un llamado a las diversas familias de la Patagonia a sumarse a esta iniciativa y tambi\u00e9n entreg\u00f3 informaci\u00f3n de contacto para que los interesados puedan acceder a sus datos de contacto \u201cNuestras oficinas est\u00e1n ubicadas en calle Barroso 816 en la ciudad de Coyhaique paras que cualquier persona que requiera informaci\u00f3n del programa FAE pueda visitarnos y ojala pudiera ser parte de esta iniciativa\u201d.<\/p>\n<p style=\"font-weight: 400; text-align: justify;\">Si quieres ser parte de esta acci\u00f3n puedes inscribirte en internet por medio de la web www.mejorninez .cl banner\u00a0<em>Familia de Acogida<\/em>, cuya postulaci\u00f3n ser\u00e1 direccionada a la regi\u00f3n correspondiente una vez que se llene un formulario de entrada con datos b\u00e1sicos del o la interesada.<\/p>\n<\/div><\/section><\/div><div  style='height:50px' class='hr hr-invisible   avia-builder-el-6  el_after_av_one_full  el_before_av_social_share '><span class='hr-inner ' ><span class='hr-inner-style'><\/span><\/span><\/div><\/p>\n<div  class='av-social-sharing-box  avia-builder-el-7  el_after_av_hr  el_before_av_hr  '><div class='av-share-box'><h5 class='av-share-link-description av-no-toc '>Compartir esta noticia<\/h5><ul class='av-share-box-list noLightbox'><li class='av-share-link av-social-link-facebook' ><a target=\"_blank\" aria-label=\"Compartir en Facebook\" href='https:\/\/www.facebook.com\/sharer.php?u=https:\/\/radiorevelacionfm.cl\/?p=32101&#038;t=Lanzan%20campa%C3%B1a%20regional%20del%20programa%20Familia%20de%20Acogida' aria-hidden='false' data-av_icon='\ue8f3' data-av_iconfont='entypo-fontello' title='' data-avia-related-tooltip='Compartir en Facebook' rel=\"noopener\"><span class='avia_hidden_link_text'>Compartir en Facebook<\/span><\/a><\/li><li class='av-share-link av-social-link-twitter' ><a target=\"_blank\" aria-label=\"Compartir en Twitter\" href='https:\/\/twitter.com\/share?text=Lanzan%20campa%C3%B1a%20regional%20del%20programa%20Familia%20de%20Acogida&#038;url=https:\/\/radiorevelacionfm.cl\/?p=32101' aria-hidden='false' data-av_icon='\ue8f1' data-av_iconfont='entypo-fontello' title='' data-avia-related-tooltip='Compartir en Twitter' rel=\"noopener\"><span class='avia_hidden_link_text'>Compartir en Twitter<\/span><\/a><\/li><li class='av-share-link av-social-link-whatsapp' ><a target=\"_blank\" aria-label=\"Compartir en Whatsapp\" href='https:\/\/api.whatsapp.com\/send?text=https:\/\/radiorevelacionfm.cl\/?p=32101' aria-hidden='false' data-av_icon='\uf232' data-av_iconfont='entypo-fontello' title='' data-avia-related-tooltip='Compartir en Whatsapp' rel=\"noopener\"><span class='avia_hidden_link_text'>Compartir en Whatsapp<\/span><\/a><\/li><li class='av-share-link av-social-link-linkedin' ><a target=\"_blank\" aria-label=\"Compartir en LinkedIn\" href='https:\/\/linkedin.com\/shareArticle?mini=true&#038;title=Lanzan%20campa%C3%B1a%20regional%20del%20programa%20Familia%20de%20Acogida&#038;url=https:\/\/radiorevelacionfm.cl\/?p=32101' aria-hidden='false' data-av_icon='\ue8fc' data-av_iconfont='entypo-fontello' title='' data-avia-related-tooltip='Compartir en LinkedIn' rel=\"noopener\"><span class='avia_hidden_link_text'>Compartir en LinkedIn<\/span><\/a><\/li><li class='av-share-link av-social-link-mail' ><a  aria-label=\"Compartir por correo\" href='mailto:?subject=Lanzan%20campa%C3%B1a%20regional%20del%20programa%20Familia%20de%20Acogida&#038;body=https:\/\/radiorevelacionfm.cl\/?p=32101' aria-hidden='false' data-av_icon='\ue805' data-av_iconfont='entypo-fontello' title='' data-avia-related-tooltip='Compartir por correo'><span class='avia_hidden_link_text'>Compartir por correo<\/span><\/a><\/li><\/ul><\/div><\/div>\n<div  style='height:50px' class='hr hr-invisible   avia-builder-el-8  el_after_av_social_share  el_before_av_comments_list '><span class='hr-inner ' ><span class='hr-inner-style'><\/span><\/span><\/div>\n<div  class='av-buildercomment  av-blog-meta-html-info-disabled av-blog-meta-tag-disabled  '><\/div>\n","protected":false},"excerpt":{"rendered":"","protected":false},"author":1,"featured_media":32102,"comment_status":"open","ping_status":"open","sticky":false,"template":"","format":"standard","meta":{"footnotes":""},"categories":[38],"tags":[],"class_list":["post-32101","post","type-post","status-publish","format-standard","has-post-thumbnail","hentry","category-regional"],"jetpack_featured_media_url":"https:\/\/radiorevelacionfm.cl\/wp-content\/uploads\/2023\/06\/1-67-1-1_optimized.jpg","_links":{"self":[{"href":"https:\/\/radiorevelacionfm.cl\/index.php?rest_route=\/wp\/v2\/posts\/32101","targetHints":{"allow":["GET"]}}],"collection":[{"href":"https:\/\/radiorevelacionfm.cl\/index.php?rest_route=\/wp\/v2\/posts"}],"about":[{"href":"https:\/\/radiorevelacionfm.cl\/index.php?rest_route=\/wp\/v2\/types\/post"}],"author":[{"embeddable":true,"href":"https:\/\/radiorevelacionfm.cl\/index.php?rest_route=\/wp\/v2\/users\/1"}],"replies":[{"embeddable":true,"href":"https:\/\/radiorevelacionfm.cl\/index.php?rest_route=%2Fwp%2Fv2%2Fcomments&post=32101"}],"version-history":[{"count":1,"href":"https:\/\/radiorevelacionfm.cl\/index.php?rest_route=\/wp\/v2\/posts\/32101\/revisions"}],"predecessor-version":[{"id":32103,"href":"https:\/\/radiorevelacionfm.cl\/index.php?rest_route=\/wp\/v2\/posts\/32101\/revisions\/32103"}],"wp:featuredmedia":[{"embeddable":true,"href":"https:\/\/radiorevelacionfm.cl\/index.php?rest_route=\/wp\/v2\/media\/32102"}],"wp:attachment":[{"href":"https:\/\/radiorevelacionfm.cl\/index.php?rest_route=%2Fwp%2Fv2%2Fmedia&parent=32101"}],"wp:term":[{"taxonomy":"category","embeddable":true,"href":"https:\/\/radiorevelacionfm.cl\/index.php?rest_route=%2Fwp%2Fv2%2Fcategories&post=32101"},{"taxonomy":"post_tag","embeddable":true,"href":"https:\/\/radiorevelacionfm.cl\/index.php?rest_route=%2Fwp%2Fv2%2Ftags&post=32101"}],"curies":[{"name":"wp","href":"https:\/\/api.w.org\/{rel}","templated":true}]}}