{"id":32098,"date":"2023-06-16T12:26:02","date_gmt":"2023-06-16T15:26:02","guid":{"rendered":"https:\/\/radiorevelacionfm.cl\/?p=32098"},"modified":"2023-06-16T12:26:02","modified_gmt":"2023-06-16T15:26:02","slug":"fiscalia-y-universidad-de-aysen-firman-convenio-de-colaboracion-que-apunta-a-la-formacion-y-trabajo-con-la-comunidad","status":"publish","type":"post","link":"https:\/\/radiorevelacionfm.cl\/?p=32098","title":{"rendered":"Fiscal\u00eda y Universidad de Ays\u00e9n firman convenio de colaboraci\u00f3n que apunta a la formaci\u00f3n y trabajo con la comunidad"},"content":{"rendered":"<div class=\"flex_column av_one_full  flex_column_div av-zero-column-padding first  avia-builder-el-0  el_before_av_one_full  avia-builder-el-first  \" style='border-radius:0px; '><div  class='avia-image-container  av-styling-    avia-builder-el-1  avia-builder-el-no-sibling  avia-align-center '  itemprop=\"image\" itemscope=\"itemscope\" itemtype=\"https:\/\/schema.org\/ImageObject\"  ><div class='avia-image-container-inner'><div class='avia-image-overlay-wrap'><img decoding=\"async\" class='wp-image-32099 avia-img-lazy-loading-not-32099 avia_image' src=\"https:\/\/radiorevelacionfm.cl\/wp-content\/uploads\/2023\/06\/Firma_convenio1-1-1.jpg\" alt='' title='Firma_convenio1 (1) (1)' height=\"600\" width=\"1069\"  itemprop=\"thumbnailUrl\" srcset=\"https:\/\/radiorevelacionfm.cl\/wp-content\/uploads\/2023\/06\/Firma_convenio1-1-1.jpg 1069w, https:\/\/radiorevelacionfm.cl\/wp-content\/uploads\/2023\/06\/Firma_convenio1-1-1-300x168.jpg 300w, https:\/\/radiorevelacionfm.cl\/wp-content\/uploads\/2023\/06\/Firma_convenio1-1-1-1030x578.jpg 1030w, https:\/\/radiorevelacionfm.cl\/wp-content\/uploads\/2023\/06\/Firma_convenio1-1-1-768x431.jpg 768w, https:\/\/radiorevelacionfm.cl\/wp-content\/uploads\/2023\/06\/Firma_convenio1-1-1-705x396.jpg 705w, https:\/\/radiorevelacionfm.cl\/wp-content\/uploads\/2023\/06\/Firma_convenio1-1-1-450x253.jpg 450w, https:\/\/radiorevelacionfm.cl\/wp-content\/uploads\/2023\/06\/Firma_convenio1-1-1-600x337.jpg 600w\" sizes=\"(max-width: 1069px) 100vw, 1069px\" \/><\/div><\/div><\/div><\/div><div class=\"flex_column av_one_full  flex_column_div av-zero-column-padding first  avia-builder-el-2  el_after_av_one_full  el_before_av_one_full  column-top-margin\" style='border-radius:0px; '><section class=\"av_textblock_section \"  itemscope=\"itemscope\" itemtype=\"https:\/\/schema.org\/BlogPosting\" itemprop=\"blogPost\" ><div class='avia_textblock  '   itemprop=\"text\" ><p style=\"text-align: center;\"><strong><span style=\"font-size: 18pt;\">Fiscal\u00eda y Universidad de Ays\u00e9n firman convenio de colaboraci\u00f3n que apunta a la formaci\u00f3n y trabajo con la comunidad<\/span><\/strong><\/p>\n<div id=\"gtx-trans\" style=\"position: absolute; left: -50px; top: 4.31534px;\">\n<div class=\"gtx-trans-icon\"><\/div>\n<\/div>\n<\/div><\/section><\/div><div class=\"flex_column av_one_full  flex_column_div av-zero-column-padding first  avia-builder-el-4  el_after_av_one_full  el_before_av_hr  column-top-margin\" style='border-radius:0px; '><section class=\"av_textblock_section \"  itemscope=\"itemscope\" itemtype=\"https:\/\/schema.org\/BlogPosting\" itemprop=\"blogPost\" ><div class='avia_textblock  '   itemprop=\"text\" ><p style=\"font-weight: 400; text-align: justify;\"><em>Dar\u00e1 la posibilidad de efectuar pr\u00e1cticas profesionales en el Ministerio P\u00fablico, organizar congresos, seminarios y eventos similares sobre temas que revistan inter\u00e9s para ambas instituciones, capacitaci\u00f3n rec\u00edproca, facilitar el acceso a las bibliotecas y centros de documentaci\u00f3n que cada instituci\u00f3n posee, entre otras iniciativas.<\/em><\/p>\n<p style=\"font-weight: 400; text-align: justify;\">Un convenio de colaboraci\u00f3n mutua respecto de tem\u00e1ticas relacionadas con investigaci\u00f3n, docencia, vinculaci\u00f3n con el medio y actividades de extensi\u00f3n, firm\u00f3 la Fiscal\u00eda Regional de Ays\u00e9n y la Universidad de Ays\u00e9n, en una ceremonia efectuada en el edificio institucional del Ministerio P\u00fablico. A la firma del acuerdo, asisti\u00f3 el Fiscal Regional, Carlos Palma Guerra y la Rectora, Natacha Pino Acu\u00f1a, adem\u00e1s de profesionales de dicha casa de estudios superiores y autoridades de la entidad encargada de dirigir la investigaci\u00f3n de los delitos.<\/p>\n<p style=\"font-weight: 400; text-align: justify;\">\u201cPara nosotros es fundamental trabajar mancomunadamente en formaci\u00f3n. En esta oportunidad, hemos tenido la posibilidad de celebrar este Convenio Marco con la Universidad de Ays\u00e9n que va a ser clave en el perfeccionamiento, capacitaci\u00f3n, formaci\u00f3n, difusi\u00f3n e interacci\u00f3n con la comunidad. La idea tambi\u00e9n, es poder proyectar un mejoramiento continuo para nuestros funcionarios y funcionarias, as\u00ed como funcionarios y funcionarias de la Universidad, compartir conocimientos en materias de investigaci\u00f3n, todas herramientas que van a redundar en el mejor ejercicio de la persecuci\u00f3n penal y por lo tanto, en el bienestar de la comunidad de la Regi\u00f3n de Ays\u00e9n\u201d, coment\u00f3 el Fiscal Regional, Carlos Palma Guerra.<\/p>\n<p style=\"font-weight: 400; text-align: justify;\">PROCESOS FORMATIVOS<\/p>\n<p style=\"font-weight: 400; text-align: justify;\">Por su parte la Rectora, Natacha Pino Acu\u00f1a, sostuvo que \u201ces importante haber llegado a este hito de firma de convenio de colaboraci\u00f3n. Es un convenio amplio que nos va a permitir relacionarnos en procesos formativos; necesitamos formarnos tanto nosotros como funcionarios de la Universidad de Ays\u00e9n, nuestros estudiantes, acad\u00e9micos, personal de colaboraci\u00f3n, pero en conjunto tambi\u00e9n aportar al proceso formativo de la propia ciudadan\u00eda\u201d, expres\u00f3 la Rectora, Natacha Pino.<\/p>\n<p style=\"font-weight: 400; text-align: justify;\">El Fiscal Regional, Carlos Palma, a\u00f1adi\u00f3 que \u201cen el marco de este convenio podr\u00edamos lograr una mayor docencia, cursos de especializaci\u00f3n y por lo tanto, eso va a significar que estudiantes, profesionales, empleados p\u00fablicos asociados al tema de investigaci\u00f3n y persecuci\u00f3n, puedan acceder a mejores y mayores conocimientos\u201d.<\/p>\n<p style=\"font-weight: 400; text-align: justify;\">PR\u00c1CTICAS PROFESIONALES<\/p>\n<p style=\"font-weight: 400; text-align: justify;\">Este convenio de colaboraci\u00f3n mutua posibilitar\u00e1, adem\u00e1s del desarrollo de pr\u00e1cticas profesionales de alumnos y alumnas de la Universidad de Ays\u00e9n, la organizaci\u00f3n de congresos, seminarios y eventos similares sobre temas que revistan inter\u00e9s para ambas instituciones; capacitaci\u00f3n rec\u00edproca de los funcionarios y funcionarias de ambas entidades; \u00a0otorgar patrocinio a las actividades organizadas por el Ministerio P\u00fablico y la Universidad de Ays\u00e9n; \u00a0facilitar el acceso a las bibliotecas y centros de documentaci\u00f3n que cada instituci\u00f3n posee; entre otras iniciativas a definir.<\/p>\n<p style=\"font-weight: 400; text-align: justify;\">Actualmente la Fiscal\u00eda Regional cuenta con dos alumnas de la carrera de Trabajo Social que efect\u00faan su pr\u00e1ctica profesional en la Unidad de Atenci\u00f3n a V\u00edctimas y Testigos (URAVIT) y se espera que otros estudiantes tambi\u00e9n puedan tener esta experiencia.<\/p>\n<p style=\"font-weight: 400; text-align: justify;\">La Rectora Natacha Pino a\u00f1adi\u00f3 que la Universidad de Ays\u00e9n, en el marco de este convenio, puede \u201ccolaborar desde pr\u00e1cticas profesionales, trabajos de investigaci\u00f3n y apoyarnos continuamente en procesos de vinculaci\u00f3n con el medio. Yo creo que eso es fundamental, salir juntos con iniciativas que vayan en pos de una mejor ciudadan\u00eda tambi\u00e9n, entonces muy contenta con haber logrado este hito y ahora tenemos mucho que trabajar e implementar\u201d.<\/p>\n<p style=\"font-weight: 400; text-align: justify;\">ESTUDIANTES<\/p>\n<p style=\"font-weight: 400; text-align: justify;\">En relaci\u00f3n al beneficio para los estudiantes, la Rectora de la Universidad de Ays\u00e9n, dijo que \u201cva a acompa\u00f1ar los procesos formativos, los va a complementar, va a permitir tener una colaboraci\u00f3n mucho m\u00e1s cercana, ya sea en asignaturas propiamente tal y en temas de investigaci\u00f3n que sea necesario avanzar desde la Academia. Entonces los estudiantes tambi\u00e9n est\u00e1n presentes en esos procesos\u201d.<\/p>\n<p style=\"font-weight: 400; text-align: justify;\">Cabe recordar que la Fiscal\u00eda es una instituci\u00f3n del Estado y es responsable de dirigir las investigaciones criminales, ejercer cuando resulte procedente la acci\u00f3n penal p\u00fablica, instando por resolver adecuada y oportunamente los diversos casos penales y adem\u00e1s, adopta las medidas necesarias para la atenci\u00f3n y protecci\u00f3n de v\u00edctimas y testigos.<\/p>\n<\/div><\/section><\/div><div  style='height:50px' class='hr hr-invisible   avia-builder-el-6  el_after_av_one_full  el_before_av_social_share '><span class='hr-inner ' ><span class='hr-inner-style'><\/span><\/span><\/div><\/p>\n<div  class='av-social-sharing-box  avia-builder-el-7  el_after_av_hr  el_before_av_hr  '><div class='av-share-box'><h5 class='av-share-link-description av-no-toc '>Compartir esta noticia<\/h5><ul class='av-share-box-list noLightbox'><li class='av-share-link av-social-link-facebook' ><a target=\"_blank\" aria-label=\"Compartir en Facebook\" href='https:\/\/www.facebook.com\/sharer.php?u=https:\/\/radiorevelacionfm.cl\/?p=32098&#038;t=Fiscal%C3%ADa%20y%20Universidad%20de%20Ays%C3%A9n%20firman%20convenio%20de%20colaboraci%C3%B3n%20que%20apunta%20a%20la%20formaci%C3%B3n%20y%20trabajo%20con%20la%20comunidad' aria-hidden='false' data-av_icon='\ue8f3' data-av_iconfont='entypo-fontello' title='' data-avia-related-tooltip='Compartir en Facebook' rel=\"noopener\"><span class='avia_hidden_link_text'>Compartir en Facebook<\/span><\/a><\/li><li class='av-share-link av-social-link-twitter' ><a target=\"_blank\" aria-label=\"Compartir en Twitter\" href='https:\/\/twitter.com\/share?text=Fiscal%C3%ADa%20y%20Universidad%20de%20Ays%C3%A9n%20firman%20convenio%20de%20colaboraci%C3%B3n%20que%20apunta%20a%20la%20formaci%C3%B3n%20y%20trabajo%20con%20la%20comunidad&#038;url=https:\/\/radiorevelacionfm.cl\/?p=32098' aria-hidden='false' data-av_icon='\ue8f1' data-av_iconfont='entypo-fontello' title='' data-avia-related-tooltip='Compartir en Twitter' rel=\"noopener\"><span class='avia_hidden_link_text'>Compartir en Twitter<\/span><\/a><\/li><li class='av-share-link av-social-link-whatsapp' ><a target=\"_blank\" aria-label=\"Compartir en Whatsapp\" href='https:\/\/api.whatsapp.com\/send?text=https:\/\/radiorevelacionfm.cl\/?p=32098' aria-hidden='false' data-av_icon='\uf232' data-av_iconfont='entypo-fontello' title='' data-avia-related-tooltip='Compartir en Whatsapp' rel=\"noopener\"><span class='avia_hidden_link_text'>Compartir en Whatsapp<\/span><\/a><\/li><li class='av-share-link av-social-link-linkedin' ><a target=\"_blank\" aria-label=\"Compartir en LinkedIn\" href='https:\/\/linkedin.com\/shareArticle?mini=true&#038;title=Fiscal%C3%ADa%20y%20Universidad%20de%20Ays%C3%A9n%20firman%20convenio%20de%20colaboraci%C3%B3n%20que%20apunta%20a%20la%20formaci%C3%B3n%20y%20trabajo%20con%20la%20comunidad&#038;url=https:\/\/radiorevelacionfm.cl\/?p=32098' aria-hidden='false' data-av_icon='\ue8fc' data-av_iconfont='entypo-fontello' title='' data-avia-related-tooltip='Compartir en LinkedIn' rel=\"noopener\"><span class='avia_hidden_link_text'>Compartir en LinkedIn<\/span><\/a><\/li><li class='av-share-link av-social-link-mail' ><a  aria-label=\"Compartir por correo\" href='mailto:?subject=Fiscal%C3%ADa%20y%20Universidad%20de%20Ays%C3%A9n%20firman%20convenio%20de%20colaboraci%C3%B3n%20que%20apunta%20a%20la%20formaci%C3%B3n%20y%20trabajo%20con%20la%20comunidad&#038;body=https:\/\/radiorevelacionfm.cl\/?p=32098' aria-hidden='false' data-av_icon='\ue805' data-av_iconfont='entypo-fontello' title='' data-avia-related-tooltip='Compartir por correo'><span class='avia_hidden_link_text'>Compartir por correo<\/span><\/a><\/li><\/ul><\/div><\/div>\n<div  style='height:50px' class='hr hr-invisible   avia-builder-el-8  el_after_av_social_share  el_before_av_comments_list '><span class='hr-inner ' ><span class='hr-inner-style'><\/span><\/span><\/div>\n<div  class='av-buildercomment  av-blog-meta-html-info-disabled av-blog-meta-tag-disabled  '><\/div>\n","protected":false},"excerpt":{"rendered":"","protected":false},"author":1,"featured_media":32099,"comment_status":"open","ping_status":"open","sticky":false,"template":"","format":"standard","meta":{"footnotes":""},"categories":[38],"tags":[],"class_list":["post-32098","post","type-post","status-publish","format-standard","has-post-thumbnail","hentry","category-regional"],"jetpack_featured_media_url":"https:\/\/radiorevelacionfm.cl\/wp-content\/uploads\/2023\/06\/Firma_convenio1-1-1.jpg","_links":{"self":[{"href":"https:\/\/radiorevelacionfm.cl\/index.php?rest_route=\/wp\/v2\/posts\/32098","targetHints":{"allow":["GET"]}}],"collection":[{"href":"https:\/\/radiorevelacionfm.cl\/index.php?rest_route=\/wp\/v2\/posts"}],"about":[{"href":"https:\/\/radiorevelacionfm.cl\/index.php?rest_route=\/wp\/v2\/types\/post"}],"author":[{"embeddable":true,"href":"https:\/\/radiorevelacionfm.cl\/index.php?rest_route=\/wp\/v2\/users\/1"}],"replies":[{"embeddable":true,"href":"https:\/\/radiorevelacionfm.cl\/index.php?rest_route=%2Fwp%2Fv2%2Fcomments&post=32098"}],"version-history":[{"count":1,"href":"https:\/\/radiorevelacionfm.cl\/index.php?rest_route=\/wp\/v2\/posts\/32098\/revisions"}],"predecessor-version":[{"id":32100,"href":"https:\/\/radiorevelacionfm.cl\/index.php?rest_route=\/wp\/v2\/posts\/32098\/revisions\/32100"}],"wp:featuredmedia":[{"embeddable":true,"href":"https:\/\/radiorevelacionfm.cl\/index.php?rest_route=\/wp\/v2\/media\/32099"}],"wp:attachment":[{"href":"https:\/\/radiorevelacionfm.cl\/index.php?rest_route=%2Fwp%2Fv2%2Fmedia&parent=32098"}],"wp:term":[{"taxonomy":"category","embeddable":true,"href":"https:\/\/radiorevelacionfm.cl\/index.php?rest_route=%2Fwp%2Fv2%2Fcategories&post=32098"},{"taxonomy":"post_tag","embeddable":true,"href":"https:\/\/radiorevelacionfm.cl\/index.php?rest_route=%2Fwp%2Fv2%2Ftags&post=32098"}],"curies":[{"name":"wp","href":"https:\/\/api.w.org\/{rel}","templated":true}]}}