{"id":32095,"date":"2023-06-15T15:41:24","date_gmt":"2023-06-15T18:41:24","guid":{"rendered":"https:\/\/radiorevelacionfm.cl\/?p=32095"},"modified":"2023-06-15T15:41:24","modified_gmt":"2023-06-15T18:41:24","slug":"uso-de-mascarilla-comenzo-a-ser-exigencia-en-establecimientos-educacionales","status":"publish","type":"post","link":"https:\/\/radiorevelacionfm.cl\/?p=32095","title":{"rendered":"Uso de mascarilla comenz\u00f3 a ser exigencia en establecimientos educacionales"},"content":{"rendered":"<div class=\"flex_column av_one_full  flex_column_div av-zero-column-padding first  avia-builder-el-0  el_before_av_one_full  avia-builder-el-first  \" style='border-radius:0px; '><div  class='avia-image-container  av-styling-    avia-builder-el-1  avia-builder-el-no-sibling  avia-align-center '  itemprop=\"image\" itemscope=\"itemscope\" itemtype=\"https:\/\/schema.org\/ImageObject\"  ><div class='avia-image-container-inner'><div class='avia-image-overlay-wrap'><img decoding=\"async\" class='wp-image-32096 avia-img-lazy-loading-not-32096 avia_image' src=\"https:\/\/radiorevelacionfm.cl\/wp-content\/uploads\/2023\/06\/mascarilla-1-1.jpeg\" alt='' title='mascarilla (1) (1)' height=\"600\" width=\"800\"  itemprop=\"thumbnailUrl\" srcset=\"https:\/\/radiorevelacionfm.cl\/wp-content\/uploads\/2023\/06\/mascarilla-1-1.jpeg 800w, https:\/\/radiorevelacionfm.cl\/wp-content\/uploads\/2023\/06\/mascarilla-1-1-300x225.jpeg 300w, https:\/\/radiorevelacionfm.cl\/wp-content\/uploads\/2023\/06\/mascarilla-1-1-768x576.jpeg 768w, https:\/\/radiorevelacionfm.cl\/wp-content\/uploads\/2023\/06\/mascarilla-1-1-705x529.jpeg 705w, https:\/\/radiorevelacionfm.cl\/wp-content\/uploads\/2023\/06\/mascarilla-1-1-450x338.jpeg 450w, https:\/\/radiorevelacionfm.cl\/wp-content\/uploads\/2023\/06\/mascarilla-1-1-600x450.jpeg 600w\" sizes=\"(max-width: 800px) 100vw, 800px\" \/><\/div><\/div><\/div><\/div><div class=\"flex_column av_one_full  flex_column_div av-zero-column-padding first  avia-builder-el-2  el_after_av_one_full  el_before_av_one_full  column-top-margin\" style='border-radius:0px; '><section class=\"av_textblock_section \"  itemscope=\"itemscope\" itemtype=\"https:\/\/schema.org\/BlogPosting\" itemprop=\"blogPost\" ><div class='avia_textblock  '   itemprop=\"text\" ><p style=\"text-align: center;\"><span style=\"font-size: 18pt;\"><strong>Uso de mascarilla comenz\u00f3 a ser exigencia en establecimientos educacionales<\/strong><\/span><\/p>\n<div id=\"gtx-trans\" style=\"position: absolute; left: -50px; top: 4.31534px;\">\n<div class=\"gtx-trans-icon\"><\/div>\n<\/div>\n<\/div><\/section><\/div><div class=\"flex_column av_one_full  flex_column_div av-zero-column-padding first  avia-builder-el-4  el_after_av_one_full  el_before_av_hr  column-top-margin\" style='border-radius:0px; '><section class=\"av_textblock_section \"  itemscope=\"itemscope\" itemtype=\"https:\/\/schema.org\/BlogPosting\" itemprop=\"blogPost\" ><div class='avia_textblock  '   itemprop=\"text\" ><p style=\"text-align: justify;\"><em>La medida, que comenz\u00f3 a regir oficialmente este jueves 15, contempla a su vez flexibilidad para las personas que presenten condiciones de salud o enfermedades en que el uso de la mascarilla pueda afectar su salud o desarrollo, quedando eximidos de su uso.<\/em><\/p>\n<p style=\"text-align: justify;\">Ya se encuentra publicada la resoluci\u00f3n sanitaria que establece el uso obligatorio de la mascarilla para personas mayores de 5 a\u00f1os en actividades escolares realizadas en espacios cerrados dentro de establecimientos educacionales p\u00fablicos y privados, en nivel b\u00e1sico y medio. Medida adoptada por la Autoridad Sanitaria en virtud de que los virus respiratorios est\u00e1n afectando en forma diferenciada a ni\u00f1os, ni\u00f1as y adolescentes, donde se ha estimado necesario reponer el uso obligatorio de mascarillas en establecimientos educacionales para evitar el riesgo de transmisi\u00f3n de virus respiratorios en esta poblaci\u00f3n.<\/p>\n<p style=\"text-align: justify;\">La informaci\u00f3n fue ratificada por la Seremi de Salud Ays\u00e9n, Carmen Monsalve G\u00f3mez. \u201cA partir de este 15 de junio comenz\u00f3 a ser efectiva la obligatoriedad del uso de mascarillas en todas las personas de 05 a\u00f1os y m\u00e1s que comparten en recinto privado, esta medida respaldada por Decreto Supremo publicada en el Diario Oficial, tambi\u00e9n es aplicable para los docentes y asistentes de la educaci\u00f3n que se encuentran compartiendo este espacio cerrado con los ni\u00f1os; al igual que para las educadoras de p\u00e1rvulo de manera obligatoria\u201d.<\/p>\n<p style=\"text-align: justify;\">De igual forma, explic\u00f3 la Autoridad Sanitaria, esta medida tambi\u00e9n se preocup\u00f3 de plantear una flexibilizaci\u00f3n especial.\u00a0 \u201cAquellas personas que por alg\u00fan motivo de salud o enfermedad, el uso de la mascarilla pueda afectar su salud o su desarrollo, pueden eximirse de la obligatoriedad en el uso de la mascarilla y utilizarla de acuerdo a tolerancia\u201d.<\/p>\n<p style=\"text-align: justify;\">Finalmente, se plantea la recomendaci\u00f3n a los establecimientos educacionales que comiencen a disponer de estos elementos de protecci\u00f3n para todos sus funcionarios; al igual que a las familias de los estudiantes, para que se comprometan con la implementaci\u00f3n de estas medidas que buscan resguardar la salud de nuestros ni\u00f1os y ni\u00f1as, adem\u00e1s de toda la comunidad.<\/p>\n<p style=\"text-align: justify;\"><strong>medidas de prevenci\u00f3n de enfermedades respiratorias<\/strong><\/p>\n<p style=\"text-align: justify;\"><strong>Vac\u00fanate contra la influenza y COVID-19<\/strong> con esquemas completos para disminuir el riesgo de desarrollar<\/p>\n<p style=\"text-align: justify;\">enfermedades respiratorias graves y muerte. Las vacunas son gratuitas para la poblaci\u00f3n de riesgo y aseguradas por el MINSAL.<\/p>\n<p style=\"text-align: justify;\"><strong>Cubre tu nariz y boca al toser o estornudar<\/strong> usando el antebrazo o un papel desechable, el que se debe eliminar de inmediato en un basurero, con un posterior lavado de manos o uso de alcohol gel.<\/p>\n<p style=\"text-align: justify;\">Usa mascarilla si presentas s\u00edntomas de alguna enfermedad respiratoria. As\u00ed evitas propagar el contagio a trav\u00e9s de part\u00edculas diseminadas en el aire.<\/p>\n<p style=\"text-align: justify;\"><strong>Ventila espacios cerrados de forma rutinaria<\/strong>, abriendo puertas y ventanas de lados opuestos para generar ventilaci\u00f3n cruzada.<\/p>\n<p style=\"text-align: justify;\"><strong>Lava tus manos frecuentemente con agua y jab\u00f3n<\/strong>, generando abundante espuma por al menos por 40 segundos, cubriendo palmas y dorso de las manos, dedos, u\u00f1as, mu\u00f1ecas y antebrazo Limpia y desinfecta superficies regularmente evitando levantar polvo al barrer o sacudir.<\/p>\n<p style=\"text-align: justify;\"><strong>Evita exposici\u00f3n a contaminaci\u00f3n intradomiciliaria<\/strong>: no fumar dentro del domicilio, prender y apagar estufas a parafina fuera del hogar, mantener limpios los sistemas de calefacci\u00f3n de fuego y evitar el uso de braseros.<\/p>\n<p style=\"text-align: justify;\"><strong>Cubre filtraciones de aire en puertas y ventanas<\/strong> para mantener una temperatura adecuada dentro del hogar.<\/p>\n<\/div><\/section><\/div><div  style='height:50px' class='hr hr-invisible   avia-builder-el-6  el_after_av_one_full  el_before_av_social_share '><span class='hr-inner ' ><span class='hr-inner-style'><\/span><\/span><\/div><\/p>\n<div  class='av-social-sharing-box  avia-builder-el-7  el_after_av_hr  el_before_av_hr  '><div class='av-share-box'><h5 class='av-share-link-description av-no-toc '>Compartir esta noticia<\/h5><ul class='av-share-box-list noLightbox'><li class='av-share-link av-social-link-facebook' ><a target=\"_blank\" aria-label=\"Compartir en Facebook\" href='https:\/\/www.facebook.com\/sharer.php?u=https:\/\/radiorevelacionfm.cl\/?p=32095&#038;t=Uso%20de%20mascarilla%20comenz%C3%B3%20a%20ser%20exigencia%20en%20establecimientos%20educacionales' aria-hidden='false' data-av_icon='\ue8f3' data-av_iconfont='entypo-fontello' title='' data-avia-related-tooltip='Compartir en Facebook' rel=\"noopener\"><span class='avia_hidden_link_text'>Compartir en Facebook<\/span><\/a><\/li><li class='av-share-link av-social-link-twitter' ><a target=\"_blank\" aria-label=\"Compartir en Twitter\" href='https:\/\/twitter.com\/share?text=Uso%20de%20mascarilla%20comenz%C3%B3%20a%20ser%20exigencia%20en%20establecimientos%20educacionales&#038;url=https:\/\/radiorevelacionfm.cl\/?p=32095' aria-hidden='false' data-av_icon='\ue8f1' data-av_iconfont='entypo-fontello' title='' data-avia-related-tooltip='Compartir en Twitter' rel=\"noopener\"><span class='avia_hidden_link_text'>Compartir en Twitter<\/span><\/a><\/li><li class='av-share-link av-social-link-whatsapp' ><a target=\"_blank\" aria-label=\"Compartir en Whatsapp\" href='https:\/\/api.whatsapp.com\/send?text=https:\/\/radiorevelacionfm.cl\/?p=32095' aria-hidden='false' data-av_icon='\uf232' data-av_iconfont='entypo-fontello' title='' data-avia-related-tooltip='Compartir en Whatsapp' rel=\"noopener\"><span class='avia_hidden_link_text'>Compartir en Whatsapp<\/span><\/a><\/li><li class='av-share-link av-social-link-linkedin' ><a target=\"_blank\" aria-label=\"Compartir en LinkedIn\" href='https:\/\/linkedin.com\/shareArticle?mini=true&#038;title=Uso%20de%20mascarilla%20comenz%C3%B3%20a%20ser%20exigencia%20en%20establecimientos%20educacionales&#038;url=https:\/\/radiorevelacionfm.cl\/?p=32095' aria-hidden='false' data-av_icon='\ue8fc' data-av_iconfont='entypo-fontello' title='' data-avia-related-tooltip='Compartir en LinkedIn' rel=\"noopener\"><span class='avia_hidden_link_text'>Compartir en LinkedIn<\/span><\/a><\/li><li class='av-share-link av-social-link-mail' ><a  aria-label=\"Compartir por correo\" href='mailto:?subject=Uso%20de%20mascarilla%20comenz%C3%B3%20a%20ser%20exigencia%20en%20establecimientos%20educacionales&#038;body=https:\/\/radiorevelacionfm.cl\/?p=32095' aria-hidden='false' data-av_icon='\ue805' data-av_iconfont='entypo-fontello' title='' data-avia-related-tooltip='Compartir por correo'><span class='avia_hidden_link_text'>Compartir por correo<\/span><\/a><\/li><\/ul><\/div><\/div>\n<div  style='height:50px' class='hr hr-invisible   avia-builder-el-8  el_after_av_social_share  el_before_av_comments_list '><span class='hr-inner ' ><span class='hr-inner-style'><\/span><\/span><\/div>\n<div  class='av-buildercomment  av-blog-meta-html-info-disabled av-blog-meta-tag-disabled  '><\/div>\n","protected":false},"excerpt":{"rendered":"","protected":false},"author":1,"featured_media":32096,"comment_status":"open","ping_status":"open","sticky":false,"template":"","format":"standard","meta":{"footnotes":""},"categories":[46],"tags":[],"class_list":["post-32095","post","type-post","status-publish","format-standard","has-post-thumbnail","hentry","category-salud"],"jetpack_featured_media_url":"https:\/\/radiorevelacionfm.cl\/wp-content\/uploads\/2023\/06\/mascarilla-1-1.jpeg","_links":{"self":[{"href":"https:\/\/radiorevelacionfm.cl\/index.php?rest_route=\/wp\/v2\/posts\/32095","targetHints":{"allow":["GET"]}}],"collection":[{"href":"https:\/\/radiorevelacionfm.cl\/index.php?rest_route=\/wp\/v2\/posts"}],"about":[{"href":"https:\/\/radiorevelacionfm.cl\/index.php?rest_route=\/wp\/v2\/types\/post"}],"author":[{"embeddable":true,"href":"https:\/\/radiorevelacionfm.cl\/index.php?rest_route=\/wp\/v2\/users\/1"}],"replies":[{"embeddable":true,"href":"https:\/\/radiorevelacionfm.cl\/index.php?rest_route=%2Fwp%2Fv2%2Fcomments&post=32095"}],"version-history":[{"count":1,"href":"https:\/\/radiorevelacionfm.cl\/index.php?rest_route=\/wp\/v2\/posts\/32095\/revisions"}],"predecessor-version":[{"id":32097,"href":"https:\/\/radiorevelacionfm.cl\/index.php?rest_route=\/wp\/v2\/posts\/32095\/revisions\/32097"}],"wp:featuredmedia":[{"embeddable":true,"href":"https:\/\/radiorevelacionfm.cl\/index.php?rest_route=\/wp\/v2\/media\/32096"}],"wp:attachment":[{"href":"https:\/\/radiorevelacionfm.cl\/index.php?rest_route=%2Fwp%2Fv2%2Fmedia&parent=32095"}],"wp:term":[{"taxonomy":"category","embeddable":true,"href":"https:\/\/radiorevelacionfm.cl\/index.php?rest_route=%2Fwp%2Fv2%2Fcategories&post=32095"},{"taxonomy":"post_tag","embeddable":true,"href":"https:\/\/radiorevelacionfm.cl\/index.php?rest_route=%2Fwp%2Fv2%2Ftags&post=32095"}],"curies":[{"name":"wp","href":"https:\/\/api.w.org\/{rel}","templated":true}]}}