{"id":32093,"date":"2023-06-15T13:57:15","date_gmt":"2023-06-15T16:57:15","guid":{"rendered":"https:\/\/radiorevelacionfm.cl\/?p=32093"},"modified":"2023-06-15T13:57:15","modified_gmt":"2023-06-15T16:57:15","slug":"raphael-presenta-proyecto-que-permite-a-cuidadores-suspender-contrato-laboral-producto-de-la-emergencia-por-virus-respiratorios","status":"publish","type":"post","link":"https:\/\/radiorevelacionfm.cl\/?p=32093","title":{"rendered":"Raphael presenta proyecto que permite a cuidadores suspender contrato laboral producto de la emergencia por virus respiratorios"},"content":{"rendered":"<div class=\"flex_column av_one_full  flex_column_div av-zero-column-padding first  avia-builder-el-0  el_before_av_one_full  avia-builder-el-first  \" style='border-radius:0px; '><div  class='avia-image-container  av-styling-    avia-builder-el-1  avia-builder-el-no-sibling  avia-align-center '  itemprop=\"image\" itemscope=\"itemscope\" itemtype=\"https:\/\/schema.org\/ImageObject\"  ><div class='avia-image-container-inner'><div class='avia-image-overlay-wrap'><img decoding=\"async\" class='wp-image-26950 avia-img-lazy-loading-not-26950 avia_image' src=\"https:\/\/radiorevelacionfm.cl\/wp-content\/uploads\/2023\/01\/mr_01-2-1-1.jpeg\" alt='' title='mr_01 (2) (1) (1)' height=\"600\" width=\"901\"  itemprop=\"thumbnailUrl\" srcset=\"https:\/\/radiorevelacionfm.cl\/wp-content\/uploads\/2023\/01\/mr_01-2-1-1.jpeg 901w, https:\/\/radiorevelacionfm.cl\/wp-content\/uploads\/2023\/01\/mr_01-2-1-1-300x200.jpeg 300w, https:\/\/radiorevelacionfm.cl\/wp-content\/uploads\/2023\/01\/mr_01-2-1-1-768x511.jpeg 768w, https:\/\/radiorevelacionfm.cl\/wp-content\/uploads\/2023\/01\/mr_01-2-1-1-705x469.jpeg 705w, https:\/\/radiorevelacionfm.cl\/wp-content\/uploads\/2023\/01\/mr_01-2-1-1-600x400.jpeg 600w\" sizes=\"(max-width: 901px) 100vw, 901px\" \/><\/div><\/div><\/div><\/div><div class=\"flex_column av_one_full  flex_column_div av-zero-column-padding first  avia-builder-el-2  el_after_av_one_full  el_before_av_one_full  column-top-margin\" style='border-radius:0px; '><section class=\"av_textblock_section \"  itemscope=\"itemscope\" itemtype=\"https:\/\/schema.org\/BlogPosting\" itemprop=\"blogPost\" ><div class='avia_textblock  '   itemprop=\"text\" ><p style=\"text-align: center;\"><span style=\"font-size: 18pt;\"><strong>Raphael presenta proyecto que permite a cuidadores suspender contrato laboral producto de la emergencia por virus respiratorios<\/strong><\/span><\/p>\n<div id=\"gtx-trans\" style=\"position: absolute; left: -50px; top: 4.31534px;\">\n<div class=\"gtx-trans-icon\"><\/div>\n<\/div>\n<\/div><\/section><\/div><div class=\"flex_column av_one_full  flex_column_div av-zero-column-padding first  avia-builder-el-4  el_after_av_one_full  el_before_av_hr  column-top-margin\" style='border-radius:0px; '><section class=\"av_textblock_section \"  itemscope=\"itemscope\" itemtype=\"https:\/\/schema.org\/BlogPosting\" itemprop=\"blogPost\" ><div class='avia_textblock  '   itemprop=\"text\" ><p style=\"text-align: justify;\">La Diputada por Ays\u00e9n Marcia Raphael ha expresado su preocupaci\u00f3n debido a la crisis sanitaria que enfrenta Chile y la regi\u00f3n, producto de la alta circulaci\u00f3n de virus que est\u00e1n afectando principalmente a ni\u00f1os menores de seis a\u00f1os. En el contexto pol\u00edtico, la legisladora valor\u00f3 la renuncia del ahora ex Subsecretario de Redes Asistenciales Fernando Araos, que seg\u00fan la legisladora, no ha estado a la altura de dotar a la red hospitalaria de las camas suficientes para enfrentar la emergencia y que adem\u00e1s ten\u00eda una \u201cresponsabilidad pol\u00edtica\u201d, debido a los \u00faltimos acontecimientos conocidos como lo sucedido en San Antonio, durante la semana pasada.<\/p>\n<p style=\"text-align: justify;\">Raphael se\u00f1ala que la fracasada campa\u00f1a de invierno impulsada por el gobierno, mantiene a\u00fan a m\u00e1s de 450.000 rezagados con la vacuna de la influenza, lo que seg\u00fan especialistas puede producir un brote de esta patolog\u00eda durante la segunda semana de julio. Por otra parte, Raphael lamenta la tard\u00eda decisi\u00f3n del ex Subsecretario, que reci\u00e9n el pasado viernes 09 a trav\u00e9s de un Decreto, orden\u00f3 la reconversi\u00f3n de camas cr\u00edticas.<\/p>\n<p style=\"text-align: justify;\">\u201cEs preocupante como el gobierno ha llevado a cabo la crisis producida por virus respiratorios. Lamentablemente se le ha visto en una improvisaci\u00f3n constante, en donde el MINSAL claramente no ha estado a la altura. Por otra parte, se esperar\u00eda que el Gobierno tome medidas concretas que permitan cuidar a nuestros ni\u00f1os, tales como el Teletrabajo y un Postnatal de emergencia, pero lamentablemente no hemos visto inter\u00e9s en aquello\u201d.<\/p>\n<p style=\"text-align: justify;\">Debido a lo anterior Marcia Raphael present\u00f3 un Proyecto de Reforma Constitucional, que permite a cuidadores de ni\u00f1os en el contexto de una alerta sanitaria producida por la alta circulaci\u00f3n viral suspender su contrato laboral con el fin de poder apoyar las labores de cuidado y prevenir m\u00e1s infecciones producto de virus respiratorios, esto financiado a trav\u00e9s de los recursos del Fondo de Cesant\u00eda Solidario, resguardando tanto la salud, empleo y salarios de las familias chilenas.<\/p>\n<p style=\"text-align: justify;\">\u201cEste proyecto de Ley tiene como finalidad que el trabajador, si as\u00ed lo estima necesario, pueda suspender su contrato laboral con el fin de que pueda llevar a cabo labores de cuidado, en el contexto de una alerta sanitaria. Esta iniciativa permite tambi\u00e9n resguardar los ingresos de los trabajadores y la salud de nuestros ni\u00f1os\u201d, sentenci\u00f3 Raphael.<\/p>\n<\/div><\/section><\/div><div  style='height:50px' class='hr hr-invisible   avia-builder-el-6  el_after_av_one_full  el_before_av_social_share '><span class='hr-inner ' ><span class='hr-inner-style'><\/span><\/span><\/div><\/p>\n<div  class='av-social-sharing-box  avia-builder-el-7  el_after_av_hr  el_before_av_hr  '><div class='av-share-box'><h5 class='av-share-link-description av-no-toc '>Compartir esta noticia<\/h5><ul class='av-share-box-list noLightbox'><li class='av-share-link av-social-link-facebook' ><a target=\"_blank\" aria-label=\"Compartir en Facebook\" href='https:\/\/www.facebook.com\/sharer.php?u=https:\/\/radiorevelacionfm.cl\/?p=32093&#038;t=Raphael%20presenta%20proyecto%20que%20permite%20a%20cuidadores%20suspender%20contrato%20laboral%20producto%20de%20la%20emergencia%20por%20virus%20respiratorios' aria-hidden='false' data-av_icon='\ue8f3' data-av_iconfont='entypo-fontello' title='' data-avia-related-tooltip='Compartir en Facebook' rel=\"noopener\"><span class='avia_hidden_link_text'>Compartir en Facebook<\/span><\/a><\/li><li class='av-share-link av-social-link-twitter' ><a target=\"_blank\" aria-label=\"Compartir en Twitter\" href='https:\/\/twitter.com\/share?text=Raphael%20presenta%20proyecto%20que%20permite%20a%20cuidadores%20suspender%20contrato%20laboral%20producto%20de%20la%20emergencia%20por%20virus%20respiratorios&#038;url=https:\/\/radiorevelacionfm.cl\/?p=32093' aria-hidden='false' data-av_icon='\ue8f1' data-av_iconfont='entypo-fontello' title='' data-avia-related-tooltip='Compartir en Twitter' rel=\"noopener\"><span class='avia_hidden_link_text'>Compartir en Twitter<\/span><\/a><\/li><li class='av-share-link av-social-link-whatsapp' ><a target=\"_blank\" aria-label=\"Compartir en Whatsapp\" href='https:\/\/api.whatsapp.com\/send?text=https:\/\/radiorevelacionfm.cl\/?p=32093' aria-hidden='false' data-av_icon='\uf232' data-av_iconfont='entypo-fontello' title='' data-avia-related-tooltip='Compartir en Whatsapp' rel=\"noopener\"><span class='avia_hidden_link_text'>Compartir en Whatsapp<\/span><\/a><\/li><li class='av-share-link av-social-link-linkedin' ><a target=\"_blank\" aria-label=\"Compartir en LinkedIn\" href='https:\/\/linkedin.com\/shareArticle?mini=true&#038;title=Raphael%20presenta%20proyecto%20que%20permite%20a%20cuidadores%20suspender%20contrato%20laboral%20producto%20de%20la%20emergencia%20por%20virus%20respiratorios&#038;url=https:\/\/radiorevelacionfm.cl\/?p=32093' aria-hidden='false' data-av_icon='\ue8fc' data-av_iconfont='entypo-fontello' title='' data-avia-related-tooltip='Compartir en LinkedIn' rel=\"noopener\"><span class='avia_hidden_link_text'>Compartir en LinkedIn<\/span><\/a><\/li><li class='av-share-link av-social-link-mail' ><a  aria-label=\"Compartir por correo\" href='mailto:?subject=Raphael%20presenta%20proyecto%20que%20permite%20a%20cuidadores%20suspender%20contrato%20laboral%20producto%20de%20la%20emergencia%20por%20virus%20respiratorios&#038;body=https:\/\/radiorevelacionfm.cl\/?p=32093' aria-hidden='false' data-av_icon='\ue805' data-av_iconfont='entypo-fontello' title='' data-avia-related-tooltip='Compartir por correo'><span class='avia_hidden_link_text'>Compartir por correo<\/span><\/a><\/li><\/ul><\/div><\/div>\n<div  style='height:50px' class='hr hr-invisible   avia-builder-el-8  el_after_av_social_share  el_before_av_comments_list '><span class='hr-inner ' ><span class='hr-inner-style'><\/span><\/span><\/div>\n<div  class='av-buildercomment  av-blog-meta-html-info-disabled av-blog-meta-tag-disabled  '><\/div>\n","protected":false},"excerpt":{"rendered":"","protected":false},"author":1,"featured_media":26950,"comment_status":"open","ping_status":"open","sticky":false,"template":"","format":"standard","meta":{"footnotes":""},"categories":[35],"tags":[],"class_list":["post-32093","post","type-post","status-publish","format-standard","has-post-thumbnail","hentry","category-politica"],"jetpack_featured_media_url":"https:\/\/radiorevelacionfm.cl\/wp-content\/uploads\/2023\/01\/mr_01-2-1-1.jpeg","_links":{"self":[{"href":"https:\/\/radiorevelacionfm.cl\/index.php?rest_route=\/wp\/v2\/posts\/32093","targetHints":{"allow":["GET"]}}],"collection":[{"href":"https:\/\/radiorevelacionfm.cl\/index.php?rest_route=\/wp\/v2\/posts"}],"about":[{"href":"https:\/\/radiorevelacionfm.cl\/index.php?rest_route=\/wp\/v2\/types\/post"}],"author":[{"embeddable":true,"href":"https:\/\/radiorevelacionfm.cl\/index.php?rest_route=\/wp\/v2\/users\/1"}],"replies":[{"embeddable":true,"href":"https:\/\/radiorevelacionfm.cl\/index.php?rest_route=%2Fwp%2Fv2%2Fcomments&post=32093"}],"version-history":[{"count":1,"href":"https:\/\/radiorevelacionfm.cl\/index.php?rest_route=\/wp\/v2\/posts\/32093\/revisions"}],"predecessor-version":[{"id":32094,"href":"https:\/\/radiorevelacionfm.cl\/index.php?rest_route=\/wp\/v2\/posts\/32093\/revisions\/32094"}],"wp:featuredmedia":[{"embeddable":true,"href":"https:\/\/radiorevelacionfm.cl\/index.php?rest_route=\/wp\/v2\/media\/26950"}],"wp:attachment":[{"href":"https:\/\/radiorevelacionfm.cl\/index.php?rest_route=%2Fwp%2Fv2%2Fmedia&parent=32093"}],"wp:term":[{"taxonomy":"category","embeddable":true,"href":"https:\/\/radiorevelacionfm.cl\/index.php?rest_route=%2Fwp%2Fv2%2Fcategories&post=32093"},{"taxonomy":"post_tag","embeddable":true,"href":"https:\/\/radiorevelacionfm.cl\/index.php?rest_route=%2Fwp%2Fv2%2Ftags&post=32093"}],"curies":[{"name":"wp","href":"https:\/\/api.w.org\/{rel}","templated":true}]}}