{"id":32090,"date":"2023-06-16T13:10:55","date_gmt":"2023-06-16T16:10:55","guid":{"rendered":"https:\/\/radiorevelacionfm.cl\/?p=32090"},"modified":"2023-06-16T13:11:31","modified_gmt":"2023-06-16T16:11:31","slug":"seremi-de-educacion-por-resultados-regionales-del-simce-2022-los-datos-que-hemos-conocido-nos-senalan-la-necesidad-de-continuar-la-senda-de-la-reactivacion-educativa","status":"publish","type":"post","link":"https:\/\/radiorevelacionfm.cl\/?p=32090","title":{"rendered":"Seremi de Educaci\u00f3n por resultados del Simce 2022: \u00abLos datos que hemos conocido nos se\u00f1alan la necesidad de continuar la senda de la reactivaci\u00f3n educativa\u00bb"},"content":{"rendered":"<div class=\"flex_column av_one_full  flex_column_div av-zero-column-padding first  avia-builder-el-0  el_before_av_one_full  avia-builder-el-first  \" style='border-radius:0px; '><div  class='avia-image-container  av-styling-    avia-builder-el-1  avia-builder-el-no-sibling  avia-align-center '  itemprop=\"image\" itemscope=\"itemscope\" itemtype=\"https:\/\/schema.org\/ImageObject\"  ><div class='avia-image-container-inner'><div class='avia-image-overlay-wrap'><img decoding=\"async\" class='wp-image-32091 avia-img-lazy-loading-not-32091 avia_image' src=\"https:\/\/radiorevelacionfm.cl\/wp-content\/uploads\/2023\/06\/resultados-simce-2022_04-1-1.jpg\" alt='' title='resultados simce 2022_04 (1) (1)' height=\"600\" width=\"826\"  itemprop=\"thumbnailUrl\" srcset=\"https:\/\/radiorevelacionfm.cl\/wp-content\/uploads\/2023\/06\/resultados-simce-2022_04-1-1.jpg 826w, https:\/\/radiorevelacionfm.cl\/wp-content\/uploads\/2023\/06\/resultados-simce-2022_04-1-1-300x218.jpg 300w, https:\/\/radiorevelacionfm.cl\/wp-content\/uploads\/2023\/06\/resultados-simce-2022_04-1-1-768x558.jpg 768w, https:\/\/radiorevelacionfm.cl\/wp-content\/uploads\/2023\/06\/resultados-simce-2022_04-1-1-705x512.jpg 705w, https:\/\/radiorevelacionfm.cl\/wp-content\/uploads\/2023\/06\/resultados-simce-2022_04-1-1-450x327.jpg 450w, https:\/\/radiorevelacionfm.cl\/wp-content\/uploads\/2023\/06\/resultados-simce-2022_04-1-1-600x436.jpg 600w\" sizes=\"(max-width: 826px) 100vw, 826px\" \/><\/div><\/div><\/div><\/div>\n<div class=\"flex_column av_one_full  flex_column_div av-zero-column-padding first  avia-builder-el-2  el_after_av_one_full  el_before_av_one_full  column-top-margin\" style='border-radius:0px; '><section class=\"av_textblock_section \"  itemscope=\"itemscope\" itemtype=\"https:\/\/schema.org\/BlogPosting\" itemprop=\"blogPost\" ><div class='avia_textblock  '   itemprop=\"text\" ><p style=\"text-align: center;\"><strong><span style=\"font-size: 18pt;\">Seremi de Educaci\u00f3n por resultados del Simce 2022: \u00abLos datos que hemos conocido nos se\u00f1alan la necesidad de continuar la senda de la reactivaci\u00f3n educativa\u00bb<\/span><\/strong><\/p>\n<div id=\"gtx-trans\" style=\"position: absolute; left: -50px; top: 4.31534px;\">\n<div class=\"gtx-trans-icon\"><\/div>\n<\/div>\n<\/div><\/section><\/div><div class=\"flex_column av_one_full  flex_column_div av-zero-column-padding first  avia-builder-el-4  el_after_av_one_full  el_before_av_hr  column-top-margin\" style='border-radius:0px; '><section class=\"av_textblock_section \"  itemscope=\"itemscope\" itemtype=\"https:\/\/schema.org\/BlogPosting\" itemprop=\"blogPost\" ><div class='avia_textblock  '   itemprop=\"text\" ><p class=\"v1MsoNormal\" style=\"text-align: justify;\">La Agencia de Calidad de la Educaci\u00f3n entreg\u00f3 este mi\u00e9rcoles los resultados del Simce aplicado en noviembre de 2022, que muestran el impacto que tuvo la pandemia en el sistema educativo. Este es el primer diagn\u00f3stico nacional del efecto que provoc\u00f3 la suspensi\u00f3n prolongada de las clases presenciales en las y los estudiantes, lo que tambi\u00e9n se evidencia en el resto del mundo.<\/p>\n<p class=\"v1MsoNormal\" style=\"text-align: justify;\">A nivel nacional, en lectura se observ\u00f3 una baja de 4 puntos en 4\u00b0 b\u00e1sico (267) y de 6 puntos en II Medio (243). Estos resultados constituyen un gran desaf\u00edo para la pol\u00edtica p\u00fablica, aunque es importante constatar que la disminuci\u00f3n fue menor a lo proyectado por el mundo especializado.<\/p>\n<p class=\"v1MsoNormal\" style=\"text-align: justify;\">En\u00a0Matem\u00e1tica\u00a0se\u00a0registr\u00f3 una baja considerable en ambos niveles educativos, de 10 puntos en 4\u00b0 b\u00e1sico (250) y de 12 puntos en II medio (252).<\/p>\n<p class=\"v1MsoNormal\" style=\"text-align: justify;\"><b>Resultados Regionales<\/b><\/p>\n<p class=\"v1MsoNormal\" style=\"text-align: justify;\">En Coyhaique la Seremi Isabel Garrido y el Jefe del Departamento Provincial de Educaci\u00f3n Coyhaique Yoal D\u00edaz acompa\u00f1aron a Cynthia Mu\u00f1oz, Evaluadora de la Macrozona Austral de la Agencia de Calidad de la Educaci\u00f3n, en la entrega de resultados de obtenidos por los estudiantes de la regi\u00f3n de Ays\u00e9n.<\/p>\n<p class=\"v1MsoNormal\" style=\"text-align: justify;\">En su exposici\u00f3n, la profesional de la Agencia de Calidad detall\u00f3 que fue aplicado en noviembre pasado a 1.465 alumnos y alumnas de 4\u00b0 B\u00e1sico de 59 establecimientos y a 1.302 estudiantes de II Medio de 26 establecimiento, registr\u00e1ndose un porcentaje de participaci\u00f3n superior a la asistencia media nacional.<\/p>\n<p class=\"v1MsoNormal\" style=\"text-align: justify;\">Respecto a los resultados en las evaluaciones en Lectura y Matem\u00e1tica, en 4\u00b0 B\u00e1sico\u00a0no se observaron cambios significativos con\u00a0respecto a la \u00faltima medici\u00f3n aplicada en 2018, siendo los puntajes pr\u00e1cticamente iguales a los observados antes de la pandemia. Mismo fen\u00f3meno se observ\u00f3 en la prueba de Lectura de II medio. S\u00ed hubo un descenso en\u00a0Matem\u00e1tica en II medio de 15 puntos promedio.<\/p>\n<p class=\"v1MsoNormal\" style=\"text-align: justify;\">Al respecto, la SEREMI Isabel Garrido se\u00f1al\u00f3 \u00abA nivel nacional se registraron bajas, pero inferiores a las esperadas tras aproximadamente 69 semanas de clases no presenciales. La realidad en nuestra regi\u00f3n es distinta ya que solo en la prueba de Matem\u00e1tica de II medio se registr\u00f3 una baja significativa; los dem\u00e1s los puntajes se mantienen en rangos similares a las mediciones anteriores. Ese es un hecho que hay que destacar y demuestra la resiliencia del sistema educativo regional, especialmente de los profesores y profesoras que mantuvieron el sistema educativo en pie durante la pandemia. Esto no nos lleva a quedarnos de brazos cruzados;\u00a0 por el contrario llegamos al Gobierno con la idea de implementar un Plan de Reactivaci\u00f3n Educativa que aborda la asistencia, la convivencia escolar y los aprendizajes, y estos resultados del SIMCE 2022 nos se\u00f1alan que vamos por el camino correcto.\u00bb<\/p>\n<p class=\"v1MsoNormal\" style=\"text-align: justify;\">Otro aspecto destacado a nivel nacional fue el hecho de que el grupo de los<b>\u00a0<\/b>116 establecimientos que hist\u00f3ricamente hab\u00edan mostrado una insuficiencia reiterada en el SIMCE, esta vez tuvieron un avance en sus resultados.<\/p>\n<p class=\"v1MsoNormal\" style=\"text-align: justify;\">\u00abEsto nos demuestra que hay esfuerzo, principalmente de las comunidades educativas, y de todas las pol\u00edticas de Estado que se han desarrollado en distintos gobiernos. Pero esto tambi\u00e9n nos dice que cuando el Estado apoya a sus establecimientos y no los castiga, se pueden iniciar ciclos de mejora\u00bb, destac\u00f3 Isabel Garrido.<\/p>\n<p class=\"v1MsoNormal\" style=\"text-align: justify;\">En esa misma l\u00ednea, el Jefe del Departamento Provincial de Educaci\u00f3n Coyhaique Yoal D\u00edaz coment\u00f3 que \u00abA la luz de estos resultados se refuerza la importancia y necesidad el rol de acompa\u00f1amiento a los establecimientos educacionales que cumple el Departamento Provincial de Educaci\u00f3n. Vemos como una se\u00f1al esperanzadora el repunte que han tenido colegios\u00a0categorizados como\u00a0\u00abinsuficiente\u00bb en forma reiterada y con amenaza de cierre, pueden mejorar y en ello claramente colabora el camino del acompa\u00f1amiento pedag\u00f3gico\u00bb.<\/p>\n<p class=\"v1MsoNormal\" style=\"text-align: justify;\"><b><u>Factores asociados a buenos resultados<\/u><\/b><\/p>\n<p class=\"v1MsoNormal\" style=\"text-align: justify;\">La Agencia tambi\u00e9n identific\u00f3 aquellos factores de la experiencia escolar que est\u00e1n asociados a mejores resultados educativos. Por ejemplo, un estudiante que valora la asistencia a clases y la considera relevante para su futuro, obtiene entre 4 y 15 puntos m\u00e1s en el Simce.<\/p>\n<p class=\"v1MsoNormal\" style=\"text-align: justify;\">Tambi\u00e9n las expectativas acad\u00e9micas contribuyen a los buenos resultados: cuando\u00a0las\u00a0familias y profesores conf\u00edan en que\u00a0las y los estudiantes\u00a0terminar\u00e1n su etapa escolar y acceder\u00e1n a la educaci\u00f3n superior, estos pueden obtener entre 21 y 32 puntos m\u00e1s en la prueba.<\/p>\n<p class=\"v1MsoNormal\" style=\"text-align: justify;\">Los estudiantes que consideraron que el retorno a clases presenciales facilita su proceso de aprendizaje, prefieren realizar actividades acad\u00e9micas con sus pares y se sienten a gusto con el regreso, obtienen entre 8 y 26 puntos m\u00e1s en la evaluaci\u00f3n.<\/p>\n<p class=\"v1MsoNormal\" style=\"text-align: justify;\">Y cuando las y los estudiantes aprenden en espacios de contenci\u00f3n emocional, donde se abordan adecuadamente los conflictos y se fomenta el respeto por los dem\u00e1s, pueden obtener hasta 21 puntos m\u00e1s en el Simce.<\/p>\n<p class=\"v1MsoNormal\" style=\"text-align: justify;\"><b><u>Plan de Reactivaci\u00f3n Educativa<\/u><\/b><b><\/b><\/p>\n<p class=\"v1MsoNormal\" style=\"text-align: justify;\">En materia de fortalecimiento de los aprendizajes, el Plan de Reactivaci\u00f3n Educativa posee medidas que est\u00e1n reforzando esta \u00e1rea, como por ejemplo:<\/p>\n<p class=\"v1MsoNormal\" style=\"text-align: justify;\"><u>Plan Nacional de Tutor\u00edas:<\/u>\u00a0Busca acompa\u00f1ar el aprendizaje de escolares de 2\u00b0, 3\u00b0 y 4\u00b0 b\u00e1sico que requieren apoyo en el desarrollo de la lectoescritura, y que es una ayuda complementaria a la labor insustituible que ejercen los docentes. Las tutor\u00edas tienen dos modalidades: de instituciones de educaci\u00f3n superior (que llevan adelante estudiantes de pedagog\u00eda y carreras afines) y las comunitarias (impartidas por ciudadanos que se han inscrito, y que son coordinadas por las fundaciones Letra Libre, Conectando Aprendo, entre otras). Hasta ahora hay m\u00e1s de 20 mil personas inscritas.<\/p>\n<p class=\"v1MsoNormal\" style=\"text-align: justify;\"><u>La Estrategia para la Reactivaci\u00f3n de la Lectura:<\/u>\u00a0Busca que las y los estudiantes desarrollen todos los aprendizajes de su formaci\u00f3n. La estrategia contiene un Diagn\u00f3stico para la Reactivaci\u00f3n de la Lectura, que es voluntario y que fue aplicado este a\u00f1o por 3.965 establecimientos. Esto va acompa\u00f1ado de recursos pedag\u00f3gicos para la reactivaci\u00f3n de la lectura, a trav\u00e9s de una plataforma que suma 72 mil visitas.<\/p>\n<p class=\"v1MsoNormal\" style=\"text-align: justify;\"><u>La Estrategia para la Reactivaci\u00f3n en Matem\u00e1tica:<\/u>\u00a0Contiene recursos pedag\u00f3gicos para los docentes, como el \u00abMalet\u00edn Virtual Matem\u00e1tica para Aprender en el Mundo\u00bb, que suma 14 mil docentes; y la Plataforma MATCON, que contiene recursos educativos interactivos para la ense\u00f1anza de la matem\u00e1tica, implementada por la U. de Chile y que est\u00e1 abierta para todos los establecimientos del pa\u00eds en<a href=\"https:\/\/matcon.cmmedu.uchile.cl\/\" target=\"_blank\" rel=\"noopener noreferrer\">\u00a0https:\/\/matcon.cmmedu.uchile.cl\/<\/a>.<\/p>\n<p class=\"v1MsoNormal\" style=\"text-align: justify;\"><u>Formaci\u00f3n docente:<\/u>\u00a0El CPEIP abri\u00f3 nuevos cursos para el desarrollo de competencias en ense\u00f1anza de escritura, a la vez que se est\u00e1 dise\u00f1ando un plan de apoyo a los establecimientos que han presentado niveles de desempe\u00f1o \u00abInsuficiente\u00bb en el Simce o que registran baja asistencia. Por otra parte, tambi\u00e9n contamos con el plan Sumo Primero en Terreno, que se aplica en 301 establecimientos y que contempla formaci\u00f3n y acompa\u00f1amiento en aula para docentes para la ense\u00f1anza de matem\u00e1tica.<\/p>\n<\/div><\/section><\/div><\/p>\n<div  style='height:50px' class='hr hr-invisible   avia-builder-el-6  el_after_av_one_full  el_before_av_social_share '><span class='hr-inner ' ><span class='hr-inner-style'><\/span><\/span><\/div>\n<div  class='av-social-sharing-box  avia-builder-el-7  el_after_av_hr  el_before_av_hr  '><div class='av-share-box'><h5 class='av-share-link-description av-no-toc '>Compartir esta noticia<\/h5><ul class='av-share-box-list noLightbox'><li class='av-share-link av-social-link-facebook' ><a target=\"_blank\" aria-label=\"Compartir en Facebook\" href='https:\/\/www.facebook.com\/sharer.php?u=https:\/\/radiorevelacionfm.cl\/?p=32090&#038;t=Seremi%20de%20Educaci%C3%B3n%20por%20resultados%20del%20Simce%202022%3A%20%C2%ABLos%20datos%20que%20hemos%20conocido%20nos%20se%C3%B1alan%20la%20necesidad%20de%20continuar%20la%20senda%20de%20la%20reactivaci%C3%B3n%20educativa%C2%BB' aria-hidden='false' data-av_icon='\ue8f3' data-av_iconfont='entypo-fontello' title='' data-avia-related-tooltip='Compartir en Facebook' rel=\"noopener\"><span class='avia_hidden_link_text'>Compartir en Facebook<\/span><\/a><\/li><li class='av-share-link av-social-link-twitter' ><a target=\"_blank\" aria-label=\"Compartir en Twitter\" href='https:\/\/twitter.com\/share?text=Seremi%20de%20Educaci%C3%B3n%20por%20resultados%20del%20Simce%202022%3A%20%C2%ABLos%20datos%20que%20hemos%20conocido%20nos%20se%C3%B1alan%20la%20necesidad%20de%20continuar%20la%20senda%20de%20la%20reactivaci%C3%B3n%20educativa%C2%BB&#038;url=https:\/\/radiorevelacionfm.cl\/?p=32090' aria-hidden='false' data-av_icon='\ue8f1' data-av_iconfont='entypo-fontello' title='' data-avia-related-tooltip='Compartir en Twitter' rel=\"noopener\"><span class='avia_hidden_link_text'>Compartir en Twitter<\/span><\/a><\/li><li class='av-share-link av-social-link-whatsapp' ><a target=\"_blank\" aria-label=\"Compartir en Whatsapp\" href='https:\/\/api.whatsapp.com\/send?text=https:\/\/radiorevelacionfm.cl\/?p=32090' aria-hidden='false' data-av_icon='\uf232' data-av_iconfont='entypo-fontello' title='' data-avia-related-tooltip='Compartir en Whatsapp' rel=\"noopener\"><span class='avia_hidden_link_text'>Compartir en Whatsapp<\/span><\/a><\/li><li class='av-share-link av-social-link-linkedin' ><a target=\"_blank\" aria-label=\"Compartir en LinkedIn\" href='https:\/\/linkedin.com\/shareArticle?mini=true&#038;title=Seremi%20de%20Educaci%C3%B3n%20por%20resultados%20del%20Simce%202022%3A%20%C2%ABLos%20datos%20que%20hemos%20conocido%20nos%20se%C3%B1alan%20la%20necesidad%20de%20continuar%20la%20senda%20de%20la%20reactivaci%C3%B3n%20educativa%C2%BB&#038;url=https:\/\/radiorevelacionfm.cl\/?p=32090' aria-hidden='false' data-av_icon='\ue8fc' data-av_iconfont='entypo-fontello' title='' data-avia-related-tooltip='Compartir en LinkedIn' rel=\"noopener\"><span class='avia_hidden_link_text'>Compartir en LinkedIn<\/span><\/a><\/li><li class='av-share-link av-social-link-mail' ><a  aria-label=\"Compartir por correo\" href='mailto:?subject=Seremi%20de%20Educaci%C3%B3n%20por%20resultados%20del%20Simce%202022%3A%20%C2%ABLos%20datos%20que%20hemos%20conocido%20nos%20se%C3%B1alan%20la%20necesidad%20de%20continuar%20la%20senda%20de%20la%20reactivaci%C3%B3n%20educativa%C2%BB&#038;body=https:\/\/radiorevelacionfm.cl\/?p=32090' aria-hidden='false' data-av_icon='\ue805' data-av_iconfont='entypo-fontello' title='' data-avia-related-tooltip='Compartir por correo'><span class='avia_hidden_link_text'>Compartir por correo<\/span><\/a><\/li><\/ul><\/div><\/div>\n<div  style='height:50px' class='hr hr-invisible   avia-builder-el-8  el_after_av_social_share  el_before_av_comments_list '><span class='hr-inner ' ><span class='hr-inner-style'><\/span><\/span><\/div>\n<div  class='av-buildercomment  av-blog-meta-html-info-disabled av-blog-meta-tag-disabled  '><\/div>\n","protected":false},"excerpt":{"rendered":"","protected":false},"author":1,"featured_media":32091,"comment_status":"open","ping_status":"open","sticky":false,"template":"","format":"standard","meta":{"footnotes":""},"categories":[49],"tags":[],"class_list":["post-32090","post","type-post","status-publish","format-standard","has-post-thumbnail","hentry","category-educacion"],"jetpack_featured_media_url":"https:\/\/radiorevelacionfm.cl\/wp-content\/uploads\/2023\/06\/resultados-simce-2022_04-1-1.jpg","_links":{"self":[{"href":"https:\/\/radiorevelacionfm.cl\/index.php?rest_route=\/wp\/v2\/posts\/32090","targetHints":{"allow":["GET"]}}],"collection":[{"href":"https:\/\/radiorevelacionfm.cl\/index.php?rest_route=\/wp\/v2\/posts"}],"about":[{"href":"https:\/\/radiorevelacionfm.cl\/index.php?rest_route=\/wp\/v2\/types\/post"}],"author":[{"embeddable":true,"href":"https:\/\/radiorevelacionfm.cl\/index.php?rest_route=\/wp\/v2\/users\/1"}],"replies":[{"embeddable":true,"href":"https:\/\/radiorevelacionfm.cl\/index.php?rest_route=%2Fwp%2Fv2%2Fcomments&post=32090"}],"version-history":[{"count":2,"href":"https:\/\/radiorevelacionfm.cl\/index.php?rest_route=\/wp\/v2\/posts\/32090\/revisions"}],"predecessor-version":[{"id":32124,"href":"https:\/\/radiorevelacionfm.cl\/index.php?rest_route=\/wp\/v2\/posts\/32090\/revisions\/32124"}],"wp:featuredmedia":[{"embeddable":true,"href":"https:\/\/radiorevelacionfm.cl\/index.php?rest_route=\/wp\/v2\/media\/32091"}],"wp:attachment":[{"href":"https:\/\/radiorevelacionfm.cl\/index.php?rest_route=%2Fwp%2Fv2%2Fmedia&parent=32090"}],"wp:term":[{"taxonomy":"category","embeddable":true,"href":"https:\/\/radiorevelacionfm.cl\/index.php?rest_route=%2Fwp%2Fv2%2Fcategories&post=32090"},{"taxonomy":"post_tag","embeddable":true,"href":"https:\/\/radiorevelacionfm.cl\/index.php?rest_route=%2Fwp%2Fv2%2Ftags&post=32090"}],"curies":[{"name":"wp","href":"https:\/\/api.w.org\/{rel}","templated":true}]}}