{"id":32084,"date":"2023-06-15T16:16:09","date_gmt":"2023-06-15T19:16:09","guid":{"rendered":"https:\/\/radiorevelacionfm.cl\/?p=32084"},"modified":"2023-06-15T16:16:09","modified_gmt":"2023-06-15T19:16:09","slug":"infor-impulsa-el-desarrollo-de-productos-madereros-con-valor-agregado-en-la-comuna-de-tortel","status":"publish","type":"post","link":"https:\/\/radiorevelacionfm.cl\/?p=32084","title":{"rendered":"Infor impulsa el desarrollo de productos madereros con valor agregado en la comuna de Tortel"},"content":{"rendered":"<div class=\"flex_column av_one_full  flex_column_div av-zero-column-padding first  avia-builder-el-0  el_before_av_one_full  avia-builder-el-first  \" style='border-radius:0px; '><div  class='avia-image-container  av-styling-    avia-builder-el-1  avia-builder-el-no-sibling  avia-align-center '  itemprop=\"image\" itemscope=\"itemscope\" itemtype=\"https:\/\/schema.org\/ImageObject\"  ><div class='avia-image-container-inner'><div class='avia-image-overlay-wrap'><img decoding=\"async\" class='wp-image-32085 avia-img-lazy-loading-not-32085 avia_image' src=\"https:\/\/radiorevelacionfm.cl\/wp-content\/uploads\/2023\/06\/taller-madera-tortel-01-1_optimized-1.jpg\" alt='' title='taller-madera-tortel-01-(1)_optimized (1)' height=\"600\" width=\"1067\"  itemprop=\"thumbnailUrl\" srcset=\"https:\/\/radiorevelacionfm.cl\/wp-content\/uploads\/2023\/06\/taller-madera-tortel-01-1_optimized-1.jpg 1067w, https:\/\/radiorevelacionfm.cl\/wp-content\/uploads\/2023\/06\/taller-madera-tortel-01-1_optimized-1-300x169.jpg 300w, https:\/\/radiorevelacionfm.cl\/wp-content\/uploads\/2023\/06\/taller-madera-tortel-01-1_optimized-1-1030x579.jpg 1030w, https:\/\/radiorevelacionfm.cl\/wp-content\/uploads\/2023\/06\/taller-madera-tortel-01-1_optimized-1-768x432.jpg 768w, https:\/\/radiorevelacionfm.cl\/wp-content\/uploads\/2023\/06\/taller-madera-tortel-01-1_optimized-1-705x396.jpg 705w, https:\/\/radiorevelacionfm.cl\/wp-content\/uploads\/2023\/06\/taller-madera-tortel-01-1_optimized-1-450x253.jpg 450w, https:\/\/radiorevelacionfm.cl\/wp-content\/uploads\/2023\/06\/taller-madera-tortel-01-1_optimized-1-600x337.jpg 600w\" sizes=\"(max-width: 1067px) 100vw, 1067px\" \/><\/div><\/div><\/div><\/div><div class=\"flex_column av_one_full  flex_column_div av-zero-column-padding first  avia-builder-el-2  el_after_av_one_full  el_before_av_one_full  column-top-margin\" style='border-radius:0px; '><section class=\"av_textblock_section \"  itemscope=\"itemscope\" itemtype=\"https:\/\/schema.org\/BlogPosting\" itemprop=\"blogPost\" ><div class='avia_textblock  '   itemprop=\"text\" ><p style=\"text-align: center;\"><strong><span style=\"font-size: 18pt;\">Infor impulsa el desarrollo de productos madereros con valor agregado en la comuna de Tortel<\/span><\/strong><\/p>\n<div id=\"gtx-trans\" style=\"position: absolute; left: -50px; top: 4.31534px;\">\n<div class=\"gtx-trans-icon\"><\/div>\n<\/div>\n<\/div><\/section><\/div><div class=\"flex_column av_one_full  flex_column_div av-zero-column-padding first  avia-builder-el-4  el_after_av_one_full  el_before_av_hr  column-top-margin\" style='border-radius:0px; '><section class=\"av_textblock_section \"  itemscope=\"itemscope\" itemtype=\"https:\/\/schema.org\/BlogPosting\" itemprop=\"blogPost\" ><div class='avia_textblock  '   itemprop=\"text\" ><p style=\"text-align: justify;\"><em>Diversos utensilios y algunas piezas art\u00edsticas en madera de Cipr\u00e9s de las Guaitecas y otras maderas nativas de la zona, fueron algunos de los productos con valor agregado que trabajaron los asistentes al taller realizado en la provincia de Capit\u00e1n Prat.<\/em><\/p>\n<p style=\"text-align: justify;\">El Instituto Forestal (INFOR) sede Patagonia, en estrecha colaboraci\u00f3n con el programa Prodesal de la Ilustre Municipalidad de Tortel, llev\u00f3 a cabo recientemente un taller de capacitaci\u00f3n denominado \u00abIntroducci\u00f3n al uso de herramientas manuales para la generaci\u00f3n de productos con valor agregado\u00bb. La actividad, constituye una parte fundamental del Programa FNDR \u00abTransferencia Desarrollo Productivo para el Sector Silv\u00edcola de la Provincia de Capit\u00e1n Prat\u00bb, cuya ejecuci\u00f3n est\u00e1 a cargo de INFOR Patagonia y cuenta con el financiamiento del Gobierno Regional y su Consejo.<\/p>\n<p style=\"text-align: justify;\">Durante tres d\u00edas, trece personas provenientes de Tortel y Cochrane tuvieron la oportunidad de capacitarse en diversas t\u00e9cnicas y estrategias relacionadas con la elaboraci\u00f3n y comercializaci\u00f3n de productos elaborados en base a madera. El grupo estaba conformado por artesanos, mueblistas, productores silv\u00edcolas e interesados en aprender el oficio, quienes recibieron instrucci\u00f3n sobre el aprovechamiento de diferentes tipos de madera nativa, incluyendo desechos, madera de recuperaci\u00f3n y madera proveniente de los bosques cercanos.<\/p>\n<p style=\"text-align: justify;\">El taller, dirigido por la reconocida artesana Pamela Sperry, fue una ocasi\u00f3n propicia para explorar t\u00e9cnicas ancestrales de tallados vikingos con hacha y cuchillo, demostrando la versatilidad de estas herramientas. Adem\u00e1s, se abordaron temas fundamentales para el desarrollo de negocios relacionados, como la comercializaci\u00f3n, el an\u00e1lisis de costos de producci\u00f3n, dise\u00f1o, digitalizaci\u00f3n y el marketing en redes sociales.<\/p>\n<p style=\"text-align: justify;\">Los participantes elaboraron una amplia variedad de productos, incluyendo cucharas, esp\u00e1tulas, untadores, fuentes y piezas art\u00edsticas en madera nativa. Esta experiencia les permiti\u00f3 adentrarse en el mundo de las herramientas manuales, apreciando su versatilidad y comprobando que, a pesar de su car\u00e1cter rudimentario, son instrumentos altamente eficaces para la creaci\u00f3n.<\/p>\n<p style=\"text-align: justify;\">Tamara Segovia, coordinadora del programa silv\u00edcola de INFOR en Cochrane, valor\u00f3 los resultados obtenidos. \u00abPara nosotros ha sido un gran \u00e9xito contar con la participaci\u00f3n de tantas personas durante tres d\u00edas, quienes no solo adquirieron valiosas habilidades en el uso de herramientas manuales como el hacha y el cuchillo, sino que tambi\u00e9n aprendieron sobre herramientas m\u00e1s modernas, como la visualizaci\u00f3n de negocios a trav\u00e9s de las redes sociales\u00bb.<\/p>\n<p style=\"text-align: justify;\">Sebasti\u00e1n Cerda, productor silv\u00edcola y mueblista de Cochrane, comparti\u00f3 su entusiasmo y destac\u00f3 los beneficios del taller: \u00abFue una experiencia maravillosa y muy entretenida aprender estas nuevas pr\u00e1cticas. Es interesante poder aplicar estos nuevos conocimientos en lo que uno ya hace, al mismo tiempo, llegar a hacer cosas nuevas y poder promover el uso de la madera nativa aqu\u00ed en Cochrane\u00bb.<\/p>\n<p style=\"text-align: justify;\">En tanto, Mar\u00eda Paz Hargreaves, emprendedora tur\u00edstica de Tortel, destac\u00f3 la importancia de lo aprendido: \u00abNo solo adquirimos habilidades de tallado y un mayor conocimiento sobre la madera, sino que tambi\u00e9n tuvimos acceso a informaci\u00f3n sobre nuevas herramientas de mejor calidad para desarrollar de mejor forma el tallado. En Caleta Tortel, todas las actividades relacionadas con la madera son sumamente importantes, ya que nos permiten ampliar nuestra oferta tur\u00edstica, especialmente vinculada a la madera de Cipr\u00e9s de Las Guaitecas. Adem\u00e1s, gracias a la construcci\u00f3n y reconstrucci\u00f3n de pasarelas, contamos con una abundante cantidad de madera para reciclar, y su aprovechamiento en la producci\u00f3n de productos agrega valor a las cualidades que ofrece Caleta Tortel\u00bb.<\/p>\n<p style=\"text-align: justify;\">Por su parte, Jaime Salinas gerente de INFOR, sede Patagonia, enfatiz\u00f3 en que \u00abla realizaci\u00f3n del taller en Tortel reviste gran importancia, ya que es parte de un trabajo colaborativo que busca fomentar la creaci\u00f3n de negocios orientados a la valorizaci\u00f3n de la madera y los bosques y de esta forma impulsar el desarrollo forestal. Es as\u00ed, como esta capacitaci\u00f3n permitir\u00e1 generar productos de mayor calidad, visibilizando el trabajo de artesanos, abriendo nuevos nichos de mercado laboral y potenciando su rol en el sector\u00bb.<\/p>\n<p style=\"text-align: justify;\">La gesti\u00f3n de INFOR en la Provincia de Capit\u00e1n Prat busca agregar valor al sector silv\u00edcola de la Provincia de Capit\u00e1n Prat, como parte del programa de Zona Rezagadas de la Provincia de los Glaciares. Alan Espinoza, seremi de Agricultura de Ays\u00e9n a\u00f1adi\u00f3 al respecto que \u00abeste programa tiene como objetivo impulsar la capacitaci\u00f3n y el intercambio de conocimientos con el firme prop\u00f3sito de aumentar la productividad e ingresos de los productores y productoras silv\u00edcolas de la zona, creando oportunidades para fortalecer la econom\u00eda local contribuyendo al desarrollo forestal y la sustentabilidad, como lo se\u00f1alan los lineamientos de nuestro Ministerio de Agricultura\u00bb, enfatiz\u00f3.<\/p>\n<\/div><\/section><\/div><div  style='height:50px' class='hr hr-invisible   avia-builder-el-6  el_after_av_one_full  el_before_av_social_share '><span class='hr-inner ' ><span class='hr-inner-style'><\/span><\/span><\/div><\/p>\n<div  class='av-social-sharing-box  avia-builder-el-7  el_after_av_hr  el_before_av_hr  '><div class='av-share-box'><h5 class='av-share-link-description av-no-toc '>Compartir esta noticia<\/h5><ul class='av-share-box-list noLightbox'><li class='av-share-link av-social-link-facebook' ><a target=\"_blank\" aria-label=\"Compartir en Facebook\" href='https:\/\/www.facebook.com\/sharer.php?u=https:\/\/radiorevelacionfm.cl\/?p=32084&#038;t=Infor%20impulsa%20el%20desarrollo%20de%20productos%20madereros%20con%20valor%20agregado%20en%20la%20comuna%20de%20Tortel' aria-hidden='false' data-av_icon='\ue8f3' data-av_iconfont='entypo-fontello' title='' data-avia-related-tooltip='Compartir en Facebook' rel=\"noopener\"><span class='avia_hidden_link_text'>Compartir en Facebook<\/span><\/a><\/li><li class='av-share-link av-social-link-twitter' ><a target=\"_blank\" aria-label=\"Compartir en Twitter\" href='https:\/\/twitter.com\/share?text=Infor%20impulsa%20el%20desarrollo%20de%20productos%20madereros%20con%20valor%20agregado%20en%20la%20comuna%20de%20Tortel&#038;url=https:\/\/radiorevelacionfm.cl\/?p=32084' aria-hidden='false' data-av_icon='\ue8f1' data-av_iconfont='entypo-fontello' title='' data-avia-related-tooltip='Compartir en Twitter' rel=\"noopener\"><span class='avia_hidden_link_text'>Compartir en Twitter<\/span><\/a><\/li><li class='av-share-link av-social-link-whatsapp' ><a target=\"_blank\" aria-label=\"Compartir en Whatsapp\" href='https:\/\/api.whatsapp.com\/send?text=https:\/\/radiorevelacionfm.cl\/?p=32084' aria-hidden='false' data-av_icon='\uf232' data-av_iconfont='entypo-fontello' title='' data-avia-related-tooltip='Compartir en Whatsapp' rel=\"noopener\"><span class='avia_hidden_link_text'>Compartir en Whatsapp<\/span><\/a><\/li><li class='av-share-link av-social-link-linkedin' ><a target=\"_blank\" aria-label=\"Compartir en LinkedIn\" href='https:\/\/linkedin.com\/shareArticle?mini=true&#038;title=Infor%20impulsa%20el%20desarrollo%20de%20productos%20madereros%20con%20valor%20agregado%20en%20la%20comuna%20de%20Tortel&#038;url=https:\/\/radiorevelacionfm.cl\/?p=32084' aria-hidden='false' data-av_icon='\ue8fc' data-av_iconfont='entypo-fontello' title='' data-avia-related-tooltip='Compartir en LinkedIn' rel=\"noopener\"><span class='avia_hidden_link_text'>Compartir en LinkedIn<\/span><\/a><\/li><li class='av-share-link av-social-link-mail' ><a  aria-label=\"Compartir por correo\" href='mailto:?subject=Infor%20impulsa%20el%20desarrollo%20de%20productos%20madereros%20con%20valor%20agregado%20en%20la%20comuna%20de%20Tortel&#038;body=https:\/\/radiorevelacionfm.cl\/?p=32084' aria-hidden='false' data-av_icon='\ue805' data-av_iconfont='entypo-fontello' title='' data-avia-related-tooltip='Compartir por correo'><span class='avia_hidden_link_text'>Compartir por correo<\/span><\/a><\/li><\/ul><\/div><\/div>\n<div  style='height:50px' class='hr hr-invisible   avia-builder-el-8  el_after_av_social_share  el_before_av_comments_list '><span class='hr-inner ' ><span class='hr-inner-style'><\/span><\/span><\/div>\n<div  class='av-buildercomment  av-blog-meta-html-info-disabled av-blog-meta-tag-disabled  '><\/div>\n","protected":false},"excerpt":{"rendered":"","protected":false},"author":1,"featured_media":32085,"comment_status":"open","ping_status":"open","sticky":false,"template":"","format":"standard","meta":{"footnotes":""},"categories":[38],"tags":[],"class_list":["post-32084","post","type-post","status-publish","format-standard","has-post-thumbnail","hentry","category-regional"],"jetpack_featured_media_url":"https:\/\/radiorevelacionfm.cl\/wp-content\/uploads\/2023\/06\/taller-madera-tortel-01-1_optimized-1.jpg","_links":{"self":[{"href":"https:\/\/radiorevelacionfm.cl\/index.php?rest_route=\/wp\/v2\/posts\/32084","targetHints":{"allow":["GET"]}}],"collection":[{"href":"https:\/\/radiorevelacionfm.cl\/index.php?rest_route=\/wp\/v2\/posts"}],"about":[{"href":"https:\/\/radiorevelacionfm.cl\/index.php?rest_route=\/wp\/v2\/types\/post"}],"author":[{"embeddable":true,"href":"https:\/\/radiorevelacionfm.cl\/index.php?rest_route=\/wp\/v2\/users\/1"}],"replies":[{"embeddable":true,"href":"https:\/\/radiorevelacionfm.cl\/index.php?rest_route=%2Fwp%2Fv2%2Fcomments&post=32084"}],"version-history":[{"count":1,"href":"https:\/\/radiorevelacionfm.cl\/index.php?rest_route=\/wp\/v2\/posts\/32084\/revisions"}],"predecessor-version":[{"id":32086,"href":"https:\/\/radiorevelacionfm.cl\/index.php?rest_route=\/wp\/v2\/posts\/32084\/revisions\/32086"}],"wp:featuredmedia":[{"embeddable":true,"href":"https:\/\/radiorevelacionfm.cl\/index.php?rest_route=\/wp\/v2\/media\/32085"}],"wp:attachment":[{"href":"https:\/\/radiorevelacionfm.cl\/index.php?rest_route=%2Fwp%2Fv2%2Fmedia&parent=32084"}],"wp:term":[{"taxonomy":"category","embeddable":true,"href":"https:\/\/radiorevelacionfm.cl\/index.php?rest_route=%2Fwp%2Fv2%2Fcategories&post=32084"},{"taxonomy":"post_tag","embeddable":true,"href":"https:\/\/radiorevelacionfm.cl\/index.php?rest_route=%2Fwp%2Fv2%2Ftags&post=32084"}],"curies":[{"name":"wp","href":"https:\/\/api.w.org\/{rel}","templated":true}]}}