{"id":32081,"date":"2023-06-15T11:53:03","date_gmt":"2023-06-15T14:53:03","guid":{"rendered":"https:\/\/radiorevelacionfm.cl\/?p=32081"},"modified":"2023-06-15T11:53:03","modified_gmt":"2023-06-15T14:53:03","slug":"trece-familias-del-comite-flor-de-mayo-se-veran-beneficiadas-con-la-entrega-de-terreno-en-bahia-murta","status":"publish","type":"post","link":"https:\/\/radiorevelacionfm.cl\/?p=32081","title":{"rendered":"Trece familias del comit\u00e9 \u201cFlor de Mayo\u201d se ver\u00e1n beneficiadas con la entrega de terreno en Bah\u00eda Murta"},"content":{"rendered":"<div class=\"flex_column av_one_full  flex_column_div av-zero-column-padding first  avia-builder-el-0  el_before_av_one_full  avia-builder-el-first  \" style='border-radius:0px; '><div  class='avia-image-container  av-styling-    avia-builder-el-1  avia-builder-el-no-sibling  avia-align-center '  itemprop=\"image\" itemscope=\"itemscope\" itemtype=\"https:\/\/schema.org\/ImageObject\"  ><div class='avia-image-container-inner'><div class='avia-image-overlay-wrap'><img decoding=\"async\" class='wp-image-32082 avia-img-lazy-loading-not-32082 avia_image' src=\"https:\/\/radiorevelacionfm.cl\/wp-content\/uploads\/2023\/06\/3-43-1_optimized-1.jpg\" alt='' title='3-(43)-(1)_optimized (1)' height=\"600\" width=\"883\"  itemprop=\"thumbnailUrl\" srcset=\"https:\/\/radiorevelacionfm.cl\/wp-content\/uploads\/2023\/06\/3-43-1_optimized-1.jpg 883w, https:\/\/radiorevelacionfm.cl\/wp-content\/uploads\/2023\/06\/3-43-1_optimized-1-300x204.jpg 300w, https:\/\/radiorevelacionfm.cl\/wp-content\/uploads\/2023\/06\/3-43-1_optimized-1-768x522.jpg 768w, https:\/\/radiorevelacionfm.cl\/wp-content\/uploads\/2023\/06\/3-43-1_optimized-1-705x479.jpg 705w, https:\/\/radiorevelacionfm.cl\/wp-content\/uploads\/2023\/06\/3-43-1_optimized-1-450x306.jpg 450w, https:\/\/radiorevelacionfm.cl\/wp-content\/uploads\/2023\/06\/3-43-1_optimized-1-600x408.jpg 600w\" sizes=\"(max-width: 883px) 100vw, 883px\" \/><\/div><\/div><\/div><\/div><div class=\"flex_column av_one_full  flex_column_div av-zero-column-padding first  avia-builder-el-2  el_after_av_one_full  el_before_av_one_full  column-top-margin\" style='border-radius:0px; '><section class=\"av_textblock_section \"  itemscope=\"itemscope\" itemtype=\"https:\/\/schema.org\/BlogPosting\" itemprop=\"blogPost\" ><div class='avia_textblock  '   itemprop=\"text\" ><p style=\"text-align: center;\"><strong><span style=\"font-size: 18pt;\">Trece familias del comit\u00e9 \u201cFlor de Mayo\u201d se ver\u00e1n beneficiadas con la entrega de terreno en Bah\u00eda Murta<\/span><\/strong><\/p>\n<div id=\"gtx-trans\" style=\"position: absolute; left: -50px; top: 4.31534px;\">\n<div class=\"gtx-trans-icon\"><\/div>\n<\/div>\n<\/div><\/section><\/div><div class=\"flex_column av_one_full  flex_column_div av-zero-column-padding first  avia-builder-el-4  el_after_av_one_full  el_before_av_hr  column-top-margin\" style='border-radius:0px; '><section class=\"av_textblock_section \"  itemscope=\"itemscope\" itemtype=\"https:\/\/schema.org\/BlogPosting\" itemprop=\"blogPost\" ><div class='avia_textblock  '   itemprop=\"text\" ><p style=\"text-align: justify;\">La localidad de Bah\u00eda Murta celebr\u00f3 este lunes un importante hito en su desarrollo urbano con la entrega de terreno al comit\u00e9 \u201cFlor de Mayo\u201d, grupo de 13 familias que se ver\u00e1n beneficiadas con el programa de habitabilidad rural, que busca seguir entregando soluciones habitacionales con la construcci\u00f3n de viviendas en la regi\u00f3n de Ays\u00e9n.<\/p>\n<p style=\"text-align: justify;\">La seremi de Vivienda y Urbanismo, Paulina Ruz, destac\u00f3 el esfuerzo del gobierno para cumplir la ambiciosa meta fijada para la regi\u00f3n durante este mandato. \u201cEl Plan de Emergencia Habitacional implica que las autoridades tengamos que estar desplegadas en los territorios. En el caso de la regi\u00f3n de Ays\u00e9n, nosotros tenemos una meta de llegar con mil 293 viviendas durante el periodo de este gobierno y el comit\u00e9 \u201cFlor de Mayo\u201d, de Bah\u00eda Murta, ser\u00e1 uno de los beneficiarios\u201d, explico la seremi. Este comit\u00e9, que se organiza en 2015 para responder a la demanda de nuevas viviendas en la localidad, esta constituido por residentes, en su mayor\u00eda, pertenecientes al 40% m\u00e1s vulnerable de la poblaci\u00f3n.<\/p>\n<p style=\"text-align: justify;\">Soledad Inallado, presidenta del Comit\u00e9 \u201cFlor de Mayo\u201d, se mostr\u00f3 agradecida con las autoridades por el compromiso y celebr\u00f3 el trabajo conjunto realizado. La dirigente se\u00f1alo que esta fue una actividad \u201cmuy emocionante, super significativa. Pareciera que ya falta menos para lograr nuestro objetivo, que esper\u00e1bamos todos. Agradecer, primero que nada, a todos los socios, ya que, sin ellos, sin su apoyo, esto ser\u00eda imposible; ser\u00eda imposible que estemos todos juntos, reunidos para lograr esto\u201d.<\/p>\n<p style=\"text-align: justify;\">De igual modo, la autoridad del Minvu en Ays\u00e9n celebr\u00f3 la importancia de esta cita. \u201cEl d\u00eda de hoy vivimos una ceremonia muy significativa de entrega de terrenos para que comience la ejecuci\u00f3n de obras. Son subsidios de habitabilidad rural que fueron otorgados a las familias, a un comit\u00e9 de 13 personas, el cual es sumamente diverso; tiene ni\u00f1os, personas en situaci\u00f3n de discapacidad, adultos mayores y familias unipersonales, logrando el fin de poder llegar a los lugares m\u00e1s apartados de la regi\u00f3n de Ays\u00e9n a trav\u00e9s de un trabajo, donde, el municipio de R\u00edo Ib\u00e1\u00f1ez nos ha ayudado bastante\u201d, sostuvo.<\/p>\n<p style=\"text-align: justify;\">\u201cNosotros recibimos la transferencia -del terreno- a trav\u00e9s de Bienes Nacionales, lo cual, cumpli\u00e9ndose un rol importante en contribuir a garantizar el derecho de la vivienda digna de las familias. Esperamos que este proyecto habitacional se ejecute dentro del plazo -cercano a un a\u00f1o- y que podamos seguir llegando a los lugares m\u00e1s apartados de la regi\u00f3n de Ays\u00e9n con soluciones habitacionales\u201d, se\u00f1al\u00f3 la secretar\u00eda ministerial de la cartera de Vivienda y Urbanismo.<\/p>\n<p style=\"text-align: justify;\">El dise\u00f1o de este proyecto aportar\u00e1 una nueva manzana a la localidad, generando 3 cuadras y un espacio urbano con vocaci\u00f3n de parque lineal, el que se espera pueda desarrollarse en el futuro. Adem\u00e1s, esta obra de urbanizaci\u00f3n extender\u00e1 tanto la red de servicios de agua potable rural y de alcantarillado, como tambi\u00e9n la red el\u00e9ctrica y de alumbrado, con una calle de 75 metros pavimentada con adoqu\u00edn.<\/p>\n<\/div><\/section><\/div><div  style='height:50px' class='hr hr-invisible   avia-builder-el-6  el_after_av_one_full  el_before_av_social_share '><span class='hr-inner ' ><span class='hr-inner-style'><\/span><\/span><\/div><\/p>\n<div  class='av-social-sharing-box  avia-builder-el-7  el_after_av_hr  el_before_av_hr  '><div class='av-share-box'><h5 class='av-share-link-description av-no-toc '>Compartir esta noticia<\/h5><ul class='av-share-box-list noLightbox'><li class='av-share-link av-social-link-facebook' ><a target=\"_blank\" aria-label=\"Compartir en Facebook\" href='https:\/\/www.facebook.com\/sharer.php?u=https:\/\/radiorevelacionfm.cl\/?p=32081&#038;t=Trece%20familias%20del%20comit%C3%A9%20%E2%80%9CFlor%20de%20Mayo%E2%80%9D%20se%20ver%C3%A1n%20beneficiadas%20con%20la%20entrega%20de%20terreno%20en%20Bah%C3%ADa%20Murta' aria-hidden='false' data-av_icon='\ue8f3' data-av_iconfont='entypo-fontello' title='' data-avia-related-tooltip='Compartir en Facebook' rel=\"noopener\"><span class='avia_hidden_link_text'>Compartir en Facebook<\/span><\/a><\/li><li class='av-share-link av-social-link-twitter' ><a target=\"_blank\" aria-label=\"Compartir en Twitter\" href='https:\/\/twitter.com\/share?text=Trece%20familias%20del%20comit%C3%A9%20%E2%80%9CFlor%20de%20Mayo%E2%80%9D%20se%20ver%C3%A1n%20beneficiadas%20con%20la%20entrega%20de%20terreno%20en%20Bah%C3%ADa%20Murta&#038;url=https:\/\/radiorevelacionfm.cl\/?p=32081' aria-hidden='false' data-av_icon='\ue8f1' data-av_iconfont='entypo-fontello' title='' data-avia-related-tooltip='Compartir en Twitter' rel=\"noopener\"><span class='avia_hidden_link_text'>Compartir en Twitter<\/span><\/a><\/li><li class='av-share-link av-social-link-whatsapp' ><a target=\"_blank\" aria-label=\"Compartir en Whatsapp\" href='https:\/\/api.whatsapp.com\/send?text=https:\/\/radiorevelacionfm.cl\/?p=32081' aria-hidden='false' data-av_icon='\uf232' data-av_iconfont='entypo-fontello' title='' data-avia-related-tooltip='Compartir en Whatsapp' rel=\"noopener\"><span class='avia_hidden_link_text'>Compartir en Whatsapp<\/span><\/a><\/li><li class='av-share-link av-social-link-linkedin' ><a target=\"_blank\" aria-label=\"Compartir en LinkedIn\" href='https:\/\/linkedin.com\/shareArticle?mini=true&#038;title=Trece%20familias%20del%20comit%C3%A9%20%E2%80%9CFlor%20de%20Mayo%E2%80%9D%20se%20ver%C3%A1n%20beneficiadas%20con%20la%20entrega%20de%20terreno%20en%20Bah%C3%ADa%20Murta&#038;url=https:\/\/radiorevelacionfm.cl\/?p=32081' aria-hidden='false' data-av_icon='\ue8fc' data-av_iconfont='entypo-fontello' title='' data-avia-related-tooltip='Compartir en LinkedIn' rel=\"noopener\"><span class='avia_hidden_link_text'>Compartir en LinkedIn<\/span><\/a><\/li><li class='av-share-link av-social-link-mail' ><a  aria-label=\"Compartir por correo\" href='mailto:?subject=Trece%20familias%20del%20comit%C3%A9%20%E2%80%9CFlor%20de%20Mayo%E2%80%9D%20se%20ver%C3%A1n%20beneficiadas%20con%20la%20entrega%20de%20terreno%20en%20Bah%C3%ADa%20Murta&#038;body=https:\/\/radiorevelacionfm.cl\/?p=32081' aria-hidden='false' data-av_icon='\ue805' data-av_iconfont='entypo-fontello' title='' data-avia-related-tooltip='Compartir por correo'><span class='avia_hidden_link_text'>Compartir por correo<\/span><\/a><\/li><\/ul><\/div><\/div>\n<div  style='height:50px' class='hr hr-invisible   avia-builder-el-8  el_after_av_social_share  el_before_av_comments_list '><span class='hr-inner ' ><span class='hr-inner-style'><\/span><\/span><\/div>\n<div  class='av-buildercomment  av-blog-meta-html-info-disabled av-blog-meta-tag-disabled  '><\/div>\n","protected":false},"excerpt":{"rendered":"","protected":false},"author":1,"featured_media":32082,"comment_status":"open","ping_status":"open","sticky":false,"template":"","format":"standard","meta":{"footnotes":""},"categories":[57],"tags":[],"class_list":["post-32081","post","type-post","status-publish","format-standard","has-post-thumbnail","hentry","category-vivienda"],"jetpack_featured_media_url":"https:\/\/radiorevelacionfm.cl\/wp-content\/uploads\/2023\/06\/3-43-1_optimized-1.jpg","_links":{"self":[{"href":"https:\/\/radiorevelacionfm.cl\/index.php?rest_route=\/wp\/v2\/posts\/32081","targetHints":{"allow":["GET"]}}],"collection":[{"href":"https:\/\/radiorevelacionfm.cl\/index.php?rest_route=\/wp\/v2\/posts"}],"about":[{"href":"https:\/\/radiorevelacionfm.cl\/index.php?rest_route=\/wp\/v2\/types\/post"}],"author":[{"embeddable":true,"href":"https:\/\/radiorevelacionfm.cl\/index.php?rest_route=\/wp\/v2\/users\/1"}],"replies":[{"embeddable":true,"href":"https:\/\/radiorevelacionfm.cl\/index.php?rest_route=%2Fwp%2Fv2%2Fcomments&post=32081"}],"version-history":[{"count":1,"href":"https:\/\/radiorevelacionfm.cl\/index.php?rest_route=\/wp\/v2\/posts\/32081\/revisions"}],"predecessor-version":[{"id":32083,"href":"https:\/\/radiorevelacionfm.cl\/index.php?rest_route=\/wp\/v2\/posts\/32081\/revisions\/32083"}],"wp:featuredmedia":[{"embeddable":true,"href":"https:\/\/radiorevelacionfm.cl\/index.php?rest_route=\/wp\/v2\/media\/32082"}],"wp:attachment":[{"href":"https:\/\/radiorevelacionfm.cl\/index.php?rest_route=%2Fwp%2Fv2%2Fmedia&parent=32081"}],"wp:term":[{"taxonomy":"category","embeddable":true,"href":"https:\/\/radiorevelacionfm.cl\/index.php?rest_route=%2Fwp%2Fv2%2Fcategories&post=32081"},{"taxonomy":"post_tag","embeddable":true,"href":"https:\/\/radiorevelacionfm.cl\/index.php?rest_route=%2Fwp%2Fv2%2Ftags&post=32081"}],"curies":[{"name":"wp","href":"https:\/\/api.w.org\/{rel}","templated":true}]}}