{"id":32071,"date":"2023-06-15T10:50:05","date_gmt":"2023-06-15T13:50:05","guid":{"rendered":"https:\/\/radiorevelacionfm.cl\/?p=32071"},"modified":"2023-06-15T10:50:05","modified_gmt":"2023-06-15T13:50:05","slug":"alerta-por-enfermedades-respiratorias-gobernadora-compromete-gestionar-recursos-para-enfrentar-inminente-crisis-sanitaria","status":"publish","type":"post","link":"https:\/\/radiorevelacionfm.cl\/?p=32071","title":{"rendered":"Alerta por enfermedades respiratorias: Gobernadora compromete gestionar recursos para enfrentar inminente crisis sanitaria"},"content":{"rendered":"<div class=\"flex_column av_one_full  flex_column_div av-zero-column-padding first  avia-builder-el-0  el_before_av_one_full  avia-builder-el-first  \" style='border-radius:0px; '><div  class='avia-image-container  av-styling-    avia-builder-el-1  avia-builder-el-no-sibling  avia-align-center '  itemprop=\"image\" itemscope=\"itemscope\" itemtype=\"https:\/\/schema.org\/ImageObject\"  ><div class='avia-image-container-inner'><div class='avia-image-overlay-wrap'><img decoding=\"async\" class='wp-image-32072 avia-img-lazy-loading-not-32072 avia_image' src=\"https:\/\/radiorevelacionfm.cl\/wp-content\/uploads\/2023\/06\/Gob.-Andrea-Macias-2-1-1.jpeg\" alt='' title='Gob. Andrea Mac\u00edas 2 (1) (1)' height=\"600\" width=\"900\"  itemprop=\"thumbnailUrl\" srcset=\"https:\/\/radiorevelacionfm.cl\/wp-content\/uploads\/2023\/06\/Gob.-Andrea-Macias-2-1-1.jpeg 900w, https:\/\/radiorevelacionfm.cl\/wp-content\/uploads\/2023\/06\/Gob.-Andrea-Macias-2-1-1-300x200.jpeg 300w, https:\/\/radiorevelacionfm.cl\/wp-content\/uploads\/2023\/06\/Gob.-Andrea-Macias-2-1-1-768x512.jpeg 768w, https:\/\/radiorevelacionfm.cl\/wp-content\/uploads\/2023\/06\/Gob.-Andrea-Macias-2-1-1-705x470.jpeg 705w, https:\/\/radiorevelacionfm.cl\/wp-content\/uploads\/2023\/06\/Gob.-Andrea-Macias-2-1-1-450x300.jpeg 450w, https:\/\/radiorevelacionfm.cl\/wp-content\/uploads\/2023\/06\/Gob.-Andrea-Macias-2-1-1-600x400.jpeg 600w\" sizes=\"(max-width: 900px) 100vw, 900px\" \/><\/div><\/div><\/div><\/div>\n<div class=\"flex_column av_one_full  flex_column_div av-zero-column-padding first  avia-builder-el-2  el_after_av_one_full  el_before_av_one_full  column-top-margin\" style='border-radius:0px; '><section class=\"av_textblock_section \"  itemscope=\"itemscope\" itemtype=\"https:\/\/schema.org\/BlogPosting\" itemprop=\"blogPost\" ><div class='avia_textblock  '   itemprop=\"text\" ><p style=\"text-align: center;\"><strong><span style=\"font-size: 18pt;\">Alerta por enfermedades respiratorias: Gobernadora compromete gestionar recursos para enfrentar inminente crisis sanitaria<\/span><\/strong><\/p>\n<div id=\"gtx-trans\" style=\"position: absolute; left: -50px; top: 4.31534px;\">\n<div class=\"gtx-trans-icon\"><\/div>\n<\/div>\n<\/div><\/section><\/div><div class=\"flex_column av_one_full  flex_column_div av-zero-column-padding first  avia-builder-el-4  el_after_av_one_full  el_before_av_hr  column-top-margin\" style='border-radius:0px; '><section class=\"av_textblock_section \"  itemscope=\"itemscope\" itemtype=\"https:\/\/schema.org\/BlogPosting\" itemprop=\"blogPost\" ><div class='avia_textblock  '   itemprop=\"text\" ><p dir=\"ltr\" style=\"text-align: justify;\">La preocupaci\u00f3n ante la inminente crisis de salud provocada por una alta circulaci\u00f3n de enfermedades respiratorias en el pa\u00eds provoc\u00f3 una coordinaci\u00f3n anticipada por parte de las autoridades regionales en Ays\u00e9n, en una instancia denominada \u00abComit\u00e9 Asesor de Contingencia Invernal\u00bb.<\/p>\n<p dir=\"ltr\" style=\"text-align: justify;\">En ese sentido, la Gobernadora Regional Andrea Mac\u00edas Palma particip\u00f3 de una reuni\u00f3n con la autoridad sanitaria local, la seremi Carmen Gloria Monsalve, el Delegado Presidencial Regional, Rodrigo Araya, profesionales del Hospital Regional Coyhaique y distintos equipos t\u00e9cnicos, para reforzar el trabajo en conjunto de las distintas instituciones.<\/p>\n<p dir=\"ltr\" style=\"text-align: justify;\">Inmediatamente, la Gobernadora comprometi\u00f3 la voluntad de mover recursos desde el Gobierno Regional para fortalecer el funcionamiento de la red asistencial en las cuatro provincias de la regi\u00f3n.<\/p>\n<p dir=\"ltr\" style=\"text-align: justify;\">\u00abComo Gobierno Regional, siendo parte del Comit\u00e9 Asesor de Contingencia Invernal, estamos muy preocupados, pero tambi\u00e9n ocupados, de la situaci\u00f3n que estamos viviendo debido a la circulaci\u00f3n de distintos virus que afectan a toda nuestra poblaci\u00f3n, y espec\u00edficamente a los menores de cinco a\u00f1os y a adultos mayores. En ese sentido, frente a la alta circulaci\u00f3n de enfermedades respiratorias que existe hoy y que se avecina tambi\u00e9n en nuestra regi\u00f3n, como Ejecutivo del Gobierno Regional empujar\u00e9 todas las acciones necesarias para asignar recursos hacia el sector Salud\u00bb, estableci\u00f3 la m\u00e1xima autoridad de Ays\u00e9n.<\/p>\n<p dir=\"ltr\" style=\"text-align: justify;\">En esa misma l\u00ednea, la Gobernadora Regional hizo un llamado \u00abal cuidado de la poblaci\u00f3n, al cuidado personal, a que podamos cuidar a nuestros ni\u00f1os y ni\u00f1as, a personas mayores, evitar exponerlas a aglomeraciones, evitar exponerlas innecesariamente a espacios donde pueda haber una mayor concurrencia de virus\u00bb.<\/p>\n<p dir=\"ltr\" style=\"text-align: justify;\">Por \u00faltimo, destac\u00f3 el trabajo en materia de reconversi\u00f3n de camas que se est\u00e1 realizando desde el sector Salud, para tener disponibilidad frente a los distintos brotes o cuadros que se puedan presentar, labor con la que la Gobernadora tambi\u00e9n se puso a disposici\u00f3n para colaborar, dentro de su \u00e1mbito de acci\u00f3n, en lo que el Gobierno Regional pueda ser requerido.<\/p>\n<\/div><\/section><\/div><\/p>\n<div  style='height:50px' class='hr hr-invisible   avia-builder-el-6  el_after_av_one_full  el_before_av_social_share '><span class='hr-inner ' ><span class='hr-inner-style'><\/span><\/span><\/div>\n<div  class='av-social-sharing-box  avia-builder-el-7  el_after_av_hr  el_before_av_hr  '><div class='av-share-box'><h5 class='av-share-link-description av-no-toc '>Compartir esta noticia<\/h5><ul class='av-share-box-list noLightbox'><li class='av-share-link av-social-link-facebook' ><a target=\"_blank\" aria-label=\"Compartir en Facebook\" href='https:\/\/www.facebook.com\/sharer.php?u=https:\/\/radiorevelacionfm.cl\/?p=32071&#038;t=Alerta%20por%20enfermedades%20respiratorias%3A%20Gobernadora%20compromete%20gestionar%20recursos%20para%20enfrentar%20inminente%20crisis%20sanitaria' aria-hidden='false' data-av_icon='\ue8f3' data-av_iconfont='entypo-fontello' title='' data-avia-related-tooltip='Compartir en Facebook' rel=\"noopener\"><span class='avia_hidden_link_text'>Compartir en Facebook<\/span><\/a><\/li><li class='av-share-link av-social-link-twitter' ><a target=\"_blank\" aria-label=\"Compartir en Twitter\" href='https:\/\/twitter.com\/share?text=Alerta%20por%20enfermedades%20respiratorias%3A%20Gobernadora%20compromete%20gestionar%20recursos%20para%20enfrentar%20inminente%20crisis%20sanitaria&#038;url=https:\/\/radiorevelacionfm.cl\/?p=32071' aria-hidden='false' data-av_icon='\ue8f1' data-av_iconfont='entypo-fontello' title='' data-avia-related-tooltip='Compartir en Twitter' rel=\"noopener\"><span class='avia_hidden_link_text'>Compartir en Twitter<\/span><\/a><\/li><li class='av-share-link av-social-link-whatsapp' ><a target=\"_blank\" aria-label=\"Compartir en Whatsapp\" href='https:\/\/api.whatsapp.com\/send?text=https:\/\/radiorevelacionfm.cl\/?p=32071' aria-hidden='false' data-av_icon='\uf232' data-av_iconfont='entypo-fontello' title='' data-avia-related-tooltip='Compartir en Whatsapp' rel=\"noopener\"><span class='avia_hidden_link_text'>Compartir en Whatsapp<\/span><\/a><\/li><li class='av-share-link av-social-link-linkedin' ><a target=\"_blank\" aria-label=\"Compartir en LinkedIn\" href='https:\/\/linkedin.com\/shareArticle?mini=true&#038;title=Alerta%20por%20enfermedades%20respiratorias%3A%20Gobernadora%20compromete%20gestionar%20recursos%20para%20enfrentar%20inminente%20crisis%20sanitaria&#038;url=https:\/\/radiorevelacionfm.cl\/?p=32071' aria-hidden='false' data-av_icon='\ue8fc' data-av_iconfont='entypo-fontello' title='' data-avia-related-tooltip='Compartir en LinkedIn' rel=\"noopener\"><span class='avia_hidden_link_text'>Compartir en LinkedIn<\/span><\/a><\/li><li class='av-share-link av-social-link-mail' ><a  aria-label=\"Compartir por correo\" href='mailto:?subject=Alerta%20por%20enfermedades%20respiratorias%3A%20Gobernadora%20compromete%20gestionar%20recursos%20para%20enfrentar%20inminente%20crisis%20sanitaria&#038;body=https:\/\/radiorevelacionfm.cl\/?p=32071' aria-hidden='false' data-av_icon='\ue805' data-av_iconfont='entypo-fontello' title='' data-avia-related-tooltip='Compartir por correo'><span class='avia_hidden_link_text'>Compartir por correo<\/span><\/a><\/li><\/ul><\/div><\/div>\n<div  style='height:50px' class='hr hr-invisible   avia-builder-el-8  el_after_av_social_share  el_before_av_comments_list '><span class='hr-inner ' ><span class='hr-inner-style'><\/span><\/span><\/div>\n<div  class='av-buildercomment  av-blog-meta-html-info-disabled av-blog-meta-tag-disabled  '><\/div>\n","protected":false},"excerpt":{"rendered":"","protected":false},"author":1,"featured_media":32072,"comment_status":"open","ping_status":"open","sticky":false,"template":"","format":"standard","meta":{"footnotes":""},"categories":[38],"tags":[],"class_list":["post-32071","post","type-post","status-publish","format-standard","has-post-thumbnail","hentry","category-regional"],"jetpack_featured_media_url":"https:\/\/radiorevelacionfm.cl\/wp-content\/uploads\/2023\/06\/Gob.-Andrea-Macias-2-1-1.jpeg","_links":{"self":[{"href":"https:\/\/radiorevelacionfm.cl\/index.php?rest_route=\/wp\/v2\/posts\/32071","targetHints":{"allow":["GET"]}}],"collection":[{"href":"https:\/\/radiorevelacionfm.cl\/index.php?rest_route=\/wp\/v2\/posts"}],"about":[{"href":"https:\/\/radiorevelacionfm.cl\/index.php?rest_route=\/wp\/v2\/types\/post"}],"author":[{"embeddable":true,"href":"https:\/\/radiorevelacionfm.cl\/index.php?rest_route=\/wp\/v2\/users\/1"}],"replies":[{"embeddable":true,"href":"https:\/\/radiorevelacionfm.cl\/index.php?rest_route=%2Fwp%2Fv2%2Fcomments&post=32071"}],"version-history":[{"count":2,"href":"https:\/\/radiorevelacionfm.cl\/index.php?rest_route=\/wp\/v2\/posts\/32071\/revisions"}],"predecessor-version":[{"id":32074,"href":"https:\/\/radiorevelacionfm.cl\/index.php?rest_route=\/wp\/v2\/posts\/32071\/revisions\/32074"}],"wp:featuredmedia":[{"embeddable":true,"href":"https:\/\/radiorevelacionfm.cl\/index.php?rest_route=\/wp\/v2\/media\/32072"}],"wp:attachment":[{"href":"https:\/\/radiorevelacionfm.cl\/index.php?rest_route=%2Fwp%2Fv2%2Fmedia&parent=32071"}],"wp:term":[{"taxonomy":"category","embeddable":true,"href":"https:\/\/radiorevelacionfm.cl\/index.php?rest_route=%2Fwp%2Fv2%2Fcategories&post=32071"},{"taxonomy":"post_tag","embeddable":true,"href":"https:\/\/radiorevelacionfm.cl\/index.php?rest_route=%2Fwp%2Fv2%2Ftags&post=32071"}],"curies":[{"name":"wp","href":"https:\/\/api.w.org\/{rel}","templated":true}]}}