{"id":32068,"date":"2023-06-17T13:38:25","date_gmt":"2023-06-17T16:38:25","guid":{"rendered":"https:\/\/radiorevelacionfm.cl\/?p=32068"},"modified":"2023-06-17T13:38:25","modified_gmt":"2023-06-17T16:38:25","slug":"ante-entrada-en-vigencia-de-ley-21-378-a-nivel-regional-abordan-principales-nudos-criticos-que-pudiera-presentar-la-puesta-en-marcha-del-monitoreo-telematico","status":"publish","type":"post","link":"https:\/\/radiorevelacionfm.cl\/?p=32068","title":{"rendered":"Ante entrada en vigencia de ley 21.378 a nivel regional: Abordan principales nudos cr\u00edticos que pudiera presentar la puesta en marcha del Monitoreo Telem\u00e1tico"},"content":{"rendered":"<div class=\"flex_column av_one_full  flex_column_div av-zero-column-padding first  avia-builder-el-0  el_before_av_one_full  avia-builder-el-first  \" style='border-radius:0px; '><div  class='avia-image-container  av-styling-    avia-builder-el-1  avia-builder-el-no-sibling  avia-align-center '  itemprop=\"image\" itemscope=\"itemscope\" itemtype=\"https:\/\/schema.org\/ImageObject\"  ><div class='avia-image-container-inner'><div class='avia-image-overlay-wrap'><img decoding=\"async\" class='wp-image-32069 avia-img-lazy-loading-not-32069 avia_image' src=\"https:\/\/radiorevelacionfm.cl\/wp-content\/uploads\/2023\/06\/justicia-penal-aysen-1_optimized.jpg\" alt='' title='justicia-penal-ays\u00e9n-(1)_optimized' height=\"600\" width=\"904\"  itemprop=\"thumbnailUrl\" srcset=\"https:\/\/radiorevelacionfm.cl\/wp-content\/uploads\/2023\/06\/justicia-penal-aysen-1_optimized.jpg 904w, https:\/\/radiorevelacionfm.cl\/wp-content\/uploads\/2023\/06\/justicia-penal-aysen-1_optimized-300x199.jpg 300w, https:\/\/radiorevelacionfm.cl\/wp-content\/uploads\/2023\/06\/justicia-penal-aysen-1_optimized-768x510.jpg 768w, https:\/\/radiorevelacionfm.cl\/wp-content\/uploads\/2023\/06\/justicia-penal-aysen-1_optimized-705x468.jpg 705w, https:\/\/radiorevelacionfm.cl\/wp-content\/uploads\/2023\/06\/justicia-penal-aysen-1_optimized-450x299.jpg 450w, https:\/\/radiorevelacionfm.cl\/wp-content\/uploads\/2023\/06\/justicia-penal-aysen-1_optimized-600x398.jpg 600w\" sizes=\"(max-width: 904px) 100vw, 904px\" \/><\/div><\/div><\/div><\/div><div class=\"flex_column av_one_full  flex_column_div av-zero-column-padding first  avia-builder-el-2  el_after_av_one_full  el_before_av_one_full  column-top-margin\" style='border-radius:0px; '><section class=\"av_textblock_section \"  itemscope=\"itemscope\" itemtype=\"https:\/\/schema.org\/BlogPosting\" itemprop=\"blogPost\" ><div class='avia_textblock  '   itemprop=\"text\" ><p style=\"text-align: center;\"><strong><span style=\"font-size: 18pt;\">Ante entrada en vigencia de ley 21.378 a nivel regional: Abordan principales nudos cr\u00edticos que pudiera presentar la puesta en marcha del Monitoreo Telem\u00e1tico<\/span><\/strong><\/p>\n<div id=\"gtx-trans\" style=\"position: absolute; left: -50px; top: 4.31534px;\">\n<div class=\"gtx-trans-icon\"><\/div>\n<\/div>\n<\/div><\/section><\/div><div class=\"flex_column av_one_full  flex_column_div av-zero-column-padding first  avia-builder-el-4  el_after_av_one_full  el_before_av_hr  column-top-margin\" style='border-radius:0px; '><section class=\"av_textblock_section \"  itemscope=\"itemscope\" itemtype=\"https:\/\/schema.org\/BlogPosting\" itemprop=\"blogPost\" ><div class='avia_textblock  '   itemprop=\"text\" ><p style=\"text-align: justify;\">Con el objetivo de detectar nudos cr\u00edticos tras la entrada en vigencia de la ley 21.378 sobre monitoreo telem\u00e1tico que entr\u00f3 en funcionamiento el pasado 4 de junio en nuestra regi\u00f3n, recientemente se reunieron de manera extraordinaria todos los miembros de la Comisi\u00f3n Regional de Coordinaci\u00f3n del Sistema de Justicia Penal e invitados especiales en dependencias de la Corte de Apelaciones de Coyhaique. Dicho encuentro fue encabezado por el Seremi de Justicia y Derechos Humanos, Samuel Navarro Castro y el Presidente de la Ilustr\u00edsima Corte de Apelaciones de Coyhaique, Ministro Jos\u00e9 Ignacio Mora Trujillo.<\/p>\n<p style=\"text-align: justify;\">Cabe mencionar que la ley 21.378 que estableci\u00f3 esta medida, est\u00e1 directamente dirigida para las prohibiciones de acercamiento que se decretan en causas de violencia intrafamiliar, este control telem\u00e1tico tiene como objetivo prevenir en caso de riesgo alto de la v\u00edctima, impidiendo el acercamiento del ofensor, ya sea porque tenga una prohibici\u00f3n de acercamiento o alguna medida cautelar de menor intensidad, es decir que la persona se encuentre en libertad cumpliendo esa medida cautelar que puede ser firma, arraigo u otra, este control busca evitar ese acercamiento y eventual riesgo para la v\u00edctima, supervisando los movimientos del ofensor y haciendo efectiva la prohibici\u00f3n de acercamiento, dando cierta garant\u00eda en protecci\u00f3n a la v\u00edctima que pueda verse amenazada o de alguna forma expuesta a un riesgo mayor.<\/p>\n<p style=\"text-align: justify;\">El Seremi de Justicia y Derechos Humanos Samuel Navarro se refiri\u00f3 a este encuentro indicando que \u201cse llev\u00f3 a cabo una sesi\u00f3n extraordinaria de la Comisi\u00f3n Regional de Coordinaci\u00f3n del Sistema de Justicia Penal, y en esta oportunidad a prop\u00f3sito de la entrada en vigencia de la ley de control telem\u00e1tico para aquellas situaciones de medidas cautelares o cumplimiento de condena respecto a delitos relacionados con violencia intrafamiliar, y donde participaron el director de Gendarmer\u00eda y su equipo de trabajo, el Juez Presidente del Juzgado de Garant\u00eda Mario Devaud, la Jueza Presidenta del Tribunal de Familia de Coyhaique Andrea Maldonado, y ello permiti\u00f3 establecer estas coordinaciones necesarias para la puesta en marcha de esta ley tratando de resolver\u00a0 aquellos nudos o brechas que se puedan presentar en su implementaci\u00f3n, de esta forma vamos atendiendo aquellos requerimientos de la comunidad\u201d.<\/p>\n<p style=\"text-align: justify;\">Mientras que el Fiscal Regional de Ays\u00e9n, Carlos Palma se refiri\u00f3 al trabajo colaborativo se\u00f1alando que \u201cen este encuentro estaban todos los integrantes de la mesa, adem\u00e1s de Gendarmer\u00eda de Chile y buscaba evaluar el impacto que va a significar la implementaci\u00f3n de la ley 21.378 sobre monitoreo telem\u00e1tico en la regi\u00f3n de Ays\u00e9n, era fundamental revisar los aspectos t\u00e9cnicos de la normativa, evaluar la capacidad real tecnol\u00f3gica para hacer el seguimiento telem\u00e1tico y que los distintos actores, Tribunal de Familia, Juzgado de Garant\u00eda, Fiscal\u00eda, Defensor\u00eda Penal P\u00fablica, las Polic\u00edas y Gendarmer\u00eda dirigida por la Serem\u00eda de Justicia y Presidencia de la Corte evalu\u00e1ramos los eventuales nudos que pudiera sentar la aplicaci\u00f3n de esta ley y buscarles soluciones en el marco de lo que ha sido un trabajo mancomunado entre las distintas autoridades que trabajamos en el sistema de Justicia Penal\u201d.<\/p>\n<p style=\"text-align: justify;\">En tanto, el Director Regional de Gendarmer\u00eda de Chile Freddy Molinet indic\u00f3 que \u201cparticipamos en esta instancia junto a los distintos actores encargados de la puesta en marcha de esta iniciativa, oportunidad en la que difundimos el protocolo dispuesto de la materializaci\u00f3n de dicho cambio normativo, y analizamos tambi\u00e9n la operatividad de este sistema, los nudos cr\u00edticos y el avance del mecanismo tecnol\u00f3gico cuya operatividad va a recaer en el departamento del monitoreo telem\u00e1tico de Gendarmer\u00eda de Chile que est\u00e1 ubicado en la direcci\u00f3n nacional de nuestra instituci\u00f3n\u201d.<\/p>\n<p style=\"text-align: justify;\">Finalmente, mencionar que esta es una instancia que se va a ir repitiendo durante el a\u00f1o para ver c\u00f3mo va operando el sistema y generando as\u00ed las coordinaciones entre las distintas instituciones para resolver aquellos casos pr\u00e1cticos que las condiciones del territorio y de conectividad pudieran presentar, existiendo desde ya la mejor disposici\u00f3n de las distintas autoridades para abordar cualquier situaci\u00f3n, y que permita poner en pr\u00e1ctica esta ley de la mejor manera posible.<\/p>\n<\/div><\/section><\/div><div  style='height:50px' class='hr hr-invisible   avia-builder-el-6  el_after_av_one_full  el_before_av_social_share '><span class='hr-inner ' ><span class='hr-inner-style'><\/span><\/span><\/div><\/p>\n<div  class='av-social-sharing-box  avia-builder-el-7  el_after_av_hr  el_before_av_hr  '><div class='av-share-box'><h5 class='av-share-link-description av-no-toc '>Compartir esta noticia<\/h5><ul class='av-share-box-list noLightbox'><li class='av-share-link av-social-link-facebook' ><a target=\"_blank\" aria-label=\"Compartir en Facebook\" href='https:\/\/www.facebook.com\/sharer.php?u=https:\/\/radiorevelacionfm.cl\/?p=32068&#038;t=Ante%20entrada%20en%20vigencia%20de%20ley%2021.378%20a%20nivel%20regional%3A%20Abordan%20principales%20nudos%20cr%C3%ADticos%20que%20pudiera%20presentar%20la%20puesta%20en%20marcha%20del%20Monitoreo%20Telem%C3%A1tico' aria-hidden='false' data-av_icon='\ue8f3' data-av_iconfont='entypo-fontello' title='' data-avia-related-tooltip='Compartir en Facebook' rel=\"noopener\"><span class='avia_hidden_link_text'>Compartir en Facebook<\/span><\/a><\/li><li class='av-share-link av-social-link-twitter' ><a target=\"_blank\" aria-label=\"Compartir en Twitter\" href='https:\/\/twitter.com\/share?text=Ante%20entrada%20en%20vigencia%20de%20ley%2021.378%20a%20nivel%20regional%3A%20Abordan%20principales%20nudos%20cr%C3%ADticos%20que%20pudiera%20presentar%20la%20puesta%20en%20marcha%20del%20Monitoreo%20Telem%C3%A1tico&#038;url=https:\/\/radiorevelacionfm.cl\/?p=32068' aria-hidden='false' data-av_icon='\ue8f1' data-av_iconfont='entypo-fontello' title='' data-avia-related-tooltip='Compartir en Twitter' rel=\"noopener\"><span class='avia_hidden_link_text'>Compartir en Twitter<\/span><\/a><\/li><li class='av-share-link av-social-link-whatsapp' ><a target=\"_blank\" aria-label=\"Compartir en Whatsapp\" href='https:\/\/api.whatsapp.com\/send?text=https:\/\/radiorevelacionfm.cl\/?p=32068' aria-hidden='false' data-av_icon='\uf232' data-av_iconfont='entypo-fontello' title='' data-avia-related-tooltip='Compartir en Whatsapp' rel=\"noopener\"><span class='avia_hidden_link_text'>Compartir en Whatsapp<\/span><\/a><\/li><li class='av-share-link av-social-link-linkedin' ><a target=\"_blank\" aria-label=\"Compartir en LinkedIn\" href='https:\/\/linkedin.com\/shareArticle?mini=true&#038;title=Ante%20entrada%20en%20vigencia%20de%20ley%2021.378%20a%20nivel%20regional%3A%20Abordan%20principales%20nudos%20cr%C3%ADticos%20que%20pudiera%20presentar%20la%20puesta%20en%20marcha%20del%20Monitoreo%20Telem%C3%A1tico&#038;url=https:\/\/radiorevelacionfm.cl\/?p=32068' aria-hidden='false' data-av_icon='\ue8fc' data-av_iconfont='entypo-fontello' title='' data-avia-related-tooltip='Compartir en LinkedIn' rel=\"noopener\"><span class='avia_hidden_link_text'>Compartir en LinkedIn<\/span><\/a><\/li><li class='av-share-link av-social-link-mail' ><a  aria-label=\"Compartir por correo\" href='mailto:?subject=Ante%20entrada%20en%20vigencia%20de%20ley%2021.378%20a%20nivel%20regional%3A%20Abordan%20principales%20nudos%20cr%C3%ADticos%20que%20pudiera%20presentar%20la%20puesta%20en%20marcha%20del%20Monitoreo%20Telem%C3%A1tico&#038;body=https:\/\/radiorevelacionfm.cl\/?p=32068' aria-hidden='false' data-av_icon='\ue805' data-av_iconfont='entypo-fontello' title='' data-avia-related-tooltip='Compartir por correo'><span class='avia_hidden_link_text'>Compartir por correo<\/span><\/a><\/li><\/ul><\/div><\/div>\n<div  style='height:50px' class='hr hr-invisible   avia-builder-el-8  el_after_av_social_share  el_before_av_comments_list '><span class='hr-inner ' ><span class='hr-inner-style'><\/span><\/span><\/div>\n<div  class='av-buildercomment  av-blog-meta-html-info-disabled av-blog-meta-tag-disabled  '><\/div>\n","protected":false},"excerpt":{"rendered":"","protected":false},"author":1,"featured_media":32069,"comment_status":"open","ping_status":"open","sticky":false,"template":"","format":"standard","meta":{"footnotes":""},"categories":[55],"tags":[],"class_list":["post-32068","post","type-post","status-publish","format-standard","has-post-thumbnail","hentry","category-justicia"],"jetpack_featured_media_url":"https:\/\/radiorevelacionfm.cl\/wp-content\/uploads\/2023\/06\/justicia-penal-aysen-1_optimized.jpg","_links":{"self":[{"href":"https:\/\/radiorevelacionfm.cl\/index.php?rest_route=\/wp\/v2\/posts\/32068","targetHints":{"allow":["GET"]}}],"collection":[{"href":"https:\/\/radiorevelacionfm.cl\/index.php?rest_route=\/wp\/v2\/posts"}],"about":[{"href":"https:\/\/radiorevelacionfm.cl\/index.php?rest_route=\/wp\/v2\/types\/post"}],"author":[{"embeddable":true,"href":"https:\/\/radiorevelacionfm.cl\/index.php?rest_route=\/wp\/v2\/users\/1"}],"replies":[{"embeddable":true,"href":"https:\/\/radiorevelacionfm.cl\/index.php?rest_route=%2Fwp%2Fv2%2Fcomments&post=32068"}],"version-history":[{"count":1,"href":"https:\/\/radiorevelacionfm.cl\/index.php?rest_route=\/wp\/v2\/posts\/32068\/revisions"}],"predecessor-version":[{"id":32070,"href":"https:\/\/radiorevelacionfm.cl\/index.php?rest_route=\/wp\/v2\/posts\/32068\/revisions\/32070"}],"wp:featuredmedia":[{"embeddable":true,"href":"https:\/\/radiorevelacionfm.cl\/index.php?rest_route=\/wp\/v2\/media\/32069"}],"wp:attachment":[{"href":"https:\/\/radiorevelacionfm.cl\/index.php?rest_route=%2Fwp%2Fv2%2Fmedia&parent=32068"}],"wp:term":[{"taxonomy":"category","embeddable":true,"href":"https:\/\/radiorevelacionfm.cl\/index.php?rest_route=%2Fwp%2Fv2%2Fcategories&post=32068"},{"taxonomy":"post_tag","embeddable":true,"href":"https:\/\/radiorevelacionfm.cl\/index.php?rest_route=%2Fwp%2Fv2%2Ftags&post=32068"}],"curies":[{"name":"wp","href":"https:\/\/api.w.org\/{rel}","templated":true}]}}