{"id":3204,"date":"2021-04-16T18:16:49","date_gmt":"2021-04-16T21:16:49","guid":{"rendered":"https:\/\/radiorevelacionfm.cl\/?p=3204"},"modified":"2021-04-16T18:16:49","modified_gmt":"2021-04-16T21:16:49","slug":"fundacion-daya-y-municipio-de-chile-chico-firman-convenio-para-avanzar-en-el-uso-de-cannabis-con-fines-medicinales","status":"publish","type":"post","link":"https:\/\/radiorevelacionfm.cl\/?p=3204","title":{"rendered":"Fundaci\u00f3n Daya y municipio de Chile Chico firman convenio para avanzar en el uso de cannabis con fines medicinales"},"content":{"rendered":"<div class=\"flex_column av_one_full  flex_column_div av-zero-column-padding first  avia-builder-el-0  el_before_av_one_full  avia-builder-el-first  \" style='border-radius:0px; '><div  class='avia-image-container  av-styling-    avia-builder-el-1  avia-builder-el-no-sibling  avia-align-center '  itemprop=\"image\" itemscope=\"itemscope\" itemtype=\"https:\/\/schema.org\/ImageObject\"  ><div class='avia-image-container-inner'><div class='avia-image-overlay-wrap'><img decoding=\"async\" class='wp-image-0 avia-img-lazy-loading-not-0 avia_image' src=\"https:\/\/radiorevelacionfm.cl\/wp-content\/uploads\/2021\/04\/convenio-fundacion-daya-2_optimized.jpg\" alt='' title=''   itemprop=\"thumbnailUrl\"  \/><\/div><\/div><\/div><\/div><div class=\"flex_column av_one_full  flex_column_div av-zero-column-padding first  avia-builder-el-2  el_after_av_one_full  el_before_av_one_full  column-top-margin\" style='border-radius:0px; '><section class=\"av_textblock_section \"  itemscope=\"itemscope\" itemtype=\"https:\/\/schema.org\/BlogPosting\" itemprop=\"blogPost\" ><div class='avia_textblock  '   itemprop=\"text\" ><p style=\"text-align: center;\"><span style=\"font-size: 18pt;\"><strong>Fundaci\u00f3n Daya y municipio de Chile Chico firman convenio para avanzar en el uso de cannabis con fines medicinales<\/strong><\/span><\/p>\n<div id=\"gtx-trans\" style=\"position: absolute; left: -50px; top: 4.31534px;\">\n<div class=\"gtx-trans-icon\"><\/div>\n<\/div>\n<\/div><\/section><\/div><div class=\"flex_column av_one_full  flex_column_div av-zero-column-padding first  avia-builder-el-4  el_after_av_one_full  el_before_av_hr  column-top-margin\" style='border-radius:0px; '><section class=\"av_textblock_section \"  itemscope=\"itemscope\" itemtype=\"https:\/\/schema.org\/BlogPosting\" itemprop=\"blogPost\" ><div class='avia_textblock  '   itemprop=\"text\" ><p style=\"text-align: justify;\">Un trabajo que se ha desarrollo por varios meses este mi\u00e9rcoles tuvo un gran hito, nos referimos a la posibilidad de que habitantes de la comuna, que realmente lo necesiten, sean beneficiarios en el uso de la Cannabis Medicinal. Es as\u00ed es que, en representaci\u00f3n de la Municipalidad de Chile Chico, el Alcalde Ricardo Ibarra, firm\u00f3 un convenio de colaboraci\u00f3n con la Fundaci\u00f3n Daya.<\/p>\n<p style=\"text-align: justify;\">El acto administrativo se desarroll\u00f3 utilizando las plataformas virtuales debido a la pandemia. Pero esto no impidi\u00f3 seguir avanzando en las gestiones que previamente realiz\u00f3 la encargada de la oficina municipal del Adulto Mayor, Carolina Remolcoy, quien junto al Edil, sostuvieron en su momento una reuni\u00f3n en Santiago y desde ah\u00ed comenz\u00f3 el trabajo que hoy arroja sus primeros frutos.<\/p>\n<p style=\"text-align: justify;\">\u201cNos ha costado un poco y finalmente hoy d\u00eda se concret\u00f3 a trav\u00e9s de la tecnolog\u00eda, pero sobre todo a trav\u00e9s de la transmisi\u00f3n de buenas energ\u00edas por parte de la Fundaci\u00f3n, representada por Ana Mar\u00eda Gazmuri. Esta es una cuota inmensa de optimismo para las personas que sufren, para las personas que tienen dolor y este convenio es tambi\u00e9n romper los mitos, los perjuicios que algunos tienen a nivel de pa\u00eds. Esperamos que pronto esto se haga palpable dentro de quienes necesitan y realmente lo que crea la Fundaci\u00f3n es la esperanza en el uso de la Cannabis Medicinal, con el fin de aliviar los dolores de aquellas personas que m\u00e1s sufren. As\u00ed es que, contentos y agradecidos de todo el equipo de trabajo y de la Fundaci\u00f3n Daya, desde donde han tenido toda la voluntad de ayudarnos\u201d, se\u00f1al\u00f3 el Alcalde Ricardo Ibarra.<\/p>\n<p style=\"text-align: justify;\">La autoridad comunal destac\u00f3 adem\u00e1s, que gracias al buen nexo con Fundaci\u00f3n Daya y sus representantes, previo al convenio se pudieron realizaron atenciones a algunos pacientes de Chile Chico, usando la tecnolog\u00eda, a trav\u00e9s de la telemedicina.<\/p>\n<p style=\"text-align: justify;\">Por su parte, la Directora Ejecutiva de Fundaci\u00f3n Daya, Ana Mar\u00eda Gazmuri, junto con validar este importante paso en conjunto a la Municipalidad de Chile Chico, enfatiz\u00f3 en las dificultades que ha tenido el trabajo en base a la Cannabis Medicinal, pero que al ser un tema de reconocimiento internacional ha logrado avanzar y se ha fortalecido tambi\u00e9n a trav\u00e9s instancias como estas. \u201cEl camino no ha sido f\u00e1cil, la resistencia ha sido mucha, pero finalmente la realidad y verdad es que se vaya imponiendo, porque no se puede tapar el sol con un dedo. Por mucha resistencia que en algunos sectores haya existido hacia el avance del Cannabis Medicinal, hoy es una realidad mundial que avanza a pasos agigantados. Entonces, creo que estamos en una \u00e9poca de cambio de paradigma y este convenio tiene que ver con eso tambi\u00e9n\u201d.<\/p>\n<p style=\"text-align: justify;\">El convenio de colaboraci\u00f3n entre la Fundaci\u00f3n Daya y la Municipalidad de Chile Chico, considera en una primera etapa la capacitaci\u00f3n al personal m\u00e9dico de la zona, a funcionarios municipales y talleres con la comunidad. Esto con el fin de conocer los aspectos medicinales del cannabis, la normativa legal y manejar un lenguaje claro y educativo, con el fin de que se entienda el objetivo del acuerdo.<\/p>\n<\/div><\/section><\/div><div  style='height:50px' class='hr hr-invisible   avia-builder-el-6  el_after_av_one_full  el_before_av_social_share '><span class='hr-inner ' ><span class='hr-inner-style'><\/span><\/span><\/div><\/p>\n<div  class='av-social-sharing-box  avia-builder-el-7  el_after_av_hr  el_before_av_hr  '><div class='av-share-box'><h5 class='av-share-link-description av-no-toc '>Compartir esta noticia<\/h5><ul class='av-share-box-list noLightbox'><li class='av-share-link av-social-link-facebook' ><a target=\"_blank\" aria-label=\"Compartir en Facebook\" href='https:\/\/www.facebook.com\/sharer.php?u=https:\/\/radiorevelacionfm.cl\/?p=3204&#038;t=Fundaci%C3%B3n%20Daya%20y%20municipio%20de%20Chile%20Chico%20firman%20convenio%20para%20avanzar%20en%20el%20uso%20de%20cannabis%20con%20fines%20medicinales' aria-hidden='false' data-av_icon='\ue8f3' data-av_iconfont='entypo-fontello' title='' data-avia-related-tooltip='Compartir en Facebook' rel=\"noopener\"><span class='avia_hidden_link_text'>Compartir en Facebook<\/span><\/a><\/li><li class='av-share-link av-social-link-twitter' ><a target=\"_blank\" aria-label=\"Compartir en Twitter\" href='https:\/\/twitter.com\/share?text=Fundaci%C3%B3n%20Daya%20y%20municipio%20de%20Chile%20Chico%20firman%20convenio%20para%20avanzar%20en%20el%20uso%20de%20cannabis%20con%20fines%20medicinales&#038;url=https:\/\/radiorevelacionfm.cl\/?p=3204' aria-hidden='false' data-av_icon='\ue8f1' data-av_iconfont='entypo-fontello' title='' data-avia-related-tooltip='Compartir en Twitter' rel=\"noopener\"><span class='avia_hidden_link_text'>Compartir en Twitter<\/span><\/a><\/li><li class='av-share-link av-social-link-whatsapp' ><a target=\"_blank\" aria-label=\"Compartir en Whatsapp\" href='https:\/\/api.whatsapp.com\/send?text=https:\/\/radiorevelacionfm.cl\/?p=3204' aria-hidden='false' data-av_icon='\uf232' data-av_iconfont='entypo-fontello' title='' data-avia-related-tooltip='Compartir en Whatsapp' rel=\"noopener\"><span class='avia_hidden_link_text'>Compartir en Whatsapp<\/span><\/a><\/li><li class='av-share-link av-social-link-linkedin' ><a target=\"_blank\" aria-label=\"Compartir en LinkedIn\" href='https:\/\/linkedin.com\/shareArticle?mini=true&#038;title=Fundaci%C3%B3n%20Daya%20y%20municipio%20de%20Chile%20Chico%20firman%20convenio%20para%20avanzar%20en%20el%20uso%20de%20cannabis%20con%20fines%20medicinales&#038;url=https:\/\/radiorevelacionfm.cl\/?p=3204' aria-hidden='false' data-av_icon='\ue8fc' data-av_iconfont='entypo-fontello' title='' data-avia-related-tooltip='Compartir en LinkedIn' rel=\"noopener\"><span class='avia_hidden_link_text'>Compartir en LinkedIn<\/span><\/a><\/li><li class='av-share-link av-social-link-mail' ><a  aria-label=\"Compartir por correo\" href='mailto:?subject=Fundaci%C3%B3n%20Daya%20y%20municipio%20de%20Chile%20Chico%20firman%20convenio%20para%20avanzar%20en%20el%20uso%20de%20cannabis%20con%20fines%20medicinales&#038;body=https:\/\/radiorevelacionfm.cl\/?p=3204' aria-hidden='false' data-av_icon='\ue805' data-av_iconfont='entypo-fontello' title='' data-avia-related-tooltip='Compartir por correo'><span class='avia_hidden_link_text'>Compartir por correo<\/span><\/a><\/li><\/ul><\/div><\/div>\n<div  style='height:50px' class='hr hr-invisible   avia-builder-el-8  el_after_av_social_share  el_before_av_comments_list '><span class='hr-inner ' ><span class='hr-inner-style'><\/span><\/span><\/div>\n<div  class='av-buildercomment  av-blog-meta-html-info-disabled av-blog-meta-tag-disabled  '><\/div>\n","protected":false},"excerpt":{"rendered":"","protected":false},"author":1,"featured_media":0,"comment_status":"open","ping_status":"open","sticky":false,"template":"","format":"standard","meta":{"footnotes":""},"categories":[38],"tags":[],"class_list":["post-3204","post","type-post","status-publish","format-standard","hentry","category-regional"],"jetpack_featured_media_url":"","_links":{"self":[{"href":"https:\/\/radiorevelacionfm.cl\/index.php?rest_route=\/wp\/v2\/posts\/3204","targetHints":{"allow":["GET"]}}],"collection":[{"href":"https:\/\/radiorevelacionfm.cl\/index.php?rest_route=\/wp\/v2\/posts"}],"about":[{"href":"https:\/\/radiorevelacionfm.cl\/index.php?rest_route=\/wp\/v2\/types\/post"}],"author":[{"embeddable":true,"href":"https:\/\/radiorevelacionfm.cl\/index.php?rest_route=\/wp\/v2\/users\/1"}],"replies":[{"embeddable":true,"href":"https:\/\/radiorevelacionfm.cl\/index.php?rest_route=%2Fwp%2Fv2%2Fcomments&post=3204"}],"version-history":[{"count":1,"href":"https:\/\/radiorevelacionfm.cl\/index.php?rest_route=\/wp\/v2\/posts\/3204\/revisions"}],"predecessor-version":[{"id":3206,"href":"https:\/\/radiorevelacionfm.cl\/index.php?rest_route=\/wp\/v2\/posts\/3204\/revisions\/3206"}],"wp:attachment":[{"href":"https:\/\/radiorevelacionfm.cl\/index.php?rest_route=%2Fwp%2Fv2%2Fmedia&parent=3204"}],"wp:term":[{"taxonomy":"category","embeddable":true,"href":"https:\/\/radiorevelacionfm.cl\/index.php?rest_route=%2Fwp%2Fv2%2Fcategories&post=3204"},{"taxonomy":"post_tag","embeddable":true,"href":"https:\/\/radiorevelacionfm.cl\/index.php?rest_route=%2Fwp%2Fv2%2Ftags&post=3204"}],"curies":[{"name":"wp","href":"https:\/\/api.w.org\/{rel}","templated":true}]}}