{"id":32032,"date":"2023-06-14T14:22:19","date_gmt":"2023-06-14T17:22:19","guid":{"rendered":"https:\/\/radiorevelacionfm.cl\/?p=32032"},"modified":"2023-06-14T14:22:19","modified_gmt":"2023-06-14T17:22:19","slug":"personal-de-conaf-aysen-apoyara-contencion-de-incendios-forestales-en-canada","status":"publish","type":"post","link":"https:\/\/radiorevelacionfm.cl\/?p=32032","title":{"rendered":"Personal de Conaf Ays\u00e9n apoyar\u00e1 contenci\u00f3n de incendios forestales en Canad\u00e1"},"content":{"rendered":"<div class=\"flex_column av_one_full  flex_column_div av-zero-column-padding first  avia-builder-el-0  el_before_av_one_full  avia-builder-el-first  \" style='border-radius:0px; '><div  class='avia-image-container  av-styling-    avia-builder-el-1  avia-builder-el-no-sibling  avia-align-center '  itemprop=\"image\" itemscope=\"itemscope\" itemtype=\"https:\/\/schema.org\/ImageObject\"  ><div class='avia-image-container-inner'><div class='avia-image-overlay-wrap'><img decoding=\"async\" class='wp-image-32033 avia-img-lazy-loading-not-32033 avia_image' src=\"https:\/\/radiorevelacionfm.cl\/wp-content\/uploads\/2023\/06\/Conaf-incendios.jpeg\" alt='' title='Conaf incendios' height=\"600\" width=\"900\"  itemprop=\"thumbnailUrl\" srcset=\"https:\/\/radiorevelacionfm.cl\/wp-content\/uploads\/2023\/06\/Conaf-incendios.jpeg 900w, https:\/\/radiorevelacionfm.cl\/wp-content\/uploads\/2023\/06\/Conaf-incendios-300x200.jpeg 300w, https:\/\/radiorevelacionfm.cl\/wp-content\/uploads\/2023\/06\/Conaf-incendios-768x512.jpeg 768w, https:\/\/radiorevelacionfm.cl\/wp-content\/uploads\/2023\/06\/Conaf-incendios-705x470.jpeg 705w, https:\/\/radiorevelacionfm.cl\/wp-content\/uploads\/2023\/06\/Conaf-incendios-450x300.jpeg 450w, https:\/\/radiorevelacionfm.cl\/wp-content\/uploads\/2023\/06\/Conaf-incendios-600x400.jpeg 600w\" sizes=\"(max-width: 900px) 100vw, 900px\" \/><\/div><\/div><\/div><\/div><div class=\"flex_column av_one_full  flex_column_div av-zero-column-padding first  avia-builder-el-2  el_after_av_one_full  el_before_av_one_full  column-top-margin\" style='border-radius:0px; '><section class=\"av_textblock_section \"  itemscope=\"itemscope\" itemtype=\"https:\/\/schema.org\/BlogPosting\" itemprop=\"blogPost\" ><div class='avia_textblock  '   itemprop=\"text\" ><p style=\"text-align: center;\"><strong><span style=\"font-size: 18pt;\">Personal de Conaf Ays\u00e9n apoyar\u00e1 contenci\u00f3n de incendios forestales en Canad\u00e1 <\/span><\/strong><\/p>\n<div id=\"gtx-trans\" style=\"position: absolute; left: -50px; top: 4.31534px;\">\n<div class=\"gtx-trans-icon\"><\/div>\n<\/div>\n<\/div><\/section><\/div><div class=\"flex_column av_one_full  flex_column_div av-zero-column-padding first  avia-builder-el-4  el_after_av_one_full  el_before_av_hr  column-top-margin\" style='border-radius:0px; '><section class=\"av_textblock_section \"  itemscope=\"itemscope\" itemtype=\"https:\/\/schema.org\/BlogPosting\" itemprop=\"blogPost\" ><div class='avia_textblock  '   itemprop=\"text\" ><p style=\"text-align: justify;\">Un equipo de profesionales de CONAF Regi\u00f3n de Ays\u00e9n, del Ministerio de Agricultura, apoyar\u00e1 las labores de contenci\u00f3n de los devastadores incendios forestales que se registran en Canad\u00e1, con el objetivo de brindar apoyo internacional especializado para el control de esta emergencia.<\/p>\n<p class=\"v1MsoNormal v1ContentPasted0\" style=\"text-align: justify;\">Se trata de cuatro profesionales quienes se integran a un contingente de 62 personas, destinado a unirse a los esfuerzos internacionales para combatir esta emergencia.<\/p>\n<p class=\"v1MsoNormal v1ContentPasted0\" style=\"text-align: justify;\">El Seremi de Agricultura de Ays\u00e9n, Alan Espinoza Ortiz, y la Directora de CONAF, Loreto Pedrasa Manieu, destacaron la capacidad y experiencia de CONAF en el combate de incendios forestales, reafirmando el compromiso de Chile de brindar apoyo mutuo en momentos de crisis.<\/p>\n<p class=\"v1MsoNormal v1ContentPasted0\" style=\"text-align: justify;\">\u00abEn respuesta a la devastadora situaci\u00f3n de los incendios forestales en Canad\u00e1, CONAF Ays\u00e9n ha desplegado un equipo de profesionales altamente capacitados desde la regi\u00f3n de Ays\u00e9n para brindar apoyo en las labores de contenci\u00f3n. Esta muestra de solidaridad y cooperaci\u00f3n internacional demuestra el compromiso de Chile en la protecci\u00f3n de los bosques y la respuesta ante emergencias forestales\u00bb, se\u00f1al\u00f3<\/p>\n<p class=\"v1MsoNormal v1ContentPasted0\" style=\"text-align: justify;\">Las acciones de colaboraci\u00f3n entre CONAF y el Canadian Interagency Forest Fire Centre (CIFFC) se iniciaron en noviembre de 2022, cuando se establecieron conversaciones para establecer un Acuerdo de Entendimiento. En febrero de 2023, CONAF recibi\u00f3 un valioso equipamiento por parte de CIFFC, que incluy\u00f3 veh\u00edculos todo terreno y mangueras, como resultado de las emergencias de incendios forestales ocurridas en Chile.<\/p>\n<p class=\"v1MsoNormal v1ContentPasted0\" style=\"text-align: justify;\">\u00abLa magnitud y la intensidad de los incendios en todo el mundo est\u00e1 siendo cada d\u00eda mayor, y esto significa que las naciones deben unirse tanto en el combate de aquellos incendios como en la crisis del cambio clim\u00e1tico. Esto significa que la cooperaci\u00f3n y la empat\u00eda entre las naciones es necesaria, por tanto, que los equipos expertos de cada una de las naciones se unan para hacer frente a estas situaciones cr\u00edticas\u00bb, sostuvo la Directora de CONAF<\/p>\n<p class=\"v1MsoNormal v1ContentPasted0\" style=\"text-align: justify;\">Tras una evaluaci\u00f3n exhaustiva, CONAF respondi\u00f3 positivamente al pedido de apoyo, designando a cuatro profesionales de la regi\u00f3n de Ays\u00e9n para unirse a las brigadas tipo 1 que se formar\u00edan en Canad\u00e1. Los profesionales seleccionados para participar en esta importante misi\u00f3n son Juan Eduardo Barrientos, Esteban Delgado Barr\u00eda, Eduardo Alarc\u00f3n C\u00e1rcamo y Ricardo Ulloa Catal\u00e1n<\/p>\n<p class=\"v1MsoNormal v1ContentPasted0\" style=\"text-align: justify;\">Eduardo Alarc\u00f3n C\u00e1rcamo, Jefe de Brigada de Ma\u00f1ihuales, resalt\u00f3 la importancia de poder apoyar las labores de contenci\u00f3n de los incendios.<\/p>\n<p class=\"v1MsoNormal v1ContentPasted0\" style=\"text-align: justify;\">\u00abTranquilo de pertenecer a esta delegaci\u00f3n para apoyar el combate de los incendios forestales en Canad\u00e1, en lo profesional. En lo laboral contento de compartir y adquirir conocimientos, de brigadistas de otros pa\u00edses que realizan la misma labor en el mismo trabajo que uno y dejar bien puesto el nombre Ays\u00e9n\u00bb, se\u00f1al\u00f3<\/p>\n<p class=\"v1MsoNormal v1ContentPasted0\" style=\"text-align: justify;\">El apoyo internacional de CONAF a CIFFC se realizar\u00e1 en dos turnos de trabajo de 14 d\u00edas cada uno, con 2 d\u00edas de descanso entre ellos, lo que totaliza 32 d\u00edas considerando los d\u00edas de traslado. Durante todo ese per\u00edodo, CIFFC se encargar\u00e1 de proporcionar la alimentaci\u00f3n, alojamiento y traslado del equipo, incluyendo los d\u00edas de descanso y traslado. Se espera que el equipo llegue a la provincia de Alberta, una de las zonas m\u00e1s afectadas por los incendios.<\/p>\n<p class=\"v1MsoNormal v1ContentPasted0\" style=\"text-align: justify;\">Se\u00f1alar que la situaci\u00f3n en Canad\u00e1 es alarmante, ya que actualmente hay 441 incendios forestales activos, los cuales han generado una densa capa de humo que afecta a millones de personas en Norteam\u00e9rica. Esta cifra de incendios es significativamente superior a la media habitual y refleja los peores efectos del cambio clim\u00e1tico en la regi\u00f3n.<\/p>\n<p class=\"v1MsoNormal v1ContentPasted0\" style=\"text-align: justify;\">Desde el mes de enero, se estima que los incendios han consumido aproximadamente 3,8 millones de hect\u00e1reas de bosque y vegetaci\u00f3n en Canad\u00e1. Esta cifra contrasta de manera preocupante con el promedio de 250.000 hect\u00e1reas quemadas en la \u00faltima d\u00e9cada, evidenciando el impacto creciente y devastador de los incendios forestales en el pa\u00eds debido a las condiciones clim\u00e1ticas extremas.<\/p>\n<\/div><\/section><\/div><div  style='height:50px' class='hr hr-invisible   avia-builder-el-6  el_after_av_one_full  el_before_av_social_share '><span class='hr-inner ' ><span class='hr-inner-style'><\/span><\/span><\/div><\/p>\n<div  class='av-social-sharing-box  avia-builder-el-7  el_after_av_hr  el_before_av_hr  '><div class='av-share-box'><h5 class='av-share-link-description av-no-toc '>Compartir esta noticia<\/h5><ul class='av-share-box-list noLightbox'><li class='av-share-link av-social-link-facebook' ><a target=\"_blank\" aria-label=\"Compartir en Facebook\" href='https:\/\/www.facebook.com\/sharer.php?u=https:\/\/radiorevelacionfm.cl\/?p=32032&#038;t=Personal%20de%20Conaf%20Ays%C3%A9n%20apoyar%C3%A1%20contenci%C3%B3n%20de%20incendios%20forestales%20en%20Canad%C3%A1' aria-hidden='false' data-av_icon='\ue8f3' data-av_iconfont='entypo-fontello' title='' data-avia-related-tooltip='Compartir en Facebook' rel=\"noopener\"><span class='avia_hidden_link_text'>Compartir en Facebook<\/span><\/a><\/li><li class='av-share-link av-social-link-twitter' ><a target=\"_blank\" aria-label=\"Compartir en Twitter\" href='https:\/\/twitter.com\/share?text=Personal%20de%20Conaf%20Ays%C3%A9n%20apoyar%C3%A1%20contenci%C3%B3n%20de%20incendios%20forestales%20en%20Canad%C3%A1&#038;url=https:\/\/radiorevelacionfm.cl\/?p=32032' aria-hidden='false' data-av_icon='\ue8f1' data-av_iconfont='entypo-fontello' title='' data-avia-related-tooltip='Compartir en Twitter' rel=\"noopener\"><span class='avia_hidden_link_text'>Compartir en Twitter<\/span><\/a><\/li><li class='av-share-link av-social-link-whatsapp' ><a target=\"_blank\" aria-label=\"Compartir en Whatsapp\" href='https:\/\/api.whatsapp.com\/send?text=https:\/\/radiorevelacionfm.cl\/?p=32032' aria-hidden='false' data-av_icon='\uf232' data-av_iconfont='entypo-fontello' title='' data-avia-related-tooltip='Compartir en Whatsapp' rel=\"noopener\"><span class='avia_hidden_link_text'>Compartir en Whatsapp<\/span><\/a><\/li><li class='av-share-link av-social-link-linkedin' ><a target=\"_blank\" aria-label=\"Compartir en LinkedIn\" href='https:\/\/linkedin.com\/shareArticle?mini=true&#038;title=Personal%20de%20Conaf%20Ays%C3%A9n%20apoyar%C3%A1%20contenci%C3%B3n%20de%20incendios%20forestales%20en%20Canad%C3%A1&#038;url=https:\/\/radiorevelacionfm.cl\/?p=32032' aria-hidden='false' data-av_icon='\ue8fc' data-av_iconfont='entypo-fontello' title='' data-avia-related-tooltip='Compartir en LinkedIn' rel=\"noopener\"><span class='avia_hidden_link_text'>Compartir en LinkedIn<\/span><\/a><\/li><li class='av-share-link av-social-link-mail' ><a  aria-label=\"Compartir por correo\" href='mailto:?subject=Personal%20de%20Conaf%20Ays%C3%A9n%20apoyar%C3%A1%20contenci%C3%B3n%20de%20incendios%20forestales%20en%20Canad%C3%A1&#038;body=https:\/\/radiorevelacionfm.cl\/?p=32032' aria-hidden='false' data-av_icon='\ue805' data-av_iconfont='entypo-fontello' title='' data-avia-related-tooltip='Compartir por correo'><span class='avia_hidden_link_text'>Compartir por correo<\/span><\/a><\/li><\/ul><\/div><\/div>\n<div  style='height:50px' class='hr hr-invisible   avia-builder-el-8  el_after_av_social_share  el_before_av_comments_list '><span class='hr-inner ' ><span class='hr-inner-style'><\/span><\/span><\/div>\n<div  class='av-buildercomment  av-blog-meta-html-info-disabled av-blog-meta-tag-disabled  '><\/div>\n","protected":false},"excerpt":{"rendered":"","protected":false},"author":1,"featured_media":32033,"comment_status":"open","ping_status":"open","sticky":false,"template":"","format":"standard","meta":{"footnotes":""},"categories":[38],"tags":[],"class_list":["post-32032","post","type-post","status-publish","format-standard","has-post-thumbnail","hentry","category-regional"],"jetpack_featured_media_url":"https:\/\/radiorevelacionfm.cl\/wp-content\/uploads\/2023\/06\/Conaf-incendios.jpeg","_links":{"self":[{"href":"https:\/\/radiorevelacionfm.cl\/index.php?rest_route=\/wp\/v2\/posts\/32032","targetHints":{"allow":["GET"]}}],"collection":[{"href":"https:\/\/radiorevelacionfm.cl\/index.php?rest_route=\/wp\/v2\/posts"}],"about":[{"href":"https:\/\/radiorevelacionfm.cl\/index.php?rest_route=\/wp\/v2\/types\/post"}],"author":[{"embeddable":true,"href":"https:\/\/radiorevelacionfm.cl\/index.php?rest_route=\/wp\/v2\/users\/1"}],"replies":[{"embeddable":true,"href":"https:\/\/radiorevelacionfm.cl\/index.php?rest_route=%2Fwp%2Fv2%2Fcomments&post=32032"}],"version-history":[{"count":1,"href":"https:\/\/radiorevelacionfm.cl\/index.php?rest_route=\/wp\/v2\/posts\/32032\/revisions"}],"predecessor-version":[{"id":32034,"href":"https:\/\/radiorevelacionfm.cl\/index.php?rest_route=\/wp\/v2\/posts\/32032\/revisions\/32034"}],"wp:featuredmedia":[{"embeddable":true,"href":"https:\/\/radiorevelacionfm.cl\/index.php?rest_route=\/wp\/v2\/media\/32033"}],"wp:attachment":[{"href":"https:\/\/radiorevelacionfm.cl\/index.php?rest_route=%2Fwp%2Fv2%2Fmedia&parent=32032"}],"wp:term":[{"taxonomy":"category","embeddable":true,"href":"https:\/\/radiorevelacionfm.cl\/index.php?rest_route=%2Fwp%2Fv2%2Fcategories&post=32032"},{"taxonomy":"post_tag","embeddable":true,"href":"https:\/\/radiorevelacionfm.cl\/index.php?rest_route=%2Fwp%2Fv2%2Ftags&post=32032"}],"curies":[{"name":"wp","href":"https:\/\/api.w.org\/{rel}","templated":true}]}}