{"id":32028,"date":"2023-06-15T16:55:33","date_gmt":"2023-06-15T19:55:33","guid":{"rendered":"https:\/\/radiorevelacionfm.cl\/?p=32028"},"modified":"2023-06-15T16:55:33","modified_gmt":"2023-06-15T19:55:33","slug":"gobierno-anuncia-uso-obligatorio-de-mascarillas-en-ninos-as-mayores-de-cinco-anos-para-reducir-la-circulacion-viral","status":"publish","type":"post","link":"https:\/\/radiorevelacionfm.cl\/?p=32028","title":{"rendered":"Gobierno anuncia uso obligatorio de mascarillas en ni\u00f1os\/as mayores de cinco a\u00f1os para reducir la circulaci\u00f3n viral"},"content":{"rendered":"<div class=\"flex_column av_one_full  flex_column_div av-zero-column-padding first  avia-builder-el-0  el_before_av_one_full  avia-builder-el-first  \" style='border-radius:0px; '><div  class='avia-image-container  av-styling-    avia-builder-el-1  avia-builder-el-no-sibling  avia-align-center '  itemprop=\"image\" itemscope=\"itemscope\" itemtype=\"https:\/\/schema.org\/ImageObject\"  ><div class='avia-image-container-inner'><div class='avia-image-overlay-wrap'><img decoding=\"async\" class='wp-image-32030 avia-img-lazy-loading-not-32030 avia_image' src=\"https:\/\/radiorevelacionfm.cl\/wp-content\/uploads\/2023\/06\/Seremi-Uso-de-mascarilla-1-1.jpg\" alt='' title='Seremi-Uso-de-mascarilla (1) (1)' height=\"600\" width=\"800\"  itemprop=\"thumbnailUrl\" srcset=\"https:\/\/radiorevelacionfm.cl\/wp-content\/uploads\/2023\/06\/Seremi-Uso-de-mascarilla-1-1.jpg 800w, https:\/\/radiorevelacionfm.cl\/wp-content\/uploads\/2023\/06\/Seremi-Uso-de-mascarilla-1-1-300x225.jpg 300w, https:\/\/radiorevelacionfm.cl\/wp-content\/uploads\/2023\/06\/Seremi-Uso-de-mascarilla-1-1-768x576.jpg 768w, https:\/\/radiorevelacionfm.cl\/wp-content\/uploads\/2023\/06\/Seremi-Uso-de-mascarilla-1-1-705x529.jpg 705w, https:\/\/radiorevelacionfm.cl\/wp-content\/uploads\/2023\/06\/Seremi-Uso-de-mascarilla-1-1-450x338.jpg 450w, https:\/\/radiorevelacionfm.cl\/wp-content\/uploads\/2023\/06\/Seremi-Uso-de-mascarilla-1-1-600x450.jpg 600w\" sizes=\"(max-width: 800px) 100vw, 800px\" \/><\/div><\/div><\/div><\/div><div class=\"flex_column av_one_full  flex_column_div av-zero-column-padding first  avia-builder-el-2  el_after_av_one_full  el_before_av_one_full  column-top-margin\" style='border-radius:0px; '><section class=\"av_textblock_section \"  itemscope=\"itemscope\" itemtype=\"https:\/\/schema.org\/BlogPosting\" itemprop=\"blogPost\" ><div class='avia_textblock  '   itemprop=\"text\" ><p style=\"text-align: center;\"><strong><span style=\"font-size: 18pt;\">Gobierno anuncia uso obligatorio de mascarillas en ni\u00f1os\/as mayores de cinco a\u00f1os para reducir la circulaci\u00f3n viral<\/span><\/strong><\/p>\n<div id=\"gtx-trans\" style=\"position: absolute; left: -50px; top: 4.31534px;\">\n<div class=\"gtx-trans-icon\"><\/div>\n<\/div>\n<\/div><\/section><\/div><div class=\"flex_column av_one_full  flex_column_div av-zero-column-padding first  avia-builder-el-4  el_after_av_one_full  el_before_av_hr  column-top-margin\" style='border-radius:0px; '><section class=\"av_textblock_section \"  itemscope=\"itemscope\" itemtype=\"https:\/\/schema.org\/BlogPosting\" itemprop=\"blogPost\" ><div class='avia_textblock  '   itemprop=\"text\" ><p class=\"v1MsoNormal\" style=\"text-align: justify;\"><span lang=\"es-419\">La ministra de Salud, Ximena Aguilera, y el ministro de Educaci\u00f3n, Marco Antonio \u00c1vila, anunciaron que se har\u00e1 obligatorio el uso de la mascarilla en ni\u00f1os y ni\u00f1as mayores de cinco a\u00f1os en adelante, hasta IV medio, en todo el sistema escolar, con el objetivo de reducir la circulaci\u00f3n viral, que este invierno ha sido mayor que en a\u00f1os anteriores.<\/span><\/p>\n<p class=\"v1MsoNormal\" style=\"text-align: justify;\"><span lang=\"es-419\">La medida surge luego de que en las \u00faltimas horas los expertos consultados por Salud la recomendaran, por lo que el Ministerio de Educaci\u00f3n enviar\u00e1 un oficio a los establecimientos educacionales exigiendo su uso obligatorio.<\/span><\/p>\n<p class=\"v1MsoNormal\" style=\"text-align: justify;\"><span lang=\"es-419\">La ministra de Salud, Ximena Aguilera, explic\u00f3 que consult\u00f3 sobre el tema con exministros de Salud, quienes le dijeron que estableciera \u201ccomo una obligaci\u00f3n de uso de mascarillas en el caso de los ni\u00f1os en edad escolar, desde los 5 a\u00f1os hacia arriba, en el ambiente escolar, cuando est\u00e9n en un ambiente cerrado\u201d.<\/span><\/p>\n<p class=\"v1MsoNormal\" style=\"text-align: justify;\"><span lang=\"es-419\">Al respecto, la seremi de Educaci\u00f3n de Ays\u00e9n\u00a0 Isabel Garrido\u00a0 se\u00f1al\u00f3 que \u201cMientras ocurre ese tr\u00e1mite administrativo, se recomienda a los establecimientos que comiencen desde este mi\u00e9rcoles a cumplir con esta solicitud del Ministerio de Salud, informando a sus comunidades educativas y manteniendo cierto grado de flexibilidad inicialmente, hasta que hayan recepcionado el oficio de uso obligatorio de la mascarilla\u201d.<\/span><\/p>\n<p class=\"v1MsoNormal\" style=\"text-align: justify;\"><span lang=\"es-419\">Isabel Garrido record\u00f3 que el uso obligatorio de la mascarilla se suma a otras tres medidas que previamente han sido tomadas para reducir la circulaci\u00f3n viral, como el adelantamiento del calendario de vacaciones de invierno, que este a\u00f1o se iniciar\u00e1n el 3 de julio para coincidir con el per\u00edodo de mayor circulaci\u00f3n viral que hubo el a\u00f1o pasado.<\/span><\/p>\n<p class=\"v1MsoNormal\" style=\"text-align: justify;\"><span lang=\"es-419\">\u201cAdem\u00e1s, hace unas semanas se le solicit\u00f3 a los establecimientos educacionales que no hagan exigible el certificado m\u00e9dico para los estudiantes que no asisten a clases por estar enfermos, para evitar que tengan que ir a los recintos asistenciales y as\u00ed no colapsar la red. Y tambi\u00e9n se est\u00e1 incentivando el lavado frecuente de manos y la ventilaci\u00f3n de salas de clases, que es una de las lecciones que dej\u00f3 la pandemia\u201d, puntualiz\u00f3.<\/span><\/p>\n<\/div><\/section><\/div><div  style='height:50px' class='hr hr-invisible   avia-builder-el-6  el_after_av_one_full  el_before_av_social_share '><span class='hr-inner ' ><span class='hr-inner-style'><\/span><\/span><\/div><\/p>\n<div  class='av-social-sharing-box  avia-builder-el-7  el_after_av_hr  el_before_av_hr  '><div class='av-share-box'><h5 class='av-share-link-description av-no-toc '>Compartir esta noticia<\/h5><ul class='av-share-box-list noLightbox'><li class='av-share-link av-social-link-facebook' ><a target=\"_blank\" aria-label=\"Compartir en Facebook\" href='https:\/\/www.facebook.com\/sharer.php?u=https:\/\/radiorevelacionfm.cl\/?p=32028&#038;t=Gobierno%20anuncia%20uso%20obligatorio%20de%20mascarillas%20en%20ni%C3%B1os%2Fas%20mayores%20de%20cinco%20a%C3%B1os%20para%20reducir%20la%20circulaci%C3%B3n%20viral' aria-hidden='false' data-av_icon='\ue8f3' data-av_iconfont='entypo-fontello' title='' data-avia-related-tooltip='Compartir en Facebook' rel=\"noopener\"><span class='avia_hidden_link_text'>Compartir en Facebook<\/span><\/a><\/li><li class='av-share-link av-social-link-twitter' ><a target=\"_blank\" aria-label=\"Compartir en Twitter\" href='https:\/\/twitter.com\/share?text=Gobierno%20anuncia%20uso%20obligatorio%20de%20mascarillas%20en%20ni%C3%B1os%2Fas%20mayores%20de%20cinco%20a%C3%B1os%20para%20reducir%20la%20circulaci%C3%B3n%20viral&#038;url=https:\/\/radiorevelacionfm.cl\/?p=32028' aria-hidden='false' data-av_icon='\ue8f1' data-av_iconfont='entypo-fontello' title='' data-avia-related-tooltip='Compartir en Twitter' rel=\"noopener\"><span class='avia_hidden_link_text'>Compartir en Twitter<\/span><\/a><\/li><li class='av-share-link av-social-link-whatsapp' ><a target=\"_blank\" aria-label=\"Compartir en Whatsapp\" href='https:\/\/api.whatsapp.com\/send?text=https:\/\/radiorevelacionfm.cl\/?p=32028' aria-hidden='false' data-av_icon='\uf232' data-av_iconfont='entypo-fontello' title='' data-avia-related-tooltip='Compartir en Whatsapp' rel=\"noopener\"><span class='avia_hidden_link_text'>Compartir en Whatsapp<\/span><\/a><\/li><li class='av-share-link av-social-link-linkedin' ><a target=\"_blank\" aria-label=\"Compartir en LinkedIn\" href='https:\/\/linkedin.com\/shareArticle?mini=true&#038;title=Gobierno%20anuncia%20uso%20obligatorio%20de%20mascarillas%20en%20ni%C3%B1os%2Fas%20mayores%20de%20cinco%20a%C3%B1os%20para%20reducir%20la%20circulaci%C3%B3n%20viral&#038;url=https:\/\/radiorevelacionfm.cl\/?p=32028' aria-hidden='false' data-av_icon='\ue8fc' data-av_iconfont='entypo-fontello' title='' data-avia-related-tooltip='Compartir en LinkedIn' rel=\"noopener\"><span class='avia_hidden_link_text'>Compartir en LinkedIn<\/span><\/a><\/li><li class='av-share-link av-social-link-mail' ><a  aria-label=\"Compartir por correo\" href='mailto:?subject=Gobierno%20anuncia%20uso%20obligatorio%20de%20mascarillas%20en%20ni%C3%B1os%2Fas%20mayores%20de%20cinco%20a%C3%B1os%20para%20reducir%20la%20circulaci%C3%B3n%20viral&#038;body=https:\/\/radiorevelacionfm.cl\/?p=32028' aria-hidden='false' data-av_icon='\ue805' data-av_iconfont='entypo-fontello' title='' data-avia-related-tooltip='Compartir por correo'><span class='avia_hidden_link_text'>Compartir por correo<\/span><\/a><\/li><\/ul><\/div><\/div>\n<div  style='height:50px' class='hr hr-invisible   avia-builder-el-8  el_after_av_social_share  el_before_av_comments_list '><span class='hr-inner ' ><span class='hr-inner-style'><\/span><\/span><\/div>\n<div  class='av-buildercomment  av-blog-meta-html-info-disabled av-blog-meta-tag-disabled  '><\/div>\n","protected":false},"excerpt":{"rendered":"","protected":false},"author":1,"featured_media":32030,"comment_status":"open","ping_status":"open","sticky":false,"template":"","format":"standard","meta":{"footnotes":""},"categories":[49],"tags":[],"class_list":["post-32028","post","type-post","status-publish","format-standard","has-post-thumbnail","hentry","category-educacion"],"jetpack_featured_media_url":"https:\/\/radiorevelacionfm.cl\/wp-content\/uploads\/2023\/06\/Seremi-Uso-de-mascarilla-1-1.jpg","_links":{"self":[{"href":"https:\/\/radiorevelacionfm.cl\/index.php?rest_route=\/wp\/v2\/posts\/32028","targetHints":{"allow":["GET"]}}],"collection":[{"href":"https:\/\/radiorevelacionfm.cl\/index.php?rest_route=\/wp\/v2\/posts"}],"about":[{"href":"https:\/\/radiorevelacionfm.cl\/index.php?rest_route=\/wp\/v2\/types\/post"}],"author":[{"embeddable":true,"href":"https:\/\/radiorevelacionfm.cl\/index.php?rest_route=\/wp\/v2\/users\/1"}],"replies":[{"embeddable":true,"href":"https:\/\/radiorevelacionfm.cl\/index.php?rest_route=%2Fwp%2Fv2%2Fcomments&post=32028"}],"version-history":[{"count":1,"href":"https:\/\/radiorevelacionfm.cl\/index.php?rest_route=\/wp\/v2\/posts\/32028\/revisions"}],"predecessor-version":[{"id":32031,"href":"https:\/\/radiorevelacionfm.cl\/index.php?rest_route=\/wp\/v2\/posts\/32028\/revisions\/32031"}],"wp:featuredmedia":[{"embeddable":true,"href":"https:\/\/radiorevelacionfm.cl\/index.php?rest_route=\/wp\/v2\/media\/32030"}],"wp:attachment":[{"href":"https:\/\/radiorevelacionfm.cl\/index.php?rest_route=%2Fwp%2Fv2%2Fmedia&parent=32028"}],"wp:term":[{"taxonomy":"category","embeddable":true,"href":"https:\/\/radiorevelacionfm.cl\/index.php?rest_route=%2Fwp%2Fv2%2Fcategories&post=32028"},{"taxonomy":"post_tag","embeddable":true,"href":"https:\/\/radiorevelacionfm.cl\/index.php?rest_route=%2Fwp%2Fv2%2Ftags&post=32028"}],"curies":[{"name":"wp","href":"https:\/\/api.w.org\/{rel}","templated":true}]}}