{"id":32023,"date":"2023-06-14T12:18:08","date_gmt":"2023-06-14T15:18:08","guid":{"rendered":"https:\/\/radiorevelacionfm.cl\/?p=32023"},"modified":"2023-06-14T12:23:43","modified_gmt":"2023-06-14T15:23:43","slug":"la-region-de-aysen-tiene-a-una-nueva-representante-en-el-futbol-femenino-verena-cea-se-suma-a-club-union-espanola","status":"publish","type":"post","link":"https:\/\/radiorevelacionfm.cl\/?p=32023","title":{"rendered":"La regi\u00f3n de Ays\u00e9n tiene a una nueva representante en el futbol femenino, Verena Cea se suma a Club Uni\u00f3n Espa\u00f1ola"},"content":{"rendered":"<div class=\"flex_column av_one_full  flex_column_div av-zero-column-padding first  avia-builder-el-0  el_before_av_one_full  avia-builder-el-first  \" style='border-radius:0px; '><div  class='avia-image-container  av-styling-    avia-builder-el-1  avia-builder-el-no-sibling  avia-align-center '  itemprop=\"image\" itemscope=\"itemscope\" itemtype=\"https:\/\/schema.org\/ImageObject\"  ><div class='avia-image-container-inner'><div class='avia-image-overlay-wrap'><img decoding=\"async\" class='wp-image-32026 avia-img-lazy-loading-not-32026 avia_image' src=\"https:\/\/radiorevelacionfm.cl\/wp-content\/uploads\/2023\/06\/20230609174150_IMG_7928-1-1-1.jpg\" alt='' title='20230609174150_IMG_7928 (1) (1) (1)' height=\"600\" width=\"900\"  itemprop=\"thumbnailUrl\" srcset=\"https:\/\/radiorevelacionfm.cl\/wp-content\/uploads\/2023\/06\/20230609174150_IMG_7928-1-1-1.jpg 900w, https:\/\/radiorevelacionfm.cl\/wp-content\/uploads\/2023\/06\/20230609174150_IMG_7928-1-1-1-300x200.jpg 300w, https:\/\/radiorevelacionfm.cl\/wp-content\/uploads\/2023\/06\/20230609174150_IMG_7928-1-1-1-768x512.jpg 768w, https:\/\/radiorevelacionfm.cl\/wp-content\/uploads\/2023\/06\/20230609174150_IMG_7928-1-1-1-705x470.jpg 705w, https:\/\/radiorevelacionfm.cl\/wp-content\/uploads\/2023\/06\/20230609174150_IMG_7928-1-1-1-450x300.jpg 450w, https:\/\/radiorevelacionfm.cl\/wp-content\/uploads\/2023\/06\/20230609174150_IMG_7928-1-1-1-600x400.jpg 600w\" sizes=\"(max-width: 900px) 100vw, 900px\" \/><\/div><\/div><\/div><\/div><div class=\"flex_column av_one_full  flex_column_div av-zero-column-padding first  avia-builder-el-2  el_after_av_one_full  el_before_av_one_full  column-top-margin\" style='border-radius:0px; '><section class=\"av_textblock_section \"  itemscope=\"itemscope\" itemtype=\"https:\/\/schema.org\/BlogPosting\" itemprop=\"blogPost\" ><div class='avia_textblock  '   itemprop=\"text\" ><p style=\"text-align: center;\"><strong><span style=\"font-size: 18pt;\">La regi\u00f3n de Ays\u00e9n tiene a una nueva representante en el futbol femenino, Verena Cea se suma a Club Uni\u00f3n Espa\u00f1ola <\/span><\/strong><\/p>\n<div id=\"gtx-trans\" style=\"position: absolute; left: -50px; top: 4.31534px;\">\n<div class=\"gtx-trans-icon\"><\/div>\n<\/div>\n<\/div><\/section><\/div><\/p>\n<div class=\"flex_column av_one_full  flex_column_div av-zero-column-padding first  avia-builder-el-4  el_after_av_one_full  el_before_av_hr  column-top-margin\" style='border-radius:0px; '><section class=\"av_textblock_section \"  itemscope=\"itemscope\" itemtype=\"https:\/\/schema.org\/BlogPosting\" itemprop=\"blogPost\" ><div class='avia_textblock  '   itemprop=\"text\" ><p style=\"text-align: justify;\">La joven alumna del Liceo Agr\u00edcola de Coyhaique, Verena Cea, visit\u00f3 la Delegaci\u00f3n Presidencial Regional de Ays\u00e9n para firmar el acta de entrega de insumos -indumentaria que ella misma sugiri\u00f3 para su mejor desempe\u00f1o-. Este aporte es un apoyo del programa de Residencias Familiares Estudiantiles, implementado por la Delegaci\u00f3n y la Junta Nacional de Auxilio Escolar y Becas (Junaeb). La destacada deportista coment\u00f3 que luego de probar previamente en otros clubes, fue en Uni\u00f3n Espa\u00f1ola donde logr\u00f3 encontrar su lugar.<\/p>\n<p style=\"text-align: justify;\">\u201cDe un d\u00eda para otro, fui y estuve una semana en prueba en Uni\u00f3n Espa\u00f1ola y me gust\u00f3 porque me recibieron super bien. Las ni\u00f1as, todas humildes. Es lindo el equipo. Despu\u00e9s el profe me dijo si me quer\u00eda quedar una semana m\u00e1s en prueba y me qued\u00e9 dos semanas. Ya el viernes me dio \u00e9l la noticia de que hab\u00eda quedado\u201d, se\u00f1al\u00f3 la joven al relatar el proceso que vivi\u00f3 hasta quedar seleccionada en el club.<\/p>\n<p style=\"text-align: justify;\">El delegado presidencial regional, Rodrigo Araya, destac\u00f3 a la deportista por su logro, afirmando que lo que buscan los diversos programas de ayudas a estudiantes es justamente fomentar sus talentos y acompa\u00f1arlos en su desarrollo. \u201cDesde la Delegaci\u00f3n Regional, queremos felicitar a una alumna del Liceo Agr\u00edcola que est\u00e1 haciendo uso de nuestro sistema de Residencia Familiar ac\u00e1 en Coyhaique, Verena Cea, que ha sido seleccionada por el club deportivo Uni\u00f3n Espa\u00f1ola en Santiago en la categor\u00eda sub-16. Destacamos el caso de Verena, porque todos los alumnos que vienen aqu\u00ed, al sistema de Residencia Familiar, tambi\u00e9n pueden seguir desarrollando sus habilidades, en este caso deportivas, pero tambi\u00e9n de otra \u00edndole, con la ayuda de los distintos servicios p\u00fablicos que conforman esta gran red del sistema educativo en nuestra regi\u00f3n\u201d, sostuvo.<\/p>\n<p style=\"text-align: justify;\">Verena agradeci\u00f3 el apoyo que encontr\u00f3 en el Programa de Residencias Familiares Estudiantiles, no solo por el aporte en indumentaria, sino, porque, la joven oriunda de Chile Chico, ha podido permanecer en Coyhaique y asistir con frecuencia a sus entrenamientos durante estos \u00faltimos meses. \u201cEstar en residencia es bueno. Te tienen siempre las comidas a la hora, el descanso es bueno y qu\u00e9 mejor que aqu\u00ed en Coyhaique. Se me hac\u00eda muy dif\u00edcil el a\u00f1o pasado venir hasta ac\u00e1 para entrenar, porque a veces, en este tiempo, el bus quedaba en pana o no se pod\u00eda, por el camino. Por eso tom\u00e9 la decisi\u00f3n de venirme a Coyhaique a estudiar, por los entrenamientos\u201d, relat\u00f3 la futbolista y ahora refuerzo de la escuadra femenina sub-16 de Uni\u00f3n Espa\u00f1ola.<\/p>\n<p style=\"text-align: justify;\">La nueva representante de la regi\u00f3n y seleccionada por el club hispano, comenzar\u00e1 sus entrenamientos en la capital del pa\u00eds para reforzar a la escuadra en el pr\u00f3ximo campeonato ANFP de futbol femenino formativo.<\/p>\n<\/div><\/section><\/div>\n<div  style='height:50px' class='hr hr-invisible   avia-builder-el-6  el_after_av_one_full  el_before_av_social_share '><span class='hr-inner ' ><span class='hr-inner-style'><\/span><\/span><\/div>\n<div  class='av-social-sharing-box  avia-builder-el-7  el_after_av_hr  el_before_av_hr  '><div class='av-share-box'><h5 class='av-share-link-description av-no-toc '>Compartir esta noticia<\/h5><ul class='av-share-box-list noLightbox'><li class='av-share-link av-social-link-facebook' ><a target=\"_blank\" aria-label=\"Compartir en Facebook\" href='https:\/\/www.facebook.com\/sharer.php?u=https:\/\/radiorevelacionfm.cl\/?p=32023&#038;t=La%20regi%C3%B3n%20de%20Ays%C3%A9n%20tiene%20a%20una%20nueva%20representante%20en%20el%20futbol%20femenino%2C%20Verena%20Cea%20se%20suma%20a%20Club%20Uni%C3%B3n%20Espa%C3%B1ola' aria-hidden='false' data-av_icon='\ue8f3' data-av_iconfont='entypo-fontello' title='' data-avia-related-tooltip='Compartir en Facebook' rel=\"noopener\"><span class='avia_hidden_link_text'>Compartir en Facebook<\/span><\/a><\/li><li class='av-share-link av-social-link-twitter' ><a target=\"_blank\" aria-label=\"Compartir en Twitter\" href='https:\/\/twitter.com\/share?text=La%20regi%C3%B3n%20de%20Ays%C3%A9n%20tiene%20a%20una%20nueva%20representante%20en%20el%20futbol%20femenino%2C%20Verena%20Cea%20se%20suma%20a%20Club%20Uni%C3%B3n%20Espa%C3%B1ola&#038;url=https:\/\/radiorevelacionfm.cl\/?p=32023' aria-hidden='false' data-av_icon='\ue8f1' data-av_iconfont='entypo-fontello' title='' data-avia-related-tooltip='Compartir en Twitter' rel=\"noopener\"><span class='avia_hidden_link_text'>Compartir en Twitter<\/span><\/a><\/li><li class='av-share-link av-social-link-whatsapp' ><a target=\"_blank\" aria-label=\"Compartir en Whatsapp\" href='https:\/\/api.whatsapp.com\/send?text=https:\/\/radiorevelacionfm.cl\/?p=32023' aria-hidden='false' data-av_icon='\uf232' data-av_iconfont='entypo-fontello' title='' data-avia-related-tooltip='Compartir en Whatsapp' rel=\"noopener\"><span class='avia_hidden_link_text'>Compartir en Whatsapp<\/span><\/a><\/li><li class='av-share-link av-social-link-linkedin' ><a target=\"_blank\" aria-label=\"Compartir en LinkedIn\" href='https:\/\/linkedin.com\/shareArticle?mini=true&#038;title=La%20regi%C3%B3n%20de%20Ays%C3%A9n%20tiene%20a%20una%20nueva%20representante%20en%20el%20futbol%20femenino%2C%20Verena%20Cea%20se%20suma%20a%20Club%20Uni%C3%B3n%20Espa%C3%B1ola&#038;url=https:\/\/radiorevelacionfm.cl\/?p=32023' aria-hidden='false' data-av_icon='\ue8fc' data-av_iconfont='entypo-fontello' title='' data-avia-related-tooltip='Compartir en LinkedIn' rel=\"noopener\"><span class='avia_hidden_link_text'>Compartir en LinkedIn<\/span><\/a><\/li><li class='av-share-link av-social-link-mail' ><a  aria-label=\"Compartir por correo\" href='mailto:?subject=La%20regi%C3%B3n%20de%20Ays%C3%A9n%20tiene%20a%20una%20nueva%20representante%20en%20el%20futbol%20femenino%2C%20Verena%20Cea%20se%20suma%20a%20Club%20Uni%C3%B3n%20Espa%C3%B1ola&#038;body=https:\/\/radiorevelacionfm.cl\/?p=32023' aria-hidden='false' data-av_icon='\ue805' data-av_iconfont='entypo-fontello' title='' data-avia-related-tooltip='Compartir por correo'><span class='avia_hidden_link_text'>Compartir por correo<\/span><\/a><\/li><\/ul><\/div><\/div>\n<div  style='height:50px' class='hr hr-invisible   avia-builder-el-8  el_after_av_social_share  el_before_av_comments_list '><span class='hr-inner ' ><span class='hr-inner-style'><\/span><\/span><\/div>\n<div  class='av-buildercomment  av-blog-meta-html-info-disabled av-blog-meta-tag-disabled  '><\/div>\n","protected":false},"excerpt":{"rendered":"","protected":false},"author":1,"featured_media":32026,"comment_status":"open","ping_status":"open","sticky":false,"template":"","format":"standard","meta":{"footnotes":""},"categories":[40],"tags":[],"class_list":["post-32023","post","type-post","status-publish","format-standard","has-post-thumbnail","hentry","category-deportes"],"jetpack_featured_media_url":"https:\/\/radiorevelacionfm.cl\/wp-content\/uploads\/2023\/06\/20230609174150_IMG_7928-1-1-1.jpg","_links":{"self":[{"href":"https:\/\/radiorevelacionfm.cl\/index.php?rest_route=\/wp\/v2\/posts\/32023","targetHints":{"allow":["GET"]}}],"collection":[{"href":"https:\/\/radiorevelacionfm.cl\/index.php?rest_route=\/wp\/v2\/posts"}],"about":[{"href":"https:\/\/radiorevelacionfm.cl\/index.php?rest_route=\/wp\/v2\/types\/post"}],"author":[{"embeddable":true,"href":"https:\/\/radiorevelacionfm.cl\/index.php?rest_route=\/wp\/v2\/users\/1"}],"replies":[{"embeddable":true,"href":"https:\/\/radiorevelacionfm.cl\/index.php?rest_route=%2Fwp%2Fv2%2Fcomments&post=32023"}],"version-history":[{"count":2,"href":"https:\/\/radiorevelacionfm.cl\/index.php?rest_route=\/wp\/v2\/posts\/32023\/revisions"}],"predecessor-version":[{"id":32027,"href":"https:\/\/radiorevelacionfm.cl\/index.php?rest_route=\/wp\/v2\/posts\/32023\/revisions\/32027"}],"wp:featuredmedia":[{"embeddable":true,"href":"https:\/\/radiorevelacionfm.cl\/index.php?rest_route=\/wp\/v2\/media\/32026"}],"wp:attachment":[{"href":"https:\/\/radiorevelacionfm.cl\/index.php?rest_route=%2Fwp%2Fv2%2Fmedia&parent=32023"}],"wp:term":[{"taxonomy":"category","embeddable":true,"href":"https:\/\/radiorevelacionfm.cl\/index.php?rest_route=%2Fwp%2Fv2%2Fcategories&post=32023"},{"taxonomy":"post_tag","embeddable":true,"href":"https:\/\/radiorevelacionfm.cl\/index.php?rest_route=%2Fwp%2Fv2%2Ftags&post=32023"}],"curies":[{"name":"wp","href":"https:\/\/api.w.org\/{rel}","templated":true}]}}