{"id":32020,"date":"2023-06-14T16:47:09","date_gmt":"2023-06-14T19:47:09","guid":{"rendered":"https:\/\/radiorevelacionfm.cl\/?p=32020"},"modified":"2023-06-14T16:47:09","modified_gmt":"2023-06-14T19:47:09","slug":"implementan-sala-de-infancia-y-lactancia-en-seremi-de-energia-siendo-la-primera-en-su-tipo-a-nivel-regional-y-de-ministerio","status":"publish","type":"post","link":"https:\/\/radiorevelacionfm.cl\/?p=32020","title":{"rendered":"Implementan Sala de Infancia y Lactancia en Seremi de Energ\u00eda, siendo la primera en su tipo a nivel regional y de Ministerio"},"content":{"rendered":"<div class=\"flex_column av_one_full  flex_column_div av-zero-column-padding first  avia-builder-el-0  el_before_av_one_full  avia-builder-el-first  \" style='border-radius:0px; '><div  class='avia-image-container  av-styling-    avia-builder-el-1  avia-builder-el-no-sibling  avia-align-center '  itemprop=\"image\" itemscope=\"itemscope\" itemtype=\"https:\/\/schema.org\/ImageObject\"  ><div class='avia-image-container-inner'><div class='avia-image-overlay-wrap'><img decoding=\"async\" class='wp-image-32021 avia-img-lazy-loading-not-32021 avia_image' src=\"https:\/\/radiorevelacionfm.cl\/wp-content\/uploads\/2023\/06\/sala-Infancia-f-2-1.jpg\" alt='' title='sala Infancia f (2) (1)' height=\"600\" width=\"900\"  itemprop=\"thumbnailUrl\" srcset=\"https:\/\/radiorevelacionfm.cl\/wp-content\/uploads\/2023\/06\/sala-Infancia-f-2-1.jpg 900w, https:\/\/radiorevelacionfm.cl\/wp-content\/uploads\/2023\/06\/sala-Infancia-f-2-1-300x200.jpg 300w, https:\/\/radiorevelacionfm.cl\/wp-content\/uploads\/2023\/06\/sala-Infancia-f-2-1-768x512.jpg 768w, https:\/\/radiorevelacionfm.cl\/wp-content\/uploads\/2023\/06\/sala-Infancia-f-2-1-705x470.jpg 705w, https:\/\/radiorevelacionfm.cl\/wp-content\/uploads\/2023\/06\/sala-Infancia-f-2-1-450x300.jpg 450w, https:\/\/radiorevelacionfm.cl\/wp-content\/uploads\/2023\/06\/sala-Infancia-f-2-1-600x400.jpg 600w\" sizes=\"(max-width: 900px) 100vw, 900px\" \/><\/div><\/div><\/div><\/div><div class=\"flex_column av_one_full  flex_column_div av-zero-column-padding first  avia-builder-el-2  el_after_av_one_full  el_before_av_one_full  column-top-margin\" style='border-radius:0px; '><section class=\"av_textblock_section \"  itemscope=\"itemscope\" itemtype=\"https:\/\/schema.org\/BlogPosting\" itemprop=\"blogPost\" ><div class='avia_textblock  '   itemprop=\"text\" ><p style=\"text-align: center;\"><strong><span style=\"font-size: 18pt;\">Implementan Sala de Infancia y Lactancia en Seremi de Energ\u00eda, siendo la primera en su tipo a nivel regional y de Ministerio<\/span><\/strong><\/p>\n<div id=\"gtx-trans\" style=\"position: absolute; left: -50px; top: 4.31534px;\">\n<div class=\"gtx-trans-icon\"><\/div>\n<\/div>\n<\/div><\/section><\/div><div class=\"flex_column av_one_full  flex_column_div av-zero-column-padding first  avia-builder-el-4  el_after_av_one_full  el_before_av_hr  column-top-margin\" style='border-radius:0px; '><section class=\"av_textblock_section \"  itemscope=\"itemscope\" itemtype=\"https:\/\/schema.org\/BlogPosting\" itemprop=\"blogPost\" ><div class='avia_textblock  '   itemprop=\"text\" ><p style=\"text-align: justify;\">La Seremi de Energ\u00eda de Ays\u00e9n concret\u00f3 la puesta en marcha de la primera \u00abSala de Infancia y Lactancia\u201d a nivel regional, la que adem\u00e1s es la primera en su tipo en el Ministerio de Energ\u00eda.<\/p>\n<p style=\"text-align: justify;\">El espacio que antiguamente era utilizado como bodega fue reacondicionado gracias a un proyecto impulsado por el equipo de la Seremi de Ays\u00e9n, quienes gracias al apoyo ministerial y sus donaciones transformaron esta sala en un espacio acogedor y cercano para los ni\u00f1os, ni\u00f1as y adolescentes (NNA) que visitan la instituci\u00f3n, as\u00ed como tambi\u00e9n, para las familias de los funcionarios y funcionarias.<\/p>\n<p style=\"text-align: justify;\">La \u201cSala de Infancia y Lactancia\u201d adem\u00e1s incorpora todos los implementos y comodidades para acoger a las madres que requieran amamantar a sus hijos, ayudando a compatibilizar con ello las funciones laborales y maternales y, por, sobre todo, aportando a la dignidad de este tan preciado momento de la vida.<\/p>\n<p style=\"text-align: justify;\">Al respecto el Seremi de Energ\u00eda de Ays\u00e9n, Carlos D\u00edaz, se\u00f1al\u00f3 que \u201cestamos muy contentos por contar con este nuevo espacio, que es el primero a nivel regional y de nuestro ministerio, ya que estamos convencidos de que el respeto a la primera infancia es importante para el desarrollo de la familia y de las personas, y eso es precisamente lo que buscamos, incentivar la conciliaci\u00f3n de la vida familiar y personal con el trabajo y entregar una mejor atenci\u00f3n a todas y todos quienes visiten nuestra oficina\u201d.<\/p>\n<p style=\"text-align: justify;\">Vanesa Abbate, Encargada de G\u00e9nero y Derechos Humanos de dicha Seremi indic\u00f3 que \u201cnuestra Seremi est\u00e1 compuesta por un equipo de cinco mujeres, tres hombres y una familia de trece ni\u00f1os, ni\u00f1as y adolescentes, motivo por el cual muchas veces nos toca conciliar la crianza con el trabajo, lo que sin duda no es una tarea f\u00e1cil. Por ello, quisimos crear un espacio familiar c\u00f3modo y seguro que adem\u00e1s promoviera la lactancia materna y la vida familiar desde un enfoque de corresponsabilidad y equidad de g\u00e9nero. Estamos agradecidos por el apoyo de ministerio y espero que esta experiencia se pueda replicar tanto a nivel regional como nacional\u201d.<\/p>\n<p style=\"text-align: justify;\">Por su parte, Viviana Barr\u00eda, quien estuvo a cargo de la impulsar la gesti\u00f3n administrativa del proyecto dijo que \u201cme gustar\u00eda destacar que en la preparaci\u00f3n del espacio participamos todo el equipo, cada uno aport\u00f3 con mucho cari\u00f1o tanto en la gesti\u00f3n del mobiliario, orden, limpieza, montaje y decoraci\u00f3n. El sello que le quisimos dar a nuestro espacio es de inclusi\u00f3n, no es solo de lactancia, sino tambi\u00e9n familiar para todos y todas, incluidos mis hijos adolescentes\u201d.<\/p>\n<p style=\"text-align: justify;\">El Seremi D\u00edaz explic\u00f3 que el nuevo espacio ubicado en calle General Baquedano #310 interior, se encuentra abierto a la comunidad \u201cnuestra oficina est\u00e1 en la zona centro de la ciudad de Coyhaique, por lo cual queremos invitar a todas aquellas madres que necesiten hacer uso de este espacio, a que se acerquen con confianza a nuestra oficina donde estaremos esper\u00e1ndolas\u201d.<\/p>\n<\/div><\/section><\/div><div  style='height:50px' class='hr hr-invisible   avia-builder-el-6  el_after_av_one_full  el_before_av_social_share '><span class='hr-inner ' ><span class='hr-inner-style'><\/span><\/span><\/div><\/p>\n<div  class='av-social-sharing-box  avia-builder-el-7  el_after_av_hr  el_before_av_hr  '><div class='av-share-box'><h5 class='av-share-link-description av-no-toc '>Compartir esta noticia<\/h5><ul class='av-share-box-list noLightbox'><li class='av-share-link av-social-link-facebook' ><a target=\"_blank\" aria-label=\"Compartir en Facebook\" href='https:\/\/www.facebook.com\/sharer.php?u=https:\/\/radiorevelacionfm.cl\/?p=32020&#038;t=Implementan%20Sala%20de%20Infancia%20y%20Lactancia%20en%20Seremi%20de%20Energ%C3%ADa%2C%20siendo%20la%20primera%20en%20su%20tipo%20a%20nivel%20regional%20y%20de%20Ministerio' aria-hidden='false' data-av_icon='\ue8f3' data-av_iconfont='entypo-fontello' title='' data-avia-related-tooltip='Compartir en Facebook' rel=\"noopener\"><span class='avia_hidden_link_text'>Compartir en Facebook<\/span><\/a><\/li><li class='av-share-link av-social-link-twitter' ><a target=\"_blank\" aria-label=\"Compartir en Twitter\" href='https:\/\/twitter.com\/share?text=Implementan%20Sala%20de%20Infancia%20y%20Lactancia%20en%20Seremi%20de%20Energ%C3%ADa%2C%20siendo%20la%20primera%20en%20su%20tipo%20a%20nivel%20regional%20y%20de%20Ministerio&#038;url=https:\/\/radiorevelacionfm.cl\/?p=32020' aria-hidden='false' data-av_icon='\ue8f1' data-av_iconfont='entypo-fontello' title='' data-avia-related-tooltip='Compartir en Twitter' rel=\"noopener\"><span class='avia_hidden_link_text'>Compartir en Twitter<\/span><\/a><\/li><li class='av-share-link av-social-link-whatsapp' ><a target=\"_blank\" aria-label=\"Compartir en Whatsapp\" href='https:\/\/api.whatsapp.com\/send?text=https:\/\/radiorevelacionfm.cl\/?p=32020' aria-hidden='false' data-av_icon='\uf232' data-av_iconfont='entypo-fontello' title='' data-avia-related-tooltip='Compartir en Whatsapp' rel=\"noopener\"><span class='avia_hidden_link_text'>Compartir en Whatsapp<\/span><\/a><\/li><li class='av-share-link av-social-link-linkedin' ><a target=\"_blank\" aria-label=\"Compartir en LinkedIn\" href='https:\/\/linkedin.com\/shareArticle?mini=true&#038;title=Implementan%20Sala%20de%20Infancia%20y%20Lactancia%20en%20Seremi%20de%20Energ%C3%ADa%2C%20siendo%20la%20primera%20en%20su%20tipo%20a%20nivel%20regional%20y%20de%20Ministerio&#038;url=https:\/\/radiorevelacionfm.cl\/?p=32020' aria-hidden='false' data-av_icon='\ue8fc' data-av_iconfont='entypo-fontello' title='' data-avia-related-tooltip='Compartir en LinkedIn' rel=\"noopener\"><span class='avia_hidden_link_text'>Compartir en LinkedIn<\/span><\/a><\/li><li class='av-share-link av-social-link-mail' ><a  aria-label=\"Compartir por correo\" href='mailto:?subject=Implementan%20Sala%20de%20Infancia%20y%20Lactancia%20en%20Seremi%20de%20Energ%C3%ADa%2C%20siendo%20la%20primera%20en%20su%20tipo%20a%20nivel%20regional%20y%20de%20Ministerio&#038;body=https:\/\/radiorevelacionfm.cl\/?p=32020' aria-hidden='false' data-av_icon='\ue805' data-av_iconfont='entypo-fontello' title='' data-avia-related-tooltip='Compartir por correo'><span class='avia_hidden_link_text'>Compartir por correo<\/span><\/a><\/li><\/ul><\/div><\/div>\n<div  style='height:50px' class='hr hr-invisible   avia-builder-el-8  el_after_av_social_share  el_before_av_comments_list '><span class='hr-inner ' ><span class='hr-inner-style'><\/span><\/span><\/div>\n<div  class='av-buildercomment  av-blog-meta-html-info-disabled av-blog-meta-tag-disabled  '><\/div>\n","protected":false},"excerpt":{"rendered":"","protected":false},"author":1,"featured_media":32021,"comment_status":"open","ping_status":"open","sticky":false,"template":"","format":"standard","meta":{"footnotes":""},"categories":[38],"tags":[],"class_list":["post-32020","post","type-post","status-publish","format-standard","has-post-thumbnail","hentry","category-regional"],"jetpack_featured_media_url":"https:\/\/radiorevelacionfm.cl\/wp-content\/uploads\/2023\/06\/sala-Infancia-f-2-1.jpg","_links":{"self":[{"href":"https:\/\/radiorevelacionfm.cl\/index.php?rest_route=\/wp\/v2\/posts\/32020","targetHints":{"allow":["GET"]}}],"collection":[{"href":"https:\/\/radiorevelacionfm.cl\/index.php?rest_route=\/wp\/v2\/posts"}],"about":[{"href":"https:\/\/radiorevelacionfm.cl\/index.php?rest_route=\/wp\/v2\/types\/post"}],"author":[{"embeddable":true,"href":"https:\/\/radiorevelacionfm.cl\/index.php?rest_route=\/wp\/v2\/users\/1"}],"replies":[{"embeddable":true,"href":"https:\/\/radiorevelacionfm.cl\/index.php?rest_route=%2Fwp%2Fv2%2Fcomments&post=32020"}],"version-history":[{"count":1,"href":"https:\/\/radiorevelacionfm.cl\/index.php?rest_route=\/wp\/v2\/posts\/32020\/revisions"}],"predecessor-version":[{"id":32022,"href":"https:\/\/radiorevelacionfm.cl\/index.php?rest_route=\/wp\/v2\/posts\/32020\/revisions\/32022"}],"wp:featuredmedia":[{"embeddable":true,"href":"https:\/\/radiorevelacionfm.cl\/index.php?rest_route=\/wp\/v2\/media\/32021"}],"wp:attachment":[{"href":"https:\/\/radiorevelacionfm.cl\/index.php?rest_route=%2Fwp%2Fv2%2Fmedia&parent=32020"}],"wp:term":[{"taxonomy":"category","embeddable":true,"href":"https:\/\/radiorevelacionfm.cl\/index.php?rest_route=%2Fwp%2Fv2%2Fcategories&post=32020"},{"taxonomy":"post_tag","embeddable":true,"href":"https:\/\/radiorevelacionfm.cl\/index.php?rest_route=%2Fwp%2Fv2%2Ftags&post=32020"}],"curies":[{"name":"wp","href":"https:\/\/api.w.org\/{rel}","templated":true}]}}