{"id":32016,"date":"2023-06-14T10:50:51","date_gmt":"2023-06-14T13:50:51","guid":{"rendered":"https:\/\/radiorevelacionfm.cl\/?p=32016"},"modified":"2023-06-14T10:50:51","modified_gmt":"2023-06-14T13:50:51","slug":"avanza-consultoria-de-diseno-para-ampliar-infraestructura-portuaria-de-conexion-en-puerto-yungay","status":"publish","type":"post","link":"https:\/\/radiorevelacionfm.cl\/?p=32016","title":{"rendered":"Avanza consultor\u00eda de dise\u00f1o para ampliar infraestructura portuaria de conexi\u00f3n en Puerto Yungay"},"content":{"rendered":"<div class=\"flex_column av_one_full  flex_column_div av-zero-column-padding first  avia-builder-el-0  el_before_av_one_full  avia-builder-el-first  \" style='border-radius:0px; '><div  class='avia-image-container  av-styling-    avia-builder-el-1  avia-builder-el-no-sibling  avia-align-center '  itemprop=\"image\" itemscope=\"itemscope\" itemtype=\"https:\/\/schema.org\/ImageObject\"  ><div class='avia-image-container-inner'><div class='avia-image-overlay-wrap'><img decoding=\"async\" class='wp-image-32017 avia-img-lazy-loading-not-32017 avia_image' src=\"https:\/\/radiorevelacionfm.cl\/wp-content\/uploads\/2023\/06\/Puerto-Yungay-AYSEN-1-1.jpg\" alt='' title='Puerto Yungay AYSEN (1) (1)' height=\"600\" width=\"902\"  itemprop=\"thumbnailUrl\" srcset=\"https:\/\/radiorevelacionfm.cl\/wp-content\/uploads\/2023\/06\/Puerto-Yungay-AYSEN-1-1.jpg 902w, https:\/\/radiorevelacionfm.cl\/wp-content\/uploads\/2023\/06\/Puerto-Yungay-AYSEN-1-1-300x200.jpg 300w, https:\/\/radiorevelacionfm.cl\/wp-content\/uploads\/2023\/06\/Puerto-Yungay-AYSEN-1-1-768x511.jpg 768w, https:\/\/radiorevelacionfm.cl\/wp-content\/uploads\/2023\/06\/Puerto-Yungay-AYSEN-1-1-705x469.jpg 705w, https:\/\/radiorevelacionfm.cl\/wp-content\/uploads\/2023\/06\/Puerto-Yungay-AYSEN-1-1-450x299.jpg 450w, https:\/\/radiorevelacionfm.cl\/wp-content\/uploads\/2023\/06\/Puerto-Yungay-AYSEN-1-1-600x399.jpg 600w\" sizes=\"(max-width: 902px) 100vw, 902px\" \/><\/div><\/div><\/div><\/div><div class=\"flex_column av_one_full  flex_column_div av-zero-column-padding first  avia-builder-el-2  el_after_av_one_full  el_before_av_one_full  column-top-margin\" style='border-radius:0px; '><section class=\"av_textblock_section \"  itemscope=\"itemscope\" itemtype=\"https:\/\/schema.org\/BlogPosting\" itemprop=\"blogPost\" ><div class='avia_textblock  '   itemprop=\"text\" ><p style=\"text-align: center;\"><strong><span style=\"font-size: 18pt;\">Avanza consultor\u00eda de dise\u00f1o para ampliar infraestructura portuaria de conexi\u00f3n en Puerto Yungay<\/span><\/strong><\/p>\n<div id=\"gtx-trans\" style=\"position: absolute; left: -50px; top: 4.31534px;\">\n<div class=\"gtx-trans-icon\"><\/div>\n<\/div>\n<\/div><\/section><\/div><div class=\"flex_column av_one_full  flex_column_div av-zero-column-padding first  avia-builder-el-4  el_after_av_one_full  el_before_av_hr  column-top-margin\" style='border-radius:0px; '><section class=\"av_textblock_section \"  itemscope=\"itemscope\" itemtype=\"https:\/\/schema.org\/BlogPosting\" itemprop=\"blogPost\" ><div class='avia_textblock  '   itemprop=\"text\" ><p style=\"text-align: justify;\">El Secretario Regional Ministerial de Obras P\u00fablicas, Patricio Sanhueza Ulloa, inform\u00f3 esta semana los avances que tiene la ejecuci\u00f3n de la Consultor\u00eda de Dise\u00f1o para ampliar la infraestructura portuaria de conexi\u00f3n en Puerto Yungay, ubicada en la zona sur de la regi\u00f3n de Ays\u00e9n.<\/p>\n<p style=\"text-align: justify;\">La iniciativa incluida en el Plan de Mejoramiento e Integraci\u00f3n de la regi\u00f3n de Ays\u00e9n y la provincia de Palena, nace del requerimiento de la comunidad a trav\u00e9s de la Municipalidad junto a los Concejales, quienes algunos a\u00f1os atr\u00e1s, expresaron la necesidad de mejorar las condiciones de operaci\u00f3n y seguridad que tiene la infraestructura portuaria en Puerto Yungay.<\/p>\n<p style=\"text-align: justify;\">As\u00ed como tambi\u00e9n, en las reuniones de participaci\u00f3n ciudadana realizadas por la Direcci\u00f3n Regional de Obras Portuarias del MOP, se han detectado requerimientos como contar con un Refugio de Pasajeros m\u00e1s amplio, con ba\u00f1os p\u00fablicos, con accesibilidad universal, mayor cantidad de estacionamientos y de zona en la explanada para la espera de los veh\u00edculos que van a embarcar, y la generaci\u00f3n de una zona de maniobras m\u00e1s amplia que permita a los camiones poder efectuar el giro adecuado para subir a la embarcaci\u00f3n. Adem\u00e1s, se han reconocido nuevas actividades que no se ten\u00edan identificados anteriormente en ese sector, como son las faenas y los trabajos relacionados con la madera, que realizan los pobladores del sector R\u00edo Bravo quienes se dedican a extraer y llevar madera en embarcaciones hasta Puerto Yungay, \u00a0surgiendo desde ah\u00ed la necesidad de poder contar con una infraestructura que les permita desarrollar esta actividad sin interferir la operaci\u00f3n de la rampa de conectividad, as\u00ed que tambi\u00e9n este es un requisito que fue recogido y en la medida de lo posible la Direcci\u00f3n Regional de Obras Portuarias del MOP ir\u00e1 dando respuesta a cada una de estas solicitudes informadas en este proceso.<\/p>\n<p style=\"text-align: justify;\">En este escenario, \u201cen el gobierno de nuestro presidente Gabriel Boric, el equipo de Planificaci\u00f3n de la Direcci\u00f3n Regional de Obras Portuarias ha estado trabajando en la elaboraci\u00f3n de los perfiles bases de esta iniciativa para abordar y definir cu\u00e1les ser\u00edan las posibles intervenciones que se necesitan en este sector. Nuestro gobierno est\u00e1 dando prioridad a avanzar en el Dise\u00f1o y posteriormente gestionar los recursos para la construcci\u00f3n de estas obras, que son significativas porque contribuyen a mejorar las condiciones de conectividad y seguridad en el embarque y desembarque de los pobladores de la zona sur de la regi\u00f3n de Ays\u00e9n y tambi\u00e9n de los turistas que viajan hacia Puerto Natales por esta v\u00eda, as\u00ed que \u00a0junto con la entrega de empleo que hoy hacemos con la ejecuci\u00f3n de esta Consultor\u00eda de Dise\u00f1o, tambi\u00e9n esta zona se proyecta con mucho potencial productivo y tur\u00edstico, por lo que este trabajo ser\u00e1 un pilar fundamental para el desarrollo de este sector\u201d asegur\u00f3 el SEREMI del MOP.<\/p>\n<p style=\"text-align: justify;\">Esta Consultor\u00eda de Dise\u00f1o a la fecha presenta un 20% de avance, tiene una duraci\u00f3n de 320 d\u00edas y considera la ejecuci\u00f3n de los Estudios B\u00e1sicos y el Dise\u00f1o de ingenier\u00eda y Arquitectura a nivel de anteproyecto de la ampliaci\u00f3n de la Infraestructura terrestre portuaria de conectividad existente, para el embarque y desembarque de pasajeros, pasajeras, carga y de apoyo al turismo. \u201cEn una primera etapa, la Consultor\u00eda realiz\u00f3 la revisi\u00f3n de los antecedentes y la situaci\u00f3n actual e instalaciones existentes, se efectuaron reuniones de Participaci\u00f3n Ciudadana con las comunidades de Caleta Tortel y de Villa O\u00b4Higgins en donde se dio a conocer esta iniciativa en ambas comunas y\u00a0 se recogieron las solicitudes de la comunidad respecto a esta intervenci\u00f3n que esperamos hacer en Puerto Yungay, se recorri\u00f3 el sector del futuro emplazamiento de las obras junto a la empresa Consultora y profesionales y t\u00e9cnicos de la Direcci\u00f3n Regional de Obras Portuarias. \u00a0A esto se suma, la ejecuci\u00f3n de estudios b\u00e1sicos de sondajes, calicatas, estudio de mec\u00e1nica de suelos, levantamiento de la l\u00ednea arqueol\u00f3gica y ambiental que se materializar\u00e1 en ese sector, lo que en su globalidad considera una inversi\u00f3n que supera los 120 millones de pesos. De acuerdo a los plazos programados, en el mes de enero del a\u00f1o 2024 podremos tener definido el Dise\u00f1o que vamos a comenzar a abordar de manera interna con el equipo de proyectos de nuestra Direcci\u00f3n Regional de Obras Portuarias y posteriormente, licitar este proyecto de Dise\u00f1o terminado\u201d, agreg\u00f3 el Director Regional de Obras Portuarias, \u00c1lvaro D\u00edaz Contreras.<\/p>\n<p style=\"text-align: justify;\">De esta forma, \u201cnuestro trabajo lo haremos conjuntamente con la comunidad, para ir acotando cu\u00e1les van a ser las instalaciones nuevas que vamos a proyectar, cu\u00e1l ser\u00e1 la forma de operar la infraestructura, considerando que hay una proyecci\u00f3n de crecimiento en la\u00a0 demanda\u00a0 y personas usuarias que actualmente est\u00e1n pasando por el sector ya sea para trasladarse a Villa O\u00b4Higgins o para embarcarse en la nave Cruz Australis que viaja hacia Puerto Natales. Entonces, tenemos una proyecci\u00f3n importante de crecimiento que nosotros necesitamos abordar con una infraestructura segura y con capacidad suficiente para que pueda funcionar por al menos 20 a\u00f1os\u201d, a\u00f1adi\u00f3 \u00c1lvaro D\u00edaz.<\/p>\n<p style=\"text-align: justify;\">La empresa Consultora hoy est\u00e1 elaborando tres alternativas de anteproyecto las que se presentar\u00e1n este a\u00f1o a la comunidad en una pr\u00f3xima participaci\u00f3n ciudadana, en donde se expondr\u00e1n los avances realizados en el an\u00e1lisis territorial que se efectuar\u00e1 en la etapa I de esta Consultor\u00eda de Dise\u00f1o y tambi\u00e9n para que la propia comunidad pueda expresar sus preferencias respecto a las alternativas que se presentaran en el mes de septiembre del a\u00f1o en curso.<\/p>\n<p style=\"text-align: justify;\">Son importantes los avances que se est\u00e1n haciendo con esta Consultor\u00eda de Dise\u00f1o para ampliar la infraestructura portuaria de Puerto Yungay. \u201cPuerto Yungay es la puerta de entrada y de salida de la regi\u00f3n de Ays\u00e9n hacia Magallanes, por lo que este Dise\u00f1o da respuesta a las necesidades de los habitantes de la provincia Capit\u00e1n Prat y de quienes transitan hacia ese sector. Buscamos ampliar y contar con un Refugio m\u00e1s grande, m\u00e1s c\u00f3modo, acorde con las necesidades que se requieren, con accesibilidad universal, as\u00ed como tambi\u00e9n con mayor espacio, tanto para estacionamiento de veh\u00edculos como tambi\u00e9n para las operaciones de los camiones y buses. Esta es una obra complementaria a otras acciones que como Ministerio de Obras P\u00fablicas estamos desarrollando en el fiordo Mitchell, un \u00e1rea que consideramos prioritaria para nuestro gobierno, y que se complementa con otra iniciativa muy importante como es el Estudio de Ingenier\u00eda para la construcci\u00f3n de 6,6 kil\u00f3metros de la Ruta 7 hacia el sur de Puerto Yungay. Ambas obras se est\u00e1n trabajando en forma paralela, son complementarias, un proyecto no excluye al otro proyecto, y las dos tienen tiempos diferentes. La perspectiva de una mejor infraestructura para Puerto Yungay tiene un plazo en el Dise\u00f1o de 1 a\u00f1o y para su ejecuci\u00f3n 2 a\u00f1os aproximadamente, y son obras que van a mantener la entrada y salida hacia Magallanes en forma permanente. En tanto, la iniciativa que involucra construir los seis kil\u00f3metros de camino al sur de Puerto Yungay considera un plazo de 2.5 a\u00f1os a eventualmente hasta 3 a\u00f1os en el Estudio de Ingenier\u00eda y las obras no van a ser concretadas hasta cinco a\u00f1os m\u00e1s. Vamos a trasladar la rampa, pero Puerto Yungay se mantiene prestando el servicio hacia Magallanes, y lo que har\u00e1 la nueva rampa ser\u00e1 disminuir los tiempos de track de navegaci\u00f3n entre la Ruta 7 y R\u00edo Bravo, as\u00ed que lo que estamos haciendo es acercar a la comuna de O\u00b4Higgins. Esto tiene que ver con un accionar planificado de nuestro Ministerio, para mejorar las condiciones de conectividad, tanto dentro de la regi\u00f3n como hacia fuera de la regi\u00f3n de Ays\u00e9n\u201d, concluy\u00f3 Patricio Sanhueza.<\/p>\n<\/div><\/section><\/div><div  style='height:50px' class='hr hr-invisible   avia-builder-el-6  el_after_av_one_full  el_before_av_social_share '><span class='hr-inner ' ><span class='hr-inner-style'><\/span><\/span><\/div><\/p>\n<div  class='av-social-sharing-box  avia-builder-el-7  el_after_av_hr  el_before_av_hr  '><div class='av-share-box'><h5 class='av-share-link-description av-no-toc '>Compartir esta noticia<\/h5><ul class='av-share-box-list noLightbox'><li class='av-share-link av-social-link-facebook' ><a target=\"_blank\" aria-label=\"Compartir en Facebook\" href='https:\/\/www.facebook.com\/sharer.php?u=https:\/\/radiorevelacionfm.cl\/?p=32016&#038;t=Avanza%20consultor%C3%ADa%20de%20dise%C3%B1o%20para%20ampliar%20infraestructura%20portuaria%20de%20conexi%C3%B3n%20en%20Puerto%20Yungay' aria-hidden='false' data-av_icon='\ue8f3' data-av_iconfont='entypo-fontello' title='' data-avia-related-tooltip='Compartir en Facebook' rel=\"noopener\"><span class='avia_hidden_link_text'>Compartir en Facebook<\/span><\/a><\/li><li class='av-share-link av-social-link-twitter' ><a target=\"_blank\" aria-label=\"Compartir en Twitter\" href='https:\/\/twitter.com\/share?text=Avanza%20consultor%C3%ADa%20de%20dise%C3%B1o%20para%20ampliar%20infraestructura%20portuaria%20de%20conexi%C3%B3n%20en%20Puerto%20Yungay&#038;url=https:\/\/radiorevelacionfm.cl\/?p=32016' aria-hidden='false' data-av_icon='\ue8f1' data-av_iconfont='entypo-fontello' title='' data-avia-related-tooltip='Compartir en Twitter' rel=\"noopener\"><span class='avia_hidden_link_text'>Compartir en Twitter<\/span><\/a><\/li><li class='av-share-link av-social-link-whatsapp' ><a target=\"_blank\" aria-label=\"Compartir en Whatsapp\" href='https:\/\/api.whatsapp.com\/send?text=https:\/\/radiorevelacionfm.cl\/?p=32016' aria-hidden='false' data-av_icon='\uf232' data-av_iconfont='entypo-fontello' title='' data-avia-related-tooltip='Compartir en Whatsapp' rel=\"noopener\"><span class='avia_hidden_link_text'>Compartir en Whatsapp<\/span><\/a><\/li><li class='av-share-link av-social-link-linkedin' ><a target=\"_blank\" aria-label=\"Compartir en LinkedIn\" href='https:\/\/linkedin.com\/shareArticle?mini=true&#038;title=Avanza%20consultor%C3%ADa%20de%20dise%C3%B1o%20para%20ampliar%20infraestructura%20portuaria%20de%20conexi%C3%B3n%20en%20Puerto%20Yungay&#038;url=https:\/\/radiorevelacionfm.cl\/?p=32016' aria-hidden='false' data-av_icon='\ue8fc' data-av_iconfont='entypo-fontello' title='' data-avia-related-tooltip='Compartir en LinkedIn' rel=\"noopener\"><span class='avia_hidden_link_text'>Compartir en LinkedIn<\/span><\/a><\/li><li class='av-share-link av-social-link-mail' ><a  aria-label=\"Compartir por correo\" href='mailto:?subject=Avanza%20consultor%C3%ADa%20de%20dise%C3%B1o%20para%20ampliar%20infraestructura%20portuaria%20de%20conexi%C3%B3n%20en%20Puerto%20Yungay&#038;body=https:\/\/radiorevelacionfm.cl\/?p=32016' aria-hidden='false' data-av_icon='\ue805' data-av_iconfont='entypo-fontello' title='' data-avia-related-tooltip='Compartir por correo'><span class='avia_hidden_link_text'>Compartir por correo<\/span><\/a><\/li><\/ul><\/div><\/div>\n<div  style='height:50px' class='hr hr-invisible   avia-builder-el-8  el_after_av_social_share  el_before_av_comments_list '><span class='hr-inner ' ><span class='hr-inner-style'><\/span><\/span><\/div>\n<div  class='av-buildercomment  av-blog-meta-html-info-disabled av-blog-meta-tag-disabled  '><\/div>\n","protected":false},"excerpt":{"rendered":"","protected":false},"author":1,"featured_media":32017,"comment_status":"open","ping_status":"open","sticky":false,"template":"","format":"standard","meta":{"footnotes":""},"categories":[38],"tags":[],"class_list":["post-32016","post","type-post","status-publish","format-standard","has-post-thumbnail","hentry","category-regional"],"jetpack_featured_media_url":"https:\/\/radiorevelacionfm.cl\/wp-content\/uploads\/2023\/06\/Puerto-Yungay-AYSEN-1-1.jpg","_links":{"self":[{"href":"https:\/\/radiorevelacionfm.cl\/index.php?rest_route=\/wp\/v2\/posts\/32016","targetHints":{"allow":["GET"]}}],"collection":[{"href":"https:\/\/radiorevelacionfm.cl\/index.php?rest_route=\/wp\/v2\/posts"}],"about":[{"href":"https:\/\/radiorevelacionfm.cl\/index.php?rest_route=\/wp\/v2\/types\/post"}],"author":[{"embeddable":true,"href":"https:\/\/radiorevelacionfm.cl\/index.php?rest_route=\/wp\/v2\/users\/1"}],"replies":[{"embeddable":true,"href":"https:\/\/radiorevelacionfm.cl\/index.php?rest_route=%2Fwp%2Fv2%2Fcomments&post=32016"}],"version-history":[{"count":1,"href":"https:\/\/radiorevelacionfm.cl\/index.php?rest_route=\/wp\/v2\/posts\/32016\/revisions"}],"predecessor-version":[{"id":32018,"href":"https:\/\/radiorevelacionfm.cl\/index.php?rest_route=\/wp\/v2\/posts\/32016\/revisions\/32018"}],"wp:featuredmedia":[{"embeddable":true,"href":"https:\/\/radiorevelacionfm.cl\/index.php?rest_route=\/wp\/v2\/media\/32017"}],"wp:attachment":[{"href":"https:\/\/radiorevelacionfm.cl\/index.php?rest_route=%2Fwp%2Fv2%2Fmedia&parent=32016"}],"wp:term":[{"taxonomy":"category","embeddable":true,"href":"https:\/\/radiorevelacionfm.cl\/index.php?rest_route=%2Fwp%2Fv2%2Fcategories&post=32016"},{"taxonomy":"post_tag","embeddable":true,"href":"https:\/\/radiorevelacionfm.cl\/index.php?rest_route=%2Fwp%2Fv2%2Ftags&post=32016"}],"curies":[{"name":"wp","href":"https:\/\/api.w.org\/{rel}","templated":true}]}}