{"id":32013,"date":"2023-06-14T12:00:19","date_gmt":"2023-06-14T15:00:19","guid":{"rendered":"https:\/\/radiorevelacionfm.cl\/?p=32013"},"modified":"2023-06-14T12:00:19","modified_gmt":"2023-06-14T15:00:19","slug":"gobernadora-sobre-proyecto-de-delegados-presidenciales-una-iniciativa-de-este-tipo-debemos-conversarla-de-manera-directa-con-el-presidente","status":"publish","type":"post","link":"https:\/\/radiorevelacionfm.cl\/?p=32013","title":{"rendered":"Gobernadora sobre proyecto de delegados presidenciales: \u00abUna iniciativa de este tipo debemos conversarla de manera directa con el Presidente\u00bb"},"content":{"rendered":"<div class=\"flex_column av_one_full  flex_column_div av-zero-column-padding first  avia-builder-el-0  el_before_av_one_full  avia-builder-el-first  \" style='border-radius:0px; '><div  class='avia-image-container  av-styling-    avia-builder-el-1  avia-builder-el-no-sibling  avia-align-center '  itemprop=\"image\" itemscope=\"itemscope\" itemtype=\"https:\/\/schema.org\/ImageObject\"  ><div class='avia-image-container-inner'><div class='avia-image-overlay-wrap'><img decoding=\"async\" class='wp-image-32014 avia-img-lazy-loading-not-32014 avia_image' src=\"https:\/\/radiorevelacionfm.cl\/wp-content\/uploads\/2023\/06\/Comunicado-Agorechi-1-1-1.jpeg\" alt='' title='Comunicado Agorechi 1 (1) (1)' height=\"600\" width=\"1069\"  itemprop=\"thumbnailUrl\" srcset=\"https:\/\/radiorevelacionfm.cl\/wp-content\/uploads\/2023\/06\/Comunicado-Agorechi-1-1-1.jpeg 1069w, https:\/\/radiorevelacionfm.cl\/wp-content\/uploads\/2023\/06\/Comunicado-Agorechi-1-1-1-300x168.jpeg 300w, https:\/\/radiorevelacionfm.cl\/wp-content\/uploads\/2023\/06\/Comunicado-Agorechi-1-1-1-1030x578.jpeg 1030w, https:\/\/radiorevelacionfm.cl\/wp-content\/uploads\/2023\/06\/Comunicado-Agorechi-1-1-1-768x431.jpeg 768w, https:\/\/radiorevelacionfm.cl\/wp-content\/uploads\/2023\/06\/Comunicado-Agorechi-1-1-1-705x396.jpeg 705w, https:\/\/radiorevelacionfm.cl\/wp-content\/uploads\/2023\/06\/Comunicado-Agorechi-1-1-1-450x253.jpeg 450w, https:\/\/radiorevelacionfm.cl\/wp-content\/uploads\/2023\/06\/Comunicado-Agorechi-1-1-1-600x337.jpeg 600w\" sizes=\"(max-width: 1069px) 100vw, 1069px\" \/><\/div><\/div><\/div><\/div><div class=\"flex_column av_one_full  flex_column_div av-zero-column-padding first  avia-builder-el-2  el_after_av_one_full  el_before_av_one_full  column-top-margin\" style='border-radius:0px; '><section class=\"av_textblock_section \"  itemscope=\"itemscope\" itemtype=\"https:\/\/schema.org\/BlogPosting\" itemprop=\"blogPost\" ><div class='avia_textblock  '   itemprop=\"text\" ><p style=\"text-align: center;\"><strong><span style=\"font-size: 18pt;\">Gobernadora sobre proyecto de delegados presidenciales: \u00abUna iniciativa de este tipo debemos conversarla de manera directa con el Presidente\u00bb<\/span><\/strong><\/p>\n<div id=\"gtx-trans\" style=\"position: absolute; left: -50px; top: 4.31534px;\">\n<div class=\"gtx-trans-icon\"><\/div>\n<\/div>\n<\/div><\/section><\/div><div class=\"flex_column av_one_full  flex_column_div av-zero-column-padding first  avia-builder-el-4  el_after_av_one_full  el_before_av_hr  column-top-margin\" style='border-radius:0px; '><section class=\"av_textblock_section \"  itemscope=\"itemscope\" itemtype=\"https:\/\/schema.org\/BlogPosting\" itemprop=\"blogPost\" ><div class='avia_textblock  '   itemprop=\"text\" ><div style=\"text-align: justify;\">\n<p class=\"v1MsoNormal\" style=\"text-align: justify;\"><span lang=\"es\">Ante la negativa del Gobierno a retirar el proyecto de ley que elimina la figura del Delegado Presidencial Regional, la Asociaci\u00f3n de Gobernadores y Gobernadoras Regionales de Chile (AGORECHI) decidi\u00f3 suspender las conversaciones con el Gobierno del Presidente Gabriel Boric.<\/span><\/p>\n<p class=\"v1MsoNormal\" style=\"text-align: justify;\"><span lang=\"es\">Una de las firmantes de la declaraci\u00f3n de la agrupaci\u00f3n, es la Gobernadora Regional de Ays\u00e9n, Andrea Mac\u00edas Palma, quien asegur\u00f3 tener la convicci\u00f3n de que el Mandatario cumplir\u00e1 sus compromisos en descentralizaci\u00f3n, pero es \u00e9l quien debe conducir este di\u00e1logo pol\u00edtico.<\/span><\/p>\n<p class=\"v1MsoNormal\" style=\"text-align: justify;\"><span lang=\"es\">\u00abUna iniciativa de este tipo debemos conversarla de manera directa con el Presidente de la Rep\u00fablica. Si bien creo en el esp\u00edritu descentralizador del Presidente, esto no se refleja en sus ministros o algunos subsecretarios\u00bb, manifest\u00f3 la primera autoridad regional de Ays\u00e9n.<\/span><\/p>\n<p class=\"v1MsoNormal\" style=\"text-align: justify;\"><span lang=\"es\">Respecto de la discusi\u00f3n sobre la permanencia o no de la figura del Delegado Presidencial como designado del Ejecutivo a nivel central, la Gobernadora asegur\u00f3 que este trabajo est\u00e1 perfectamente realizado por los Secretarios Regionales Ministeriales (Seremi).<\/span><\/p>\n<p class=\"v1MsoNormal\" style=\"text-align: justify;\"><span lang=\"es\">\u00abEl Gobierno nacional est\u00e1 suficientemente representado en cada uno de los territorios a trav\u00e9s de las distintas seremis, 18 en el caso de la Regi\u00f3n de Ays\u00e9n. Entendiendo que alguien debe ejercer un rol de coordinaci\u00f3n entre los servicios y el Gobierno Nacional es importante no dejar de reconocer que la m\u00e1xima autoridad de una Regi\u00f3n somos los y las Gobernadoras Regionales\u00bb, concluy\u00f3.<\/span><\/p>\n<p><span lang=\"es\">Los Gobernadores y Gobernadoras agrupados en AGORECHI concluyeron su comunicado solicitando al gobierno del presidente Gabriel Boric una se\u00f1al de buena fe, que se manifieste en el retiro inmediato del proyecto de ley en cuesti\u00f3n. Lo anterior, con la finalidad de poder consensuar un acuerdo que establezca de manera clara los compromisos adquiridos en pos de garantizar la transferencia de competencias a los gobiernos regionales y continuar el proceso descentralizador necesario para el desarrollo de Chile y sus territorios.<\/span><b><span lang=\"es\"><br \/>\n<\/span><\/b><\/p>\n<\/div>\n<\/div><\/section><\/div><div  style='height:50px' class='hr hr-invisible   avia-builder-el-6  el_after_av_one_full  el_before_av_social_share '><span class='hr-inner ' ><span class='hr-inner-style'><\/span><\/span><\/div><\/p>\n<div  class='av-social-sharing-box  avia-builder-el-7  el_after_av_hr  el_before_av_hr  '><div class='av-share-box'><h5 class='av-share-link-description av-no-toc '>Compartir esta noticia<\/h5><ul class='av-share-box-list noLightbox'><li class='av-share-link av-social-link-facebook' ><a target=\"_blank\" aria-label=\"Compartir en Facebook\" href='https:\/\/www.facebook.com\/sharer.php?u=https:\/\/radiorevelacionfm.cl\/?p=32013&#038;t=Gobernadora%20sobre%20proyecto%20de%20delegados%20presidenciales%3A%20%C2%ABUna%20iniciativa%20de%20este%20tipo%20debemos%20conversarla%20de%20manera%20directa%20con%20el%20Presidente%C2%BB' aria-hidden='false' data-av_icon='\ue8f3' data-av_iconfont='entypo-fontello' title='' data-avia-related-tooltip='Compartir en Facebook' rel=\"noopener\"><span class='avia_hidden_link_text'>Compartir en Facebook<\/span><\/a><\/li><li class='av-share-link av-social-link-twitter' ><a target=\"_blank\" aria-label=\"Compartir en Twitter\" href='https:\/\/twitter.com\/share?text=Gobernadora%20sobre%20proyecto%20de%20delegados%20presidenciales%3A%20%C2%ABUna%20iniciativa%20de%20este%20tipo%20debemos%20conversarla%20de%20manera%20directa%20con%20el%20Presidente%C2%BB&#038;url=https:\/\/radiorevelacionfm.cl\/?p=32013' aria-hidden='false' data-av_icon='\ue8f1' data-av_iconfont='entypo-fontello' title='' data-avia-related-tooltip='Compartir en Twitter' rel=\"noopener\"><span class='avia_hidden_link_text'>Compartir en Twitter<\/span><\/a><\/li><li class='av-share-link av-social-link-whatsapp' ><a target=\"_blank\" aria-label=\"Compartir en Whatsapp\" href='https:\/\/api.whatsapp.com\/send?text=https:\/\/radiorevelacionfm.cl\/?p=32013' aria-hidden='false' data-av_icon='\uf232' data-av_iconfont='entypo-fontello' title='' data-avia-related-tooltip='Compartir en Whatsapp' rel=\"noopener\"><span class='avia_hidden_link_text'>Compartir en Whatsapp<\/span><\/a><\/li><li class='av-share-link av-social-link-linkedin' ><a target=\"_blank\" aria-label=\"Compartir en LinkedIn\" href='https:\/\/linkedin.com\/shareArticle?mini=true&#038;title=Gobernadora%20sobre%20proyecto%20de%20delegados%20presidenciales%3A%20%C2%ABUna%20iniciativa%20de%20este%20tipo%20debemos%20conversarla%20de%20manera%20directa%20con%20el%20Presidente%C2%BB&#038;url=https:\/\/radiorevelacionfm.cl\/?p=32013' aria-hidden='false' data-av_icon='\ue8fc' data-av_iconfont='entypo-fontello' title='' data-avia-related-tooltip='Compartir en LinkedIn' rel=\"noopener\"><span class='avia_hidden_link_text'>Compartir en LinkedIn<\/span><\/a><\/li><li class='av-share-link av-social-link-mail' ><a  aria-label=\"Compartir por correo\" href='mailto:?subject=Gobernadora%20sobre%20proyecto%20de%20delegados%20presidenciales%3A%20%C2%ABUna%20iniciativa%20de%20este%20tipo%20debemos%20conversarla%20de%20manera%20directa%20con%20el%20Presidente%C2%BB&#038;body=https:\/\/radiorevelacionfm.cl\/?p=32013' aria-hidden='false' data-av_icon='\ue805' data-av_iconfont='entypo-fontello' title='' data-avia-related-tooltip='Compartir por correo'><span class='avia_hidden_link_text'>Compartir por correo<\/span><\/a><\/li><\/ul><\/div><\/div>\n<div  style='height:50px' class='hr hr-invisible   avia-builder-el-8  el_after_av_social_share  el_before_av_comments_list '><span class='hr-inner ' ><span class='hr-inner-style'><\/span><\/span><\/div>\n<div  class='av-buildercomment  av-blog-meta-html-info-disabled av-blog-meta-tag-disabled  '><\/div>\n","protected":false},"excerpt":{"rendered":"","protected":false},"author":1,"featured_media":32014,"comment_status":"open","ping_status":"open","sticky":false,"template":"","format":"standard","meta":{"footnotes":""},"categories":[38],"tags":[],"class_list":["post-32013","post","type-post","status-publish","format-standard","has-post-thumbnail","hentry","category-regional"],"jetpack_featured_media_url":"https:\/\/radiorevelacionfm.cl\/wp-content\/uploads\/2023\/06\/Comunicado-Agorechi-1-1-1.jpeg","_links":{"self":[{"href":"https:\/\/radiorevelacionfm.cl\/index.php?rest_route=\/wp\/v2\/posts\/32013","targetHints":{"allow":["GET"]}}],"collection":[{"href":"https:\/\/radiorevelacionfm.cl\/index.php?rest_route=\/wp\/v2\/posts"}],"about":[{"href":"https:\/\/radiorevelacionfm.cl\/index.php?rest_route=\/wp\/v2\/types\/post"}],"author":[{"embeddable":true,"href":"https:\/\/radiorevelacionfm.cl\/index.php?rest_route=\/wp\/v2\/users\/1"}],"replies":[{"embeddable":true,"href":"https:\/\/radiorevelacionfm.cl\/index.php?rest_route=%2Fwp%2Fv2%2Fcomments&post=32013"}],"version-history":[{"count":1,"href":"https:\/\/radiorevelacionfm.cl\/index.php?rest_route=\/wp\/v2\/posts\/32013\/revisions"}],"predecessor-version":[{"id":32015,"href":"https:\/\/radiorevelacionfm.cl\/index.php?rest_route=\/wp\/v2\/posts\/32013\/revisions\/32015"}],"wp:featuredmedia":[{"embeddable":true,"href":"https:\/\/radiorevelacionfm.cl\/index.php?rest_route=\/wp\/v2\/media\/32014"}],"wp:attachment":[{"href":"https:\/\/radiorevelacionfm.cl\/index.php?rest_route=%2Fwp%2Fv2%2Fmedia&parent=32013"}],"wp:term":[{"taxonomy":"category","embeddable":true,"href":"https:\/\/radiorevelacionfm.cl\/index.php?rest_route=%2Fwp%2Fv2%2Fcategories&post=32013"},{"taxonomy":"post_tag","embeddable":true,"href":"https:\/\/radiorevelacionfm.cl\/index.php?rest_route=%2Fwp%2Fv2%2Ftags&post=32013"}],"curies":[{"name":"wp","href":"https:\/\/api.w.org\/{rel}","templated":true}]}}