{"id":32009,"date":"2023-06-14T11:16:14","date_gmt":"2023-06-14T14:16:14","guid":{"rendered":"https:\/\/radiorevelacionfm.cl\/?p=32009"},"modified":"2023-06-14T11:16:14","modified_gmt":"2023-06-14T14:16:14","slug":"rio-ibanez-presente-en-el-primer-encuentro-lationamericano-green-destinations-bombinhas-2023-en-brasil","status":"publish","type":"post","link":"https:\/\/radiorevelacionfm.cl\/?p=32009","title":{"rendered":"R\u00edo Ib\u00e1\u00f1ez presente en el primer \u201cEncuentro Lationamericano Green Destinations Bombinhas 2023\u201d en Brasil"},"content":{"rendered":"<div class=\"flex_column av_one_full  flex_column_div av-zero-column-padding first  avia-builder-el-0  el_before_av_one_full  avia-builder-el-first  \" style='border-radius:0px; '><div  class='avia-image-container  av-styling-    avia-builder-el-1  avia-builder-el-no-sibling  avia-align-center '  itemprop=\"image\" itemscope=\"itemscope\" itemtype=\"https:\/\/schema.org\/ImageObject\"  ><div class='avia-image-container-inner'><div class='avia-image-overlay-wrap'><img decoding=\"async\" class='wp-image-32011 avia-img-lazy-loading-not-32011 avia_image' src=\"https:\/\/radiorevelacionfm.cl\/wp-content\/uploads\/2023\/06\/encuentro-brasil-2_optimized.jpg\" alt='' title='encuentro-brasil-(2)_optimized' height=\"600\" width=\"1228\"  itemprop=\"thumbnailUrl\" srcset=\"https:\/\/radiorevelacionfm.cl\/wp-content\/uploads\/2023\/06\/encuentro-brasil-2_optimized.jpg 1228w, https:\/\/radiorevelacionfm.cl\/wp-content\/uploads\/2023\/06\/encuentro-brasil-2_optimized-300x147.jpg 300w, https:\/\/radiorevelacionfm.cl\/wp-content\/uploads\/2023\/06\/encuentro-brasil-2_optimized-1030x503.jpg 1030w, https:\/\/radiorevelacionfm.cl\/wp-content\/uploads\/2023\/06\/encuentro-brasil-2_optimized-768x375.jpg 768w, https:\/\/radiorevelacionfm.cl\/wp-content\/uploads\/2023\/06\/encuentro-brasil-2_optimized-705x344.jpg 705w, https:\/\/radiorevelacionfm.cl\/wp-content\/uploads\/2023\/06\/encuentro-brasil-2_optimized-450x220.jpg 450w, https:\/\/radiorevelacionfm.cl\/wp-content\/uploads\/2023\/06\/encuentro-brasil-2_optimized-600x293.jpg 600w\" sizes=\"(max-width: 1228px) 100vw, 1228px\" \/><\/div><\/div><\/div><\/div><div class=\"flex_column av_one_full  flex_column_div av-zero-column-padding first  avia-builder-el-2  el_after_av_one_full  el_before_av_one_full  column-top-margin\" style='border-radius:0px; '><section class=\"av_textblock_section \"  itemscope=\"itemscope\" itemtype=\"https:\/\/schema.org\/BlogPosting\" itemprop=\"blogPost\" ><div class='avia_textblock  '   itemprop=\"text\" ><p style=\"text-align: center;\"><strong><span style=\"font-size: 18pt;\">R\u00edo Ib\u00e1\u00f1ez presente en el primer \u201cEncuentro Lationamericano Green Destinations Bombinhas 2023\u201d en Brasil<\/span><\/strong><\/p>\n<div id=\"gtx-trans\" style=\"position: absolute; left: -50px; top: 4.31534px;\">\n<div class=\"gtx-trans-icon\"><\/div>\n<\/div>\n<\/div><\/section><\/div><div class=\"flex_column av_one_full  flex_column_div av-zero-column-padding first  avia-builder-el-4  el_after_av_one_full  el_before_av_hr  column-top-margin\" style='border-radius:0px; '><section class=\"av_textblock_section \"  itemscope=\"itemscope\" itemtype=\"https:\/\/schema.org\/BlogPosting\" itemprop=\"blogPost\" ><div class='avia_textblock  '   itemprop=\"text\" ><p style=\"text-align: justify;\">El encuentro tuvo como sede el Hotel <em>Vila do Farol <\/em>en Santa Catarina, Brasil.<\/p>\n<p style=\"text-align: justify;\">Representados por el gerente de la Corporaci\u00f3n de Turismo de Villa Cerro Castillo, Arcadio Soto, la comuna de R\u00edo Ib\u00e1\u00f1ez particip\u00f3 en el primer \u201cEncuentro Latinoamericano Green Destinations Bombinhas 2023&#8243;. Soto expuso acerca de \u201cAlianzas para el desarrollo sostenible y R\u00edo Ib\u00e1\u00f1ez, un destino \u00fanico para los turistas\u201d instancia que sirvi\u00f3 para encontrarse con otros l\u00edderes y representantes de destinos con sello de turismo sostenible como Per\u00fa, M\u00e9xico, Brasil, Bolivia, entre otros, y as\u00ed compartir experiencias en materia de sostenibilidad y gesti\u00f3n de \u00e1reas naturales.<\/p>\n<p style=\"text-align: justify;\">Desde la organizaci\u00f3n destacaron el trabajo que se ha hecho en la localidad de Villa Cerro Castillo, poniendo \u00e9nfasis en el fomento de la innovaci\u00f3n y el emprendimiento en el desarrollo del turismo sostenible a trav\u00e9s de la entrega de herramientas a los habitantes para que ellos sean los actores principales, y afianzando adem\u00e1s las alianzas p\u00fablicas-privadas, beneficiando as\u00ed, directamente a la comunidad local.<\/p>\n<p style=\"text-align: justify;\">En este contexto toma mayor relevancia la propuesta de declaratoria del BNP Torres del Avellano como bien nacional protegido, que permitir\u00e1 resguardar este este espacio natural y cultural, y as\u00ed lo indic\u00f3 el representante de Green Destinations en Chile, Felipe Vera \u201c&#8230; desde la Patagonia se pueden implementar nuevos mecanismos para la participaci\u00f3n ciudadana, nuevas formas precisamente de ver un turismo de una forma m\u00e1s responsable, y no menos importante de c\u00f3mo nos vamos preparando para los futuros desaf\u00edos de nuestro sector, con el futuro bien nacional Torres del Avellano, que estoy seguro significar\u00e1 un mejor ma\u00f1ana tanto para las comunidades locales, como tambi\u00e9n, por su puesto, para la conservaci\u00f3n de ese patrimonio natural y cultural\u201d.<\/p>\n<p style=\"text-align: justify;\">Ya el a\u00f1o pasado Villa Cerro Castillo hab\u00eda sido elegida como una de las historias m\u00e1s inspiradoras de turismo sostenible en el mundo, reconocida as\u00ed, en el top 100 de Green Destinations, y esta participaci\u00f3n, demarca un camino en el trabajo que se ha venido realizando en materias de sustentabilidad y conservaci\u00f3n del medio ambiente. Marcelo Santana, alcalde de R\u00edo Ib\u00e1\u00f1ez puso \u00e9nfasis en la participaci\u00f3n de la comuna en este encuentro, y as\u00ed lo se\u00f1al\u00f3: \u201cNos hemos planteado la idea de impulsar con mucha fuerza un destino tur\u00edstico de naturaleza con sostenibilidad en el tiempo, y en ese sentido, esta participaci\u00f3n tambi\u00e9n nos ayuda al posicionamiento estrat\u00e9gico que debe tener nuestra zona, pero tambi\u00e9n la regi\u00f3n en t\u00e9rminos de turismo sostenible, que con esta participaci\u00f3n, no tan solo beneficia a Villa Cerro Castillo, sino que a toda la comuna, y por consecuencia a todo nuestro territorio patag\u00f3n y Carretera Austral\u201d<\/p>\n<p style=\"text-align: justify;\">En la ceremonia de cierre se lograron establecer acuerdos de trabajo colaborativo y en la generaci\u00f3n de redes de apoyo, para que, en conjunto con los dem\u00e1s pa\u00edses latinoamericanos se pueda seguir avanzando en los desaf\u00edos del turismo sostenible, y as\u00ed lo destac\u00f3 el gerente de la Corporaci\u00f3n de Turismo Villa Cerro Castillo, Arcadio Soto \u201cgenera mucha ilusi\u00f3n para continuar trabajando de una manera responsable y sostenible en nuestros destinos, de la misma manera que se est\u00e1 desarrollando esta propuesta de bien nacional protegido torres del avellano y la importancia que tiene de poder desarrollar una gobernanza, un trabajo colaborativo y participativo con todos los actores locales entendiendo que el desarrollo debe ser planificado y junto a las comunidades locales\u201d.<\/p>\n<p style=\"text-align: justify;\">Desde el municipio se\u00f1alan que seguir\u00e1n trabajando para as\u00ed impulsar el desarrollo tur\u00edstico sostenible en las distintas localidades de la comuna, siempre apoyando y fomentando las tradiciones de sus pioneros.<\/p>\n<\/div><\/section><\/div><div  style='height:50px' class='hr hr-invisible   avia-builder-el-6  el_after_av_one_full  el_before_av_social_share '><span class='hr-inner ' ><span class='hr-inner-style'><\/span><\/span><\/div><\/p>\n<div  class='av-social-sharing-box  avia-builder-el-7  el_after_av_hr  el_before_av_hr  '><div class='av-share-box'><h5 class='av-share-link-description av-no-toc '>Compartir esta noticia<\/h5><ul class='av-share-box-list noLightbox'><li class='av-share-link av-social-link-facebook' ><a target=\"_blank\" aria-label=\"Compartir en Facebook\" href='https:\/\/www.facebook.com\/sharer.php?u=https:\/\/radiorevelacionfm.cl\/?p=32009&#038;t=R%C3%ADo%20Ib%C3%A1%C3%B1ez%20presente%20en%20el%20primer%20%E2%80%9CEncuentro%20Lationamericano%20Green%20Destinations%20Bombinhas%202023%E2%80%9D%20en%20Brasil' aria-hidden='false' data-av_icon='\ue8f3' data-av_iconfont='entypo-fontello' title='' data-avia-related-tooltip='Compartir en Facebook' rel=\"noopener\"><span class='avia_hidden_link_text'>Compartir en Facebook<\/span><\/a><\/li><li class='av-share-link av-social-link-twitter' ><a target=\"_blank\" aria-label=\"Compartir en Twitter\" href='https:\/\/twitter.com\/share?text=R%C3%ADo%20Ib%C3%A1%C3%B1ez%20presente%20en%20el%20primer%20%E2%80%9CEncuentro%20Lationamericano%20Green%20Destinations%20Bombinhas%202023%E2%80%9D%20en%20Brasil&#038;url=https:\/\/radiorevelacionfm.cl\/?p=32009' aria-hidden='false' data-av_icon='\ue8f1' data-av_iconfont='entypo-fontello' title='' data-avia-related-tooltip='Compartir en Twitter' rel=\"noopener\"><span class='avia_hidden_link_text'>Compartir en Twitter<\/span><\/a><\/li><li class='av-share-link av-social-link-whatsapp' ><a target=\"_blank\" aria-label=\"Compartir en Whatsapp\" href='https:\/\/api.whatsapp.com\/send?text=https:\/\/radiorevelacionfm.cl\/?p=32009' aria-hidden='false' data-av_icon='\uf232' data-av_iconfont='entypo-fontello' title='' data-avia-related-tooltip='Compartir en Whatsapp' rel=\"noopener\"><span class='avia_hidden_link_text'>Compartir en Whatsapp<\/span><\/a><\/li><li class='av-share-link av-social-link-linkedin' ><a target=\"_blank\" aria-label=\"Compartir en LinkedIn\" href='https:\/\/linkedin.com\/shareArticle?mini=true&#038;title=R%C3%ADo%20Ib%C3%A1%C3%B1ez%20presente%20en%20el%20primer%20%E2%80%9CEncuentro%20Lationamericano%20Green%20Destinations%20Bombinhas%202023%E2%80%9D%20en%20Brasil&#038;url=https:\/\/radiorevelacionfm.cl\/?p=32009' aria-hidden='false' data-av_icon='\ue8fc' data-av_iconfont='entypo-fontello' title='' data-avia-related-tooltip='Compartir en LinkedIn' rel=\"noopener\"><span class='avia_hidden_link_text'>Compartir en LinkedIn<\/span><\/a><\/li><li class='av-share-link av-social-link-mail' ><a  aria-label=\"Compartir por correo\" href='mailto:?subject=R%C3%ADo%20Ib%C3%A1%C3%B1ez%20presente%20en%20el%20primer%20%E2%80%9CEncuentro%20Lationamericano%20Green%20Destinations%20Bombinhas%202023%E2%80%9D%20en%20Brasil&#038;body=https:\/\/radiorevelacionfm.cl\/?p=32009' aria-hidden='false' data-av_icon='\ue805' data-av_iconfont='entypo-fontello' title='' data-avia-related-tooltip='Compartir por correo'><span class='avia_hidden_link_text'>Compartir por correo<\/span><\/a><\/li><\/ul><\/div><\/div>\n<div  style='height:50px' class='hr hr-invisible   avia-builder-el-8  el_after_av_social_share  el_before_av_comments_list '><span class='hr-inner ' ><span class='hr-inner-style'><\/span><\/span><\/div>\n<div  class='av-buildercomment  av-blog-meta-html-info-disabled av-blog-meta-tag-disabled  '><\/div>\n","protected":false},"excerpt":{"rendered":"","protected":false},"author":1,"featured_media":32011,"comment_status":"open","ping_status":"open","sticky":false,"template":"","format":"standard","meta":{"footnotes":""},"categories":[54],"tags":[],"class_list":["post-32009","post","type-post","status-publish","format-standard","has-post-thumbnail","hentry","category-turismo"],"jetpack_featured_media_url":"https:\/\/radiorevelacionfm.cl\/wp-content\/uploads\/2023\/06\/encuentro-brasil-2_optimized.jpg","_links":{"self":[{"href":"https:\/\/radiorevelacionfm.cl\/index.php?rest_route=\/wp\/v2\/posts\/32009","targetHints":{"allow":["GET"]}}],"collection":[{"href":"https:\/\/radiorevelacionfm.cl\/index.php?rest_route=\/wp\/v2\/posts"}],"about":[{"href":"https:\/\/radiorevelacionfm.cl\/index.php?rest_route=\/wp\/v2\/types\/post"}],"author":[{"embeddable":true,"href":"https:\/\/radiorevelacionfm.cl\/index.php?rest_route=\/wp\/v2\/users\/1"}],"replies":[{"embeddable":true,"href":"https:\/\/radiorevelacionfm.cl\/index.php?rest_route=%2Fwp%2Fv2%2Fcomments&post=32009"}],"version-history":[{"count":1,"href":"https:\/\/radiorevelacionfm.cl\/index.php?rest_route=\/wp\/v2\/posts\/32009\/revisions"}],"predecessor-version":[{"id":32012,"href":"https:\/\/radiorevelacionfm.cl\/index.php?rest_route=\/wp\/v2\/posts\/32009\/revisions\/32012"}],"wp:featuredmedia":[{"embeddable":true,"href":"https:\/\/radiorevelacionfm.cl\/index.php?rest_route=\/wp\/v2\/media\/32011"}],"wp:attachment":[{"href":"https:\/\/radiorevelacionfm.cl\/index.php?rest_route=%2Fwp%2Fv2%2Fmedia&parent=32009"}],"wp:term":[{"taxonomy":"category","embeddable":true,"href":"https:\/\/radiorevelacionfm.cl\/index.php?rest_route=%2Fwp%2Fv2%2Fcategories&post=32009"},{"taxonomy":"post_tag","embeddable":true,"href":"https:\/\/radiorevelacionfm.cl\/index.php?rest_route=%2Fwp%2Fv2%2Ftags&post=32009"}],"curies":[{"name":"wp","href":"https:\/\/api.w.org\/{rel}","templated":true}]}}