{"id":32006,"date":"2023-06-13T19:35:35","date_gmt":"2023-06-13T22:35:35","guid":{"rendered":"https:\/\/radiorevelacionfm.cl\/?p=32006"},"modified":"2023-06-13T19:35:35","modified_gmt":"2023-06-13T22:35:35","slug":"minsal-anuncia-uso-obligatorio-de-mascarillas-en-colegios-producto-de-la-crisis-sanitaria","status":"publish","type":"post","link":"https:\/\/radiorevelacionfm.cl\/?p=32006","title":{"rendered":"Minsal anuncia uso obligatorio de mascarillas en colegios producto de la crisis sanitaria"},"content":{"rendered":"<div class=\"flex_column av_one_full  flex_column_div av-zero-column-padding first  avia-builder-el-0  el_before_av_one_full  avia-builder-el-first  \" style='border-radius:0px; '><div  class='avia-image-container  av-styling-    avia-builder-el-1  avia-builder-el-no-sibling  avia-align-center '  itemprop=\"image\" itemscope=\"itemscope\" itemtype=\"https:\/\/schema.org\/ImageObject\"  ><div class='avia-image-container-inner'><div class='avia-image-overlay-wrap'><img decoding=\"async\" class='wp-image-32007 avia-img-lazy-loading-not-32007 avia_image' src=\"https:\/\/radiorevelacionfm.cl\/wp-content\/uploads\/2023\/06\/Uso-mascarillas1-2-1.jpg\" alt='' title='Uso mascarillas1 (2) (1)' height=\"600\" width=\"836\"  itemprop=\"thumbnailUrl\" srcset=\"https:\/\/radiorevelacionfm.cl\/wp-content\/uploads\/2023\/06\/Uso-mascarillas1-2-1.jpg 836w, https:\/\/radiorevelacionfm.cl\/wp-content\/uploads\/2023\/06\/Uso-mascarillas1-2-1-300x215.jpg 300w, https:\/\/radiorevelacionfm.cl\/wp-content\/uploads\/2023\/06\/Uso-mascarillas1-2-1-768x551.jpg 768w, https:\/\/radiorevelacionfm.cl\/wp-content\/uploads\/2023\/06\/Uso-mascarillas1-2-1-705x506.jpg 705w, https:\/\/radiorevelacionfm.cl\/wp-content\/uploads\/2023\/06\/Uso-mascarillas1-2-1-450x323.jpg 450w, https:\/\/radiorevelacionfm.cl\/wp-content\/uploads\/2023\/06\/Uso-mascarillas1-2-1-600x431.jpg 600w\" sizes=\"(max-width: 836px) 100vw, 836px\" \/><\/div><\/div><\/div><\/div><div class=\"flex_column av_one_full  flex_column_div av-zero-column-padding first  avia-builder-el-2  el_after_av_one_full  el_before_av_one_full  column-top-margin\" style='border-radius:0px; '><section class=\"av_textblock_section \"  itemscope=\"itemscope\" itemtype=\"https:\/\/schema.org\/BlogPosting\" itemprop=\"blogPost\" ><div class='avia_textblock  '   itemprop=\"text\" ><p style=\"text-align: center;\"><strong><span style=\"font-size: 18pt;\">Minsal anuncia uso obligatorio de mascarillas en colegios producto de la crisis sanitaria <\/span><\/strong><\/p>\n<div id=\"gtx-trans\" style=\"position: absolute; left: -50px; top: 4.31534px;\">\n<div class=\"gtx-trans-icon\"><\/div>\n<\/div>\n<\/div><\/section><\/div><div class=\"flex_column av_one_full  flex_column_div av-zero-column-padding first  avia-builder-el-4  el_after_av_one_full  el_before_av_hr  column-top-margin\" style='border-radius:0px; '><section class=\"av_textblock_section \"  itemscope=\"itemscope\" itemtype=\"https:\/\/schema.org\/BlogPosting\" itemprop=\"blogPost\" ><div class='avia_textblock  '   itemprop=\"text\" ><p style=\"text-align: justify;\">El anuncio fue hecho por la titular de la cartera, Ximena Aguilera, y estar\u00e1 vigente hasta el 31 de agosto.<\/p>\n<p style=\"text-align: justify;\">La ministra de Salud, Ximena Aguilera, el titular de Hacienda, Mario Marcel y el de Educaci\u00f3n, Marco Antonio \u00c1vila, asistieron a una sesi\u00f3n especial de la C\u00e1mara de Diputados, en la que detallaron el trabajo que est\u00e1 haciendo el Gobierno frente al alza en los virus respiratorios.<\/p>\n<p style=\"text-align: justify;\">En la instancia, la ministra de Salud anunci\u00f3 que el\u00a0uso de mascarillas en establecimientos escolares ser\u00e1 obligatorio para los ni\u00f1os mayores de cinco a\u00f1os, hasta el fin de la alerta sanitaria, el pr\u00f3ximo 31 de agosto.\u00a0Aguilera adem\u00e1s recomend\u00f3 su uso en lugares aglomerados.<\/p>\n<p style=\"text-align: justify;\">Por otra parte, consultado respecto al posible adelantamiento de las vacaciones de invierno, el\u00a0ministro de Educaci\u00f3n, sostuvo que estas\u00a0\u201cya se encuentran adelantadas\u201d\u00a0en el calendario escolar 2023 que se fij\u00f3 en octubre del a\u00f1o pasado.<\/p>\n<p style=\"text-align: justify;\">Sin embargo, \u00c1vila aclar\u00f3 que\u00a0\u201cEducaci\u00f3n no toma ninguna decisi\u00f3n sin las recomendaciones del Ministerio de Salud\u201d, y que \u201cest\u00e1n abiertos\u201d a las distintas medidas que se requieran aplicar.<\/p>\n<p style=\"text-align: justify;\">A lo anterior agreg\u00f3 que se trata de \u201cuna decisi\u00f3n muy dif\u00edcil\u201d, en medio del Plan de Reactivaci\u00f3n Educativa, por lo que \u201chay que tener mucho cuidado\u201d.<\/p>\n<p style=\"text-align: justify;\">\u00abMantenemos la obligatoriedad del uso de mascarillas en todos los centros asistenciales y lo recomendamos fuertemente en lugares aglomerados y en los medios de transporte p\u00fablicos\u00bb, a\u00f1adi\u00f3 la ministra.<\/p>\n<p style=\"text-align: justify;\">Otras de las medidas analizadas en reuniones con autoridades y expertos, son el\u00a0derecho al teletrabajo\u00a0y la\u00a0licencia para madres por enfermedad de hijos menores de un a\u00f1o.<\/p>\n<p style=\"text-align: justify;\">Por otra parte, la\u00a0ministra Ximena Aguilera\u00a0confirm\u00f3 que el\u00a0Gobierno del Presidente Gabriel Boric\u00a0ingresar\u00e1 un proyecto de\u00a0ley sobre trabajo \u00abh\u00edbrido\u00bb, el cual hab\u00eda sido anunciado por el mandatario en la\u00a0Cuenta P\u00fablica\u00a0del\u00a01 de junio.<\/p>\n<\/div><\/section><\/div><div  style='height:50px' class='hr hr-invisible   avia-builder-el-6  el_after_av_one_full  el_before_av_social_share '><span class='hr-inner ' ><span class='hr-inner-style'><\/span><\/span><\/div><\/p>\n<div  class='av-social-sharing-box  avia-builder-el-7  el_after_av_hr  el_before_av_hr  '><div class='av-share-box'><h5 class='av-share-link-description av-no-toc '>Compartir esta noticia<\/h5><ul class='av-share-box-list noLightbox'><li class='av-share-link av-social-link-facebook' ><a target=\"_blank\" aria-label=\"Compartir en Facebook\" href='https:\/\/www.facebook.com\/sharer.php?u=https:\/\/radiorevelacionfm.cl\/?p=32006&#038;t=Minsal%20anuncia%20uso%20obligatorio%20de%20mascarillas%20en%20colegios%20producto%20de%20la%20crisis%20sanitaria' aria-hidden='false' data-av_icon='\ue8f3' data-av_iconfont='entypo-fontello' title='' data-avia-related-tooltip='Compartir en Facebook' rel=\"noopener\"><span class='avia_hidden_link_text'>Compartir en Facebook<\/span><\/a><\/li><li class='av-share-link av-social-link-twitter' ><a target=\"_blank\" aria-label=\"Compartir en Twitter\" href='https:\/\/twitter.com\/share?text=Minsal%20anuncia%20uso%20obligatorio%20de%20mascarillas%20en%20colegios%20producto%20de%20la%20crisis%20sanitaria&#038;url=https:\/\/radiorevelacionfm.cl\/?p=32006' aria-hidden='false' data-av_icon='\ue8f1' data-av_iconfont='entypo-fontello' title='' data-avia-related-tooltip='Compartir en Twitter' rel=\"noopener\"><span class='avia_hidden_link_text'>Compartir en Twitter<\/span><\/a><\/li><li class='av-share-link av-social-link-whatsapp' ><a target=\"_blank\" aria-label=\"Compartir en Whatsapp\" href='https:\/\/api.whatsapp.com\/send?text=https:\/\/radiorevelacionfm.cl\/?p=32006' aria-hidden='false' data-av_icon='\uf232' data-av_iconfont='entypo-fontello' title='' data-avia-related-tooltip='Compartir en Whatsapp' rel=\"noopener\"><span class='avia_hidden_link_text'>Compartir en Whatsapp<\/span><\/a><\/li><li class='av-share-link av-social-link-linkedin' ><a target=\"_blank\" aria-label=\"Compartir en LinkedIn\" href='https:\/\/linkedin.com\/shareArticle?mini=true&#038;title=Minsal%20anuncia%20uso%20obligatorio%20de%20mascarillas%20en%20colegios%20producto%20de%20la%20crisis%20sanitaria&#038;url=https:\/\/radiorevelacionfm.cl\/?p=32006' aria-hidden='false' data-av_icon='\ue8fc' data-av_iconfont='entypo-fontello' title='' data-avia-related-tooltip='Compartir en LinkedIn' rel=\"noopener\"><span class='avia_hidden_link_text'>Compartir en LinkedIn<\/span><\/a><\/li><li class='av-share-link av-social-link-mail' ><a  aria-label=\"Compartir por correo\" href='mailto:?subject=Minsal%20anuncia%20uso%20obligatorio%20de%20mascarillas%20en%20colegios%20producto%20de%20la%20crisis%20sanitaria&#038;body=https:\/\/radiorevelacionfm.cl\/?p=32006' aria-hidden='false' data-av_icon='\ue805' data-av_iconfont='entypo-fontello' title='' data-avia-related-tooltip='Compartir por correo'><span class='avia_hidden_link_text'>Compartir por correo<\/span><\/a><\/li><\/ul><\/div><\/div>\n<div  style='height:50px' class='hr hr-invisible   avia-builder-el-8  el_after_av_social_share  el_before_av_comments_list '><span class='hr-inner ' ><span class='hr-inner-style'><\/span><\/span><\/div>\n<div  class='av-buildercomment  av-blog-meta-html-info-disabled av-blog-meta-tag-disabled  '><\/div>\n","protected":false},"excerpt":{"rendered":"","protected":false},"author":1,"featured_media":32007,"comment_status":"open","ping_status":"open","sticky":false,"template":"","format":"standard","meta":{"footnotes":""},"categories":[46],"tags":[],"class_list":["post-32006","post","type-post","status-publish","format-standard","has-post-thumbnail","hentry","category-salud"],"jetpack_featured_media_url":"https:\/\/radiorevelacionfm.cl\/wp-content\/uploads\/2023\/06\/Uso-mascarillas1-2-1.jpg","_links":{"self":[{"href":"https:\/\/radiorevelacionfm.cl\/index.php?rest_route=\/wp\/v2\/posts\/32006","targetHints":{"allow":["GET"]}}],"collection":[{"href":"https:\/\/radiorevelacionfm.cl\/index.php?rest_route=\/wp\/v2\/posts"}],"about":[{"href":"https:\/\/radiorevelacionfm.cl\/index.php?rest_route=\/wp\/v2\/types\/post"}],"author":[{"embeddable":true,"href":"https:\/\/radiorevelacionfm.cl\/index.php?rest_route=\/wp\/v2\/users\/1"}],"replies":[{"embeddable":true,"href":"https:\/\/radiorevelacionfm.cl\/index.php?rest_route=%2Fwp%2Fv2%2Fcomments&post=32006"}],"version-history":[{"count":1,"href":"https:\/\/radiorevelacionfm.cl\/index.php?rest_route=\/wp\/v2\/posts\/32006\/revisions"}],"predecessor-version":[{"id":32008,"href":"https:\/\/radiorevelacionfm.cl\/index.php?rest_route=\/wp\/v2\/posts\/32006\/revisions\/32008"}],"wp:featuredmedia":[{"embeddable":true,"href":"https:\/\/radiorevelacionfm.cl\/index.php?rest_route=\/wp\/v2\/media\/32007"}],"wp:attachment":[{"href":"https:\/\/radiorevelacionfm.cl\/index.php?rest_route=%2Fwp%2Fv2%2Fmedia&parent=32006"}],"wp:term":[{"taxonomy":"category","embeddable":true,"href":"https:\/\/radiorevelacionfm.cl\/index.php?rest_route=%2Fwp%2Fv2%2Fcategories&post=32006"},{"taxonomy":"post_tag","embeddable":true,"href":"https:\/\/radiorevelacionfm.cl\/index.php?rest_route=%2Fwp%2Fv2%2Ftags&post=32006"}],"curies":[{"name":"wp","href":"https:\/\/api.w.org\/{rel}","templated":true}]}}