{"id":32001,"date":"2023-06-13T18:58:51","date_gmt":"2023-06-13T21:58:51","guid":{"rendered":"https:\/\/radiorevelacionfm.cl\/?p=32001"},"modified":"2023-06-13T19:06:08","modified_gmt":"2023-06-13T22:06:08","slug":"inician-investigacion-para-determinar-cumplimiento-de-protocolos-de-traslado-de-paciente-que-fallecio-en-melinka","status":"publish","type":"post","link":"https:\/\/radiorevelacionfm.cl\/?p=32001","title":{"rendered":"Inician investigaci\u00f3n para determinar cumplimiento de protocolos de traslado por paciente que falleci\u00f3 en Melinka"},"content":{"rendered":"<div class=\"flex_column av_one_full  flex_column_div av-zero-column-padding first  avia-builder-el-0  el_before_av_one_full  avia-builder-el-first  \" style='border-radius:0px; '><div  class='avia-image-container  av-styling-    avia-builder-el-1  avia-builder-el-no-sibling  avia-align-center '  itemprop=\"image\" itemscope=\"itemscope\" itemtype=\"https:\/\/schema.org\/ImageObject\"  ><div class='avia-image-container-inner'><div class='avia-image-overlay-wrap'><img decoding=\"async\" class='wp-image-32003 avia-img-lazy-loading-not-32003 avia_image' src=\"https:\/\/radiorevelacionfm.cl\/wp-content\/uploads\/2023\/06\/Posta-melinka-4-1-1.jpg\" alt='' title='Posta melinka (4) (1) (1)' height=\"600\" width=\"1131\"  itemprop=\"thumbnailUrl\" srcset=\"https:\/\/radiorevelacionfm.cl\/wp-content\/uploads\/2023\/06\/Posta-melinka-4-1-1.jpg 1131w, https:\/\/radiorevelacionfm.cl\/wp-content\/uploads\/2023\/06\/Posta-melinka-4-1-1-300x159.jpg 300w, https:\/\/radiorevelacionfm.cl\/wp-content\/uploads\/2023\/06\/Posta-melinka-4-1-1-1030x546.jpg 1030w, https:\/\/radiorevelacionfm.cl\/wp-content\/uploads\/2023\/06\/Posta-melinka-4-1-1-768x407.jpg 768w, https:\/\/radiorevelacionfm.cl\/wp-content\/uploads\/2023\/06\/Posta-melinka-4-1-1-705x374.jpg 705w, https:\/\/radiorevelacionfm.cl\/wp-content\/uploads\/2023\/06\/Posta-melinka-4-1-1-450x239.jpg 450w, https:\/\/radiorevelacionfm.cl\/wp-content\/uploads\/2023\/06\/Posta-melinka-4-1-1-600x318.jpg 600w\" sizes=\"(max-width: 1131px) 100vw, 1131px\" \/><\/div><\/div><\/div><\/div>\n<div class=\"flex_column av_one_full  flex_column_div av-zero-column-padding first  avia-builder-el-2  el_after_av_one_full  el_before_av_one_full  column-top-margin\" style='border-radius:0px; '><section class=\"av_textblock_section \"  itemscope=\"itemscope\" itemtype=\"https:\/\/schema.org\/BlogPosting\" itemprop=\"blogPost\" ><div class='avia_textblock  '   itemprop=\"text\" ><p style=\"text-align: center;\"><strong><span style=\"font-size: 18pt;\">Inician investigaci\u00f3n para determinar cumplimiento de protocolos de traslado por paciente que falleci\u00f3 en Melinka<\/span><\/strong><\/p>\n<div id=\"gtx-trans\" style=\"position: absolute; left: -50px; top: 4.31534px;\">\n<div class=\"gtx-trans-icon\"><\/div>\n<\/div>\n<\/div><\/section><\/div><div class=\"flex_column av_one_full  flex_column_div av-zero-column-padding first  avia-builder-el-4  el_after_av_one_full  el_before_av_hr  column-top-margin\" style='border-radius:0px; '><section class=\"av_textblock_section \"  itemscope=\"itemscope\" itemtype=\"https:\/\/schema.org\/BlogPosting\" itemprop=\"blogPost\" ><div class='avia_textblock  '   itemprop=\"text\" ><p class=\"v1MsoNormal\" style=\"text-align: justify;\">Junto con lamentar el fallecimiento de Fabi\u00e1n \u00d1ancupel M\u00e1rquez, mientras esperaba en Melinka su traslado a un recinto de mayor complejidad, desde la direcci\u00f3n del Servicio de Salud anunciaron que se inici\u00f3 la investigaci\u00f3n administrativa para verificar el cumplimiento de los protocolos para este tipo de emergencias.<\/p>\n<p class=\"v1MsoNormal\" style=\"text-align: justify;\">El Doctor Rodrigo Verdugo Cofr\u00e9, Subdirector de Gesti\u00f3n Asistencial indic\u00f3 que \u00abes importante aclarar que ya se est\u00e1 realizando la investigaci\u00f3n formal para determinar si en este caso se cumplieron todos los protocolos vigentes para enfrentar este tipo de situaciones\u00bb.<\/p>\n<p class=\"v1MsoNormal\" style=\"text-align: justify;\">Desde el Servicio de Salud explicaron adem\u00e1s que tanto el personal de salud, como el piloto de la aeronave contratada para realizar el traslado, son trabajadores privados y sin dependencia directa del SAMU.<\/p>\n<p class=\"v1MsoNormal\" style=\"text-align: justify;\">\u00abCuando recibimos la solicitud se contrat\u00f3 en forma privada, de acuerdo con el convenio vigente, el traslado de una aeronave con su equipo particular. Una vez en la localidad el piloto de la aeronave determin\u00f3 que no estaban las condiciones para realizar un viaje de retorno seguro para todos los integrantes de la aeronave\u00bb, se\u00f1al\u00f3 el Subdirector de Gesti\u00f3n Asistencial.<\/p>\n<p class=\"v1MsoNormal\" style=\"text-align: justify;\">Tras esto el SAMU solicit\u00f3 a sus pares de Reloncav\u00ed el apoyo para realizar el traslado hac\u00eda Puerto Montt, por cualquier medio posible, pero las condiciones clim\u00e1ticas impidieron la evacuaci\u00f3n a\u00e9rea o mar\u00edtima.<\/p>\n<p class=\"v1MsoNormal\" style=\"text-align: justify;\">El Servicio de Salud Ays\u00e9n reiter\u00f3 que se realizar\u00e1 una investigaci\u00f3n exhaustiva de este caso, para indagar si existieron incumplimientos a los protocolos y tambi\u00e9n determinar las responsabilidades.<\/p>\n<\/div><\/section><\/div><\/p>\n<div  style='height:50px' class='hr hr-invisible   avia-builder-el-6  el_after_av_one_full  el_before_av_social_share '><span class='hr-inner ' ><span class='hr-inner-style'><\/span><\/span><\/div>\n<div  class='av-social-sharing-box  avia-builder-el-7  el_after_av_hr  el_before_av_hr  '><div class='av-share-box'><h5 class='av-share-link-description av-no-toc '>Compartir esta noticia<\/h5><ul class='av-share-box-list noLightbox'><li class='av-share-link av-social-link-facebook' ><a target=\"_blank\" aria-label=\"Compartir en Facebook\" href='https:\/\/www.facebook.com\/sharer.php?u=https:\/\/radiorevelacionfm.cl\/?p=32001&#038;t=Inician%20investigaci%C3%B3n%20para%20determinar%20cumplimiento%20de%20protocolos%20de%20traslado%20por%20paciente%20que%20falleci%C3%B3%20en%20Melinka' aria-hidden='false' data-av_icon='\ue8f3' data-av_iconfont='entypo-fontello' title='' data-avia-related-tooltip='Compartir en Facebook' rel=\"noopener\"><span class='avia_hidden_link_text'>Compartir en Facebook<\/span><\/a><\/li><li class='av-share-link av-social-link-twitter' ><a target=\"_blank\" aria-label=\"Compartir en Twitter\" href='https:\/\/twitter.com\/share?text=Inician%20investigaci%C3%B3n%20para%20determinar%20cumplimiento%20de%20protocolos%20de%20traslado%20por%20paciente%20que%20falleci%C3%B3%20en%20Melinka&#038;url=https:\/\/radiorevelacionfm.cl\/?p=32001' aria-hidden='false' data-av_icon='\ue8f1' data-av_iconfont='entypo-fontello' title='' data-avia-related-tooltip='Compartir en Twitter' rel=\"noopener\"><span class='avia_hidden_link_text'>Compartir en Twitter<\/span><\/a><\/li><li class='av-share-link av-social-link-whatsapp' ><a target=\"_blank\" aria-label=\"Compartir en Whatsapp\" href='https:\/\/api.whatsapp.com\/send?text=https:\/\/radiorevelacionfm.cl\/?p=32001' aria-hidden='false' data-av_icon='\uf232' data-av_iconfont='entypo-fontello' title='' data-avia-related-tooltip='Compartir en Whatsapp' rel=\"noopener\"><span class='avia_hidden_link_text'>Compartir en Whatsapp<\/span><\/a><\/li><li class='av-share-link av-social-link-linkedin' ><a target=\"_blank\" aria-label=\"Compartir en LinkedIn\" href='https:\/\/linkedin.com\/shareArticle?mini=true&#038;title=Inician%20investigaci%C3%B3n%20para%20determinar%20cumplimiento%20de%20protocolos%20de%20traslado%20por%20paciente%20que%20falleci%C3%B3%20en%20Melinka&#038;url=https:\/\/radiorevelacionfm.cl\/?p=32001' aria-hidden='false' data-av_icon='\ue8fc' data-av_iconfont='entypo-fontello' title='' data-avia-related-tooltip='Compartir en LinkedIn' rel=\"noopener\"><span class='avia_hidden_link_text'>Compartir en LinkedIn<\/span><\/a><\/li><li class='av-share-link av-social-link-mail' ><a  aria-label=\"Compartir por correo\" href='mailto:?subject=Inician%20investigaci%C3%B3n%20para%20determinar%20cumplimiento%20de%20protocolos%20de%20traslado%20por%20paciente%20que%20falleci%C3%B3%20en%20Melinka&#038;body=https:\/\/radiorevelacionfm.cl\/?p=32001' aria-hidden='false' data-av_icon='\ue805' data-av_iconfont='entypo-fontello' title='' data-avia-related-tooltip='Compartir por correo'><span class='avia_hidden_link_text'>Compartir por correo<\/span><\/a><\/li><\/ul><\/div><\/div>\n<div  style='height:50px' class='hr hr-invisible   avia-builder-el-8  el_after_av_social_share  el_before_av_comments_list '><span class='hr-inner ' ><span class='hr-inner-style'><\/span><\/span><\/div>\n<div  class='av-buildercomment  av-blog-meta-html-info-disabled av-blog-meta-tag-disabled  '><\/div>\n","protected":false},"excerpt":{"rendered":"","protected":false},"author":1,"featured_media":32003,"comment_status":"open","ping_status":"open","sticky":false,"template":"","format":"standard","meta":{"footnotes":""},"categories":[46],"tags":[],"class_list":["post-32001","post","type-post","status-publish","format-standard","has-post-thumbnail","hentry","category-salud"],"jetpack_featured_media_url":"https:\/\/radiorevelacionfm.cl\/wp-content\/uploads\/2023\/06\/Posta-melinka-4-1-1.jpg","_links":{"self":[{"href":"https:\/\/radiorevelacionfm.cl\/index.php?rest_route=\/wp\/v2\/posts\/32001","targetHints":{"allow":["GET"]}}],"collection":[{"href":"https:\/\/radiorevelacionfm.cl\/index.php?rest_route=\/wp\/v2\/posts"}],"about":[{"href":"https:\/\/radiorevelacionfm.cl\/index.php?rest_route=\/wp\/v2\/types\/post"}],"author":[{"embeddable":true,"href":"https:\/\/radiorevelacionfm.cl\/index.php?rest_route=\/wp\/v2\/users\/1"}],"replies":[{"embeddable":true,"href":"https:\/\/radiorevelacionfm.cl\/index.php?rest_route=%2Fwp%2Fv2%2Fcomments&post=32001"}],"version-history":[{"count":2,"href":"https:\/\/radiorevelacionfm.cl\/index.php?rest_route=\/wp\/v2\/posts\/32001\/revisions"}],"predecessor-version":[{"id":32005,"href":"https:\/\/radiorevelacionfm.cl\/index.php?rest_route=\/wp\/v2\/posts\/32001\/revisions\/32005"}],"wp:featuredmedia":[{"embeddable":true,"href":"https:\/\/radiorevelacionfm.cl\/index.php?rest_route=\/wp\/v2\/media\/32003"}],"wp:attachment":[{"href":"https:\/\/radiorevelacionfm.cl\/index.php?rest_route=%2Fwp%2Fv2%2Fmedia&parent=32001"}],"wp:term":[{"taxonomy":"category","embeddable":true,"href":"https:\/\/radiorevelacionfm.cl\/index.php?rest_route=%2Fwp%2Fv2%2Fcategories&post=32001"},{"taxonomy":"post_tag","embeddable":true,"href":"https:\/\/radiorevelacionfm.cl\/index.php?rest_route=%2Fwp%2Fv2%2Ftags&post=32001"}],"curies":[{"name":"wp","href":"https:\/\/api.w.org\/{rel}","templated":true}]}}