{"id":31997,"date":"2023-06-14T11:06:45","date_gmt":"2023-06-14T14:06:45","guid":{"rendered":"https:\/\/radiorevelacionfm.cl\/?p=31997"},"modified":"2023-06-14T11:06:45","modified_gmt":"2023-06-14T14:06:45","slug":"seremis-destacan-estamos-avanzando-en-la-region-en-entrega-de-subsidios-a-viviendas-y-eficiencia-energetica","status":"publish","type":"post","link":"https:\/\/radiorevelacionfm.cl\/?p=31997","title":{"rendered":"Seremis destacan: \u201cEstamos avanzando en la regi\u00f3n en entrega de subsidios a viviendas y eficiencia energ\u00e9tica"},"content":{"rendered":"<div class=\"flex_column av_one_full  flex_column_div av-zero-column-padding first  avia-builder-el-0  el_before_av_one_full  avia-builder-el-first  \" style='border-radius:0px; '><div  class='avia-image-container  av-styling-    avia-builder-el-1  avia-builder-el-no-sibling  avia-align-center '  itemprop=\"image\" itemscope=\"itemscope\" itemtype=\"https:\/\/schema.org\/ImageObject\"  ><div class='avia-image-container-inner'><div class='avia-image-overlay-wrap'><img decoding=\"async\" class='wp-image-31998 avia-img-lazy-loading-not-31998 avia_image' src=\"https:\/\/radiorevelacionfm.cl\/wp-content\/uploads\/2023\/06\/Minvu-y-Gobierno-1-1.jpg\" alt='' title='Minvu y Gobierno (1) (1)' height=\"600\" width=\"800\"  itemprop=\"thumbnailUrl\" srcset=\"https:\/\/radiorevelacionfm.cl\/wp-content\/uploads\/2023\/06\/Minvu-y-Gobierno-1-1.jpg 800w, https:\/\/radiorevelacionfm.cl\/wp-content\/uploads\/2023\/06\/Minvu-y-Gobierno-1-1-300x225.jpg 300w, https:\/\/radiorevelacionfm.cl\/wp-content\/uploads\/2023\/06\/Minvu-y-Gobierno-1-1-768x576.jpg 768w, https:\/\/radiorevelacionfm.cl\/wp-content\/uploads\/2023\/06\/Minvu-y-Gobierno-1-1-705x529.jpg 705w, https:\/\/radiorevelacionfm.cl\/wp-content\/uploads\/2023\/06\/Minvu-y-Gobierno-1-1-450x338.jpg 450w, https:\/\/radiorevelacionfm.cl\/wp-content\/uploads\/2023\/06\/Minvu-y-Gobierno-1-1-600x450.jpg 600w\" sizes=\"(max-width: 800px) 100vw, 800px\" \/><\/div><\/div><\/div><\/div><div class=\"flex_column av_one_full  flex_column_div av-zero-column-padding first  avia-builder-el-2  el_after_av_one_full  el_before_av_one_full  column-top-margin\" style='border-radius:0px; '><section class=\"av_textblock_section \"  itemscope=\"itemscope\" itemtype=\"https:\/\/schema.org\/BlogPosting\" itemprop=\"blogPost\" ><div class='avia_textblock  '   itemprop=\"text\" ><p style=\"text-align: center;\"><strong><span style=\"font-size: 18pt;\">Seremis destacan: \u201cEstamos avanzando en la regi\u00f3n en entrega de subsidios a viviendas y eficiencia energ\u00e9tica<\/span><\/strong><\/p>\n<div id=\"gtx-trans\" style=\"position: absolute; left: -50px; top: 4.31534px;\">\n<div class=\"gtx-trans-icon\"><\/div>\n<\/div>\n<\/div><\/section><\/div><div class=\"flex_column av_one_full  flex_column_div av-zero-column-padding first  avia-builder-el-4  el_after_av_one_full  el_before_av_hr  column-top-margin\" style='border-radius:0px; '><section class=\"av_textblock_section \"  itemscope=\"itemscope\" itemtype=\"https:\/\/schema.org\/BlogPosting\" itemprop=\"blogPost\" ><div class='avia_textblock  '   itemprop=\"text\" ><p style=\"text-align: justify;\">Con recursos emanados desde el Ministerio de Vivienda y Urbanismo 559 familias de la regi\u00f3n de Ays\u00e9n podr\u00e1n acceder al acondicionamiento t\u00e9rmico de sus viviendas con eficiencia energ\u00e9tica. Lo anterior, en sinton\u00eda con la meta presidencial de otorgar 19.000 subsidios a nivel nacional y de estas caracter\u00edsticas durante el primer a\u00f1o de Gobierno.<\/p>\n<p style=\"text-align: justify;\">Paulina Ruz, Seremi de Vivienda y Urbanismo regi\u00f3n de Ays\u00e9n, se\u00f1al\u00f3: \u201cLa verdad es que como Seremi de Vivienda y Urbanismo estamos muy orgullosos del trabajo que se ha estado haciendo en torno a sacar adelante muchos proyectos que no solamente van en beneficio de familias de la comuna de Coyhaique, que es la capital regional. Es as\u00ed como, gracias al trabajo de nuestros equipos de Seremi MINVU y Serviu, pudimos sacar adelante un subsidio complementario para 559 familias de la regi\u00f3n de Ays\u00e9n para el acondicionamiento t\u00e9rmico de sus viviendas, entendiendo que el problema de la contaminaci\u00f3n en la regi\u00f3n no s\u00f3lo radica en Coyhaique donde hay Plan de Descontaminaci\u00f3n Atmosf\u00e9rica (PDA), sino que en otras comunas. Esto, con una inversi\u00f3n de 7.800 millones de pesos involucrados solamente con financiamiento del MINVU\u201d.<\/p>\n<p style=\"text-align: justify;\">La Seremi de Vivienda y Urbanismo tambi\u00e9n inform\u00f3 que se aprobaron subsidios complementarios en beneficio del comit\u00e9 Confluencia de la provincia de General Carrera, por un monto total de 1.900 UF para proyectos de construcci\u00f3n de viviendas nuevas, mejoramiento y ampliaci\u00f3n de viviendas existentes del Programa de Habitabilidad Rural (DS10).<\/p>\n<p style=\"text-align: justify;\">La vocera de MINVU agreg\u00f3: \u201cTambi\u00e9n podemos se\u00f1alar que tenemos la mayor cantidad de beneficiarios de la provincia General Carrera y Capit\u00e1n Prat, relativa a proyectos de acondicionamiento t\u00e9rmico, como tambi\u00e9n del programa de Habitabilidad Rural y de construcci\u00f3n de viviendas en sitio propio. En dichas provincias tenemos 53 proyectos t\u00e9rmicos para la comuna de Cochrane, 85 proyectos de mejoramiento t\u00e9rmico en Chile Chico y construcciones en sitio de residentes para ambas comunas. Mientras que para la comuna de O\u2019Higgins tambi\u00e9n tenemos beneficiarios con acondicionamiento t\u00e9rmico. Con esto estamos descentralizando los beneficios y tambi\u00e9n entendemos con pertinencia territorial que el beneficio de las familias de la regi\u00f3n tienen que traspasar las ciudades y la capital regional, llegar hasta los lugares m\u00e1s apartados con un compromiso de mejorar la calidad de vida y ejercer su derecho a una vivienda digna y adecuada\u201d.<\/p>\n<p style=\"text-align: justify;\">Lo anterior, permite se\u00f1alar que es primera vez que existen tantas personas beneficiarias dentro de un mismo a\u00f1o en las comunas pertenecientes a las provincias Capit\u00e1n Prat y General Carrera, salvo cuando se han construido conjuntos habitacionales.<\/p>\n<p style=\"text-align: justify;\">En tanto, la Seremi de Gobierno, Tatiana Pl\u00e1 destac\u00f3: \u201cSon muy buenas noticias las que bajan desde el Ministerio de Vivienda y Urbanismo, representado aqu\u00ed por la Seremi, Paulina Ruz. Podemos ver que el trabajo encomendado por nuestro Presidente Gabriel Boric est\u00e1 dando fruct\u00edferos resultados, ya que es la primera vez que existen tantos beneficiarios y beneficiarias pertenecientes a estas comunas, dentro de un mismo a\u00f1o. Son familias enteras de Chile Chico y Cochrane a los que llegan estos recursos del estado, d\u00e1ndoles un mejor vivir y cumpliendo con los compromisos que como gobierno hemos asumido con nuestros compatriotas. Por eso seguiremos trabajando Presentes por un Futuro Mejor, independiente de d\u00f3nde se viva; seguiremos velando por una mayor equidad territorial, un crecimiento sustentable y por el desarrollo de las familias de todo Chile y Ays\u00e9n.<\/p>\n<\/div><\/section><\/div><div  style='height:50px' class='hr hr-invisible   avia-builder-el-6  el_after_av_one_full  el_before_av_social_share '><span class='hr-inner ' ><span class='hr-inner-style'><\/span><\/span><\/div><\/p>\n<div  class='av-social-sharing-box  avia-builder-el-7  el_after_av_hr  el_before_av_hr  '><div class='av-share-box'><h5 class='av-share-link-description av-no-toc '>Compartir esta noticia<\/h5><ul class='av-share-box-list noLightbox'><li class='av-share-link av-social-link-facebook' ><a target=\"_blank\" aria-label=\"Compartir en Facebook\" href='https:\/\/www.facebook.com\/sharer.php?u=https:\/\/radiorevelacionfm.cl\/?p=31997&#038;t=Seremis%20destacan%3A%20%E2%80%9CEstamos%20avanzando%20en%20la%20regi%C3%B3n%20en%20entrega%20de%20subsidios%20a%20viviendas%20y%20eficiencia%20energ%C3%A9tica' aria-hidden='false' data-av_icon='\ue8f3' data-av_iconfont='entypo-fontello' title='' data-avia-related-tooltip='Compartir en Facebook' rel=\"noopener\"><span class='avia_hidden_link_text'>Compartir en Facebook<\/span><\/a><\/li><li class='av-share-link av-social-link-twitter' ><a target=\"_blank\" aria-label=\"Compartir en Twitter\" href='https:\/\/twitter.com\/share?text=Seremis%20destacan%3A%20%E2%80%9CEstamos%20avanzando%20en%20la%20regi%C3%B3n%20en%20entrega%20de%20subsidios%20a%20viviendas%20y%20eficiencia%20energ%C3%A9tica&#038;url=https:\/\/radiorevelacionfm.cl\/?p=31997' aria-hidden='false' data-av_icon='\ue8f1' data-av_iconfont='entypo-fontello' title='' data-avia-related-tooltip='Compartir en Twitter' rel=\"noopener\"><span class='avia_hidden_link_text'>Compartir en Twitter<\/span><\/a><\/li><li class='av-share-link av-social-link-whatsapp' ><a target=\"_blank\" aria-label=\"Compartir en Whatsapp\" href='https:\/\/api.whatsapp.com\/send?text=https:\/\/radiorevelacionfm.cl\/?p=31997' aria-hidden='false' data-av_icon='\uf232' data-av_iconfont='entypo-fontello' title='' data-avia-related-tooltip='Compartir en Whatsapp' rel=\"noopener\"><span class='avia_hidden_link_text'>Compartir en Whatsapp<\/span><\/a><\/li><li class='av-share-link av-social-link-linkedin' ><a target=\"_blank\" aria-label=\"Compartir en LinkedIn\" href='https:\/\/linkedin.com\/shareArticle?mini=true&#038;title=Seremis%20destacan%3A%20%E2%80%9CEstamos%20avanzando%20en%20la%20regi%C3%B3n%20en%20entrega%20de%20subsidios%20a%20viviendas%20y%20eficiencia%20energ%C3%A9tica&#038;url=https:\/\/radiorevelacionfm.cl\/?p=31997' aria-hidden='false' data-av_icon='\ue8fc' data-av_iconfont='entypo-fontello' title='' data-avia-related-tooltip='Compartir en LinkedIn' rel=\"noopener\"><span class='avia_hidden_link_text'>Compartir en LinkedIn<\/span><\/a><\/li><li class='av-share-link av-social-link-mail' ><a  aria-label=\"Compartir por correo\" href='mailto:?subject=Seremis%20destacan%3A%20%E2%80%9CEstamos%20avanzando%20en%20la%20regi%C3%B3n%20en%20entrega%20de%20subsidios%20a%20viviendas%20y%20eficiencia%20energ%C3%A9tica&#038;body=https:\/\/radiorevelacionfm.cl\/?p=31997' aria-hidden='false' data-av_icon='\ue805' data-av_iconfont='entypo-fontello' title='' data-avia-related-tooltip='Compartir por correo'><span class='avia_hidden_link_text'>Compartir por correo<\/span><\/a><\/li><\/ul><\/div><\/div>\n<div  style='height:50px' class='hr hr-invisible   avia-builder-el-8  el_after_av_social_share  el_before_av_comments_list '><span class='hr-inner ' ><span class='hr-inner-style'><\/span><\/span><\/div>\n<div  class='av-buildercomment  av-blog-meta-html-info-disabled av-blog-meta-tag-disabled  '><\/div>\n","protected":false},"excerpt":{"rendered":"","protected":false},"author":1,"featured_media":31998,"comment_status":"open","ping_status":"open","sticky":false,"template":"","format":"standard","meta":{"footnotes":""},"categories":[38],"tags":[],"class_list":["post-31997","post","type-post","status-publish","format-standard","has-post-thumbnail","hentry","category-regional"],"jetpack_featured_media_url":"https:\/\/radiorevelacionfm.cl\/wp-content\/uploads\/2023\/06\/Minvu-y-Gobierno-1-1.jpg","_links":{"self":[{"href":"https:\/\/radiorevelacionfm.cl\/index.php?rest_route=\/wp\/v2\/posts\/31997","targetHints":{"allow":["GET"]}}],"collection":[{"href":"https:\/\/radiorevelacionfm.cl\/index.php?rest_route=\/wp\/v2\/posts"}],"about":[{"href":"https:\/\/radiorevelacionfm.cl\/index.php?rest_route=\/wp\/v2\/types\/post"}],"author":[{"embeddable":true,"href":"https:\/\/radiorevelacionfm.cl\/index.php?rest_route=\/wp\/v2\/users\/1"}],"replies":[{"embeddable":true,"href":"https:\/\/radiorevelacionfm.cl\/index.php?rest_route=%2Fwp%2Fv2%2Fcomments&post=31997"}],"version-history":[{"count":1,"href":"https:\/\/radiorevelacionfm.cl\/index.php?rest_route=\/wp\/v2\/posts\/31997\/revisions"}],"predecessor-version":[{"id":31999,"href":"https:\/\/radiorevelacionfm.cl\/index.php?rest_route=\/wp\/v2\/posts\/31997\/revisions\/31999"}],"wp:featuredmedia":[{"embeddable":true,"href":"https:\/\/radiorevelacionfm.cl\/index.php?rest_route=\/wp\/v2\/media\/31998"}],"wp:attachment":[{"href":"https:\/\/radiorevelacionfm.cl\/index.php?rest_route=%2Fwp%2Fv2%2Fmedia&parent=31997"}],"wp:term":[{"taxonomy":"category","embeddable":true,"href":"https:\/\/radiorevelacionfm.cl\/index.php?rest_route=%2Fwp%2Fv2%2Fcategories&post=31997"},{"taxonomy":"post_tag","embeddable":true,"href":"https:\/\/radiorevelacionfm.cl\/index.php?rest_route=%2Fwp%2Fv2%2Ftags&post=31997"}],"curies":[{"name":"wp","href":"https:\/\/api.w.org\/{rel}","templated":true}]}}