{"id":31993,"date":"2023-06-14T13:28:02","date_gmt":"2023-06-14T16:28:02","guid":{"rendered":"https:\/\/radiorevelacionfm.cl\/?p=31993"},"modified":"2023-06-14T13:28:02","modified_gmt":"2023-06-14T16:28:02","slug":"tramitacion-del-bono-invierno-extra-avanza-al-senado-y-de-ser-aprobado-beneficiara-a-cerca-de-9-500-ayseninos-as","status":"publish","type":"post","link":"https:\/\/radiorevelacionfm.cl\/?p=31993","title":{"rendered":"Tramitaci\u00f3n del Bono invierno extra avanza al Senado y de ser aprobado beneficiar\u00e1 a cerca de 9.500 ayseninos\/as"},"content":{"rendered":"<div class=\"flex_column av_one_full  flex_column_div av-zero-column-padding first  avia-builder-el-0  el_before_av_one_full  avia-builder-el-first  \" style='border-radius:0px; '><div  class='avia-image-container  av-styling-    avia-builder-el-1  avia-builder-el-no-sibling  avia-align-center '  itemprop=\"image\" itemscope=\"itemscope\" itemtype=\"https:\/\/schema.org\/ImageObject\"  ><div class='avia-image-container-inner'><div class='avia-image-overlay-wrap'><img decoding=\"async\" class='wp-image-31995 avia-img-lazy-loading-not-31995 avia_image' src=\"https:\/\/radiorevelacionfm.cl\/wp-content\/uploads\/2023\/06\/bono-invierno-extra_trabprevsoc_ips_sraelvira-2-1_optimized-1.jpg\" alt='' title='bono-invierno-extra_trabprevsoc_ips_sraelvira-2-(1)_optimized (1)' height=\"600\" width=\"1121\"  itemprop=\"thumbnailUrl\" srcset=\"https:\/\/radiorevelacionfm.cl\/wp-content\/uploads\/2023\/06\/bono-invierno-extra_trabprevsoc_ips_sraelvira-2-1_optimized-1.jpg 1121w, https:\/\/radiorevelacionfm.cl\/wp-content\/uploads\/2023\/06\/bono-invierno-extra_trabprevsoc_ips_sraelvira-2-1_optimized-1-300x161.jpg 300w, https:\/\/radiorevelacionfm.cl\/wp-content\/uploads\/2023\/06\/bono-invierno-extra_trabprevsoc_ips_sraelvira-2-1_optimized-1-1030x551.jpg 1030w, https:\/\/radiorevelacionfm.cl\/wp-content\/uploads\/2023\/06\/bono-invierno-extra_trabprevsoc_ips_sraelvira-2-1_optimized-1-768x411.jpg 768w, https:\/\/radiorevelacionfm.cl\/wp-content\/uploads\/2023\/06\/bono-invierno-extra_trabprevsoc_ips_sraelvira-2-1_optimized-1-705x377.jpg 705w, https:\/\/radiorevelacionfm.cl\/wp-content\/uploads\/2023\/06\/bono-invierno-extra_trabprevsoc_ips_sraelvira-2-1_optimized-1-450x241.jpg 450w, https:\/\/radiorevelacionfm.cl\/wp-content\/uploads\/2023\/06\/bono-invierno-extra_trabprevsoc_ips_sraelvira-2-1_optimized-1-600x321.jpg 600w\" sizes=\"(max-width: 1121px) 100vw, 1121px\" \/><\/div><\/div><\/div><\/div><div class=\"flex_column av_one_full  flex_column_div av-zero-column-padding first  avia-builder-el-2  el_after_av_one_full  el_before_av_one_full  column-top-margin\" style='border-radius:0px; '><section class=\"av_textblock_section \"  itemscope=\"itemscope\" itemtype=\"https:\/\/schema.org\/BlogPosting\" itemprop=\"blogPost\" ><div class='avia_textblock  '   itemprop=\"text\" ><p style=\"text-align: center;\"><strong><span style=\"font-size: 18pt;\">Tramitaci\u00f3n del Bono invierno extra avanza al Senado y de ser aprobado beneficiar\u00e1 a cerca de 9.500 ayseninos\/as<\/span><\/strong><\/p>\n<div id=\"gtx-trans\" style=\"position: absolute; left: -50px; top: 4.31534px;\">\n<div class=\"gtx-trans-icon\"><\/div>\n<\/div>\n<\/div><\/section><\/div><div class=\"flex_column av_one_full  flex_column_div av-zero-column-padding first  avia-builder-el-4  el_after_av_one_full  el_before_av_hr  column-top-margin\" style='border-radius:0px; '><section class=\"av_textblock_section \"  itemscope=\"itemscope\" itemtype=\"https:\/\/schema.org\/BlogPosting\" itemprop=\"blogPost\" ><div class='avia_textblock  '   itemprop=\"text\" ><p class=\"v1MsoNormal\" style=\"text-align: justify;\"><span lang=\"ES-MX\">Hoy se aprob\u00f3 en la C\u00e1mara de Diputados el proyecto de ley que entrega un bono de invierno extra y pasa a discusi\u00f3n al Senado, el cual fue uno de los anuncios realizados por el Presidente Boric en su cuenta p\u00fablica a inicios de este mes.<\/span><\/p>\n<p class=\"v1MsoNormal\" style=\"text-align: justify;\"><span lang=\"ES-MX\">De este modo, el proyecto pasa a discusi\u00f3n al Senado, agradeciendo el Seremi de Trabajo y Previsi\u00f3n Social, Rodrigo D\u00edaz, el apoyo del Congreso, \u00abestamos con esto avanzando y cumpliendo lo que se\u00f1al\u00f3 el Presidente Gabriel Boric en su cuenta p\u00fablica, as\u00ed es que desde la cartera de Trabajo y Previsi\u00f3n Social nos estamos haciendo cargo. Esperamos que este bono de invierno extra -por $60.000 que se va a pagar de la misma manera que se pag\u00f3 la vez anterior- a fin de mes o principios del mes de julio podemos estar pagando esto y, de todas maneras, agradecer hasta ahora el apoyo de los parlamentarios\u00bb, coment\u00f3 el Seremi D\u00edaz.<\/span><\/p>\n<p class=\"v1MsoNormal\" style=\"text-align: justify;\"><span lang=\"ES-MX\">En la misma l\u00ednea, la Seremi Karina Acevedo de Desarrollo Social y Familia en Ays\u00e9n, explic\u00f3 que el Bono Invierno ya benefici\u00f3 a cerca de 1,6 millones a nivel nacional y es parte de las iniciativas de seguridad econ\u00f3mica impulsadas por el Gobierno, que se suman al Bolsillo Electr\u00f3nico, la duplicaci\u00f3n del Bono Marzo, la eliminaci\u00f3n de la tarifa invierno en las cuentas de electricidad, el copago 0 en Fonasa o el Subsidio de Calefacci\u00f3n para la Regi\u00f3n de Ays\u00e9n, adem\u00e1s del hist\u00f3rico aumento al sueldo m\u00ednimo. \u00abAhora como Gobierno queremos incrementar en $60.000 adicionales el Bono Invierno para llegar a $134.767, es una muestra del compromiso adoptado por nuestro Gobierno por mejorar las condiciones de seguridad econ\u00f3mica y social de los y las trabajadoras de Chile y sus familias. Estamos dando cumplimiento a nuestros compromisos, lo que nos hace estar\u00a0muy\u00a0contentos\u00bb, afirm\u00f3.<\/span><\/p>\n<p class=\"v1MsoNormal\" style=\"text-align: justify;\"><b><u><span lang=\"ES\">Bono Invierno<\/span><\/u><\/b><\/p>\n<p class=\"v1MsoNormal\" style=\"text-align: justify;\"><span lang=\"ES-MX\">Daniela Catal\u00e1n, jefa de la sucursal Coyhaique del Instituto de Previsi\u00f3n Social, IPS ChileAtiende, se refiri\u00f3 al pago del bono invierno ya realizado en mayo, cuyo beneficio se quiere complementar con este proyecto de ley, \u00abComo es costumbre, en el mes de mayo se entrega el bono invierno que corresponde a un valor de $74.767. Este es un beneficio que es para los pensionados mayores de 65 a\u00f1os, no es postulable, es cumpliendo los requisitos ya establecidos. Ac\u00e1 en la regi\u00f3n de Ays\u00e9n, se pag\u00f3 a alrededor de 9.500 pensionados, quienes recibieron este beneficio. El Estado para entregar este beneficio invirti\u00f3 en esta regi\u00f3n alrededor de $708 millones\u00bb, manifest\u00f3.<\/span><\/p>\n<p class=\"v1MsoNormal\" style=\"text-align: justify;\"><span lang=\"ES-MX\">Elvira Belmar fue una de las adultas mayores que recibi\u00f3 ya el bono invierno tradicional junto a su pensi\u00f3n en mayo, comentando sobre el bono de invierno extra que est\u00e1 actualmente en tr\u00e1mite, \u00abFant\u00e1stico, porque uno como adulto mayor ya no puede trabajar y este bono que el Presidente nos da, yo creo que nos cae muy bien para todas las personas adultas mayores, para nuestro bolsillo y comprar nuestras cosas, todo ha subido aqu\u00ed en Coyhaique, est\u00e1 super caro. Es estupendo, muy agradecida\u00bb.<\/span><\/p>\n<p class=\"v1MsoNormal\" style=\"text-align: justify;\"><b><u><span lang=\"ES-MX\">\u00bfQui\u00e9nes recibir\u00edan el aporte extraordinario del Bono Invierno 2023?<\/span><\/u><\/b><b><u><\/u><\/b><\/p>\n<p class=\"v1MsoNormal\" style=\"text-align: justify;\"><span lang=\"ES-MX\">Las\u00a0personas que recibir\u00e1n el aporte extraordinario\u00a0del Bono Invierno 2023 son quienes ya recibieron el bono tradicional de invierno, es decir, personas mayores de 65 o m\u00e1s a\u00f1os, cumplidos al 1 de mayo de 2023, que sean:<\/span><\/p>\n<p class=\"v1MsoNormal\" style=\"text-align: justify;\"><span lang=\"ES-MX\">\u00b7 <\/span><span lang=\"ES-MX\">Los pensionados del Instituto de Previsi\u00f3n Social, del Instituto de Seguridad Laboral, de las Cajas de Previsi\u00f3n y de las Mutualidades de Empleadores de la ley N\u00ba16.744, cuyas pensiones sean de un monto inferior o igual al valor de la pensi\u00f3n m\u00ednima de vejez del art\u00edculo 26 de la ley N\u00ba15.386, para pensionados de 75 o m\u00e1s a\u00f1os de edad, a la fecha de pago del beneficio;<\/span><\/p>\n<p class=\"v1MsoNormal\" style=\"text-align: justify;\"><span lang=\"ES-MX\">\u00b7 <\/span><span lang=\"ES-MX\">Los pensionados del sistema establecido en el decreto ley N\u00ba3.500, de 1980, que se encuentren percibiendo pensiones m\u00ednimas con garant\u00eda estatal, conforme al t\u00edtulo VII de dicho cuerpo legal;\u00a0<\/span><\/p>\n<p class=\"v1MsoNormal\" style=\"text-align: justify;\"><span lang=\"ES-MX\">\u00b7 <\/span><span lang=\"ES-MX\">Los pensionados del sistema establecido en el referido decreto ley que se encuentren percibiendo un aporte previsional solidario de vejez, cuyas pensiones sean de un monto inferior o igual al valor de la pensi\u00f3n m\u00ednima de vejez del art\u00edculo 26 de la ley N\u00ba15.386, para pensionados de 75 o m\u00e1s a\u00f1os de edad, a la fecha de pago del beneficio;\u00a0<\/span><\/p>\n<p class=\"v1MsoNormal\" style=\"text-align: justify;\"><span lang=\"ES-MX\">\u00b7 <\/span><span lang=\"ES-MX\">Los beneficiarios de la pensi\u00f3n garantizada universal, siempre que no tuvieran derecho a otra pensi\u00f3n en alg\u00fan r\u00e9gimen previsional.\u00a0<\/span><\/p>\n<p class=\"v1MsoNormal\" style=\"text-align: justify;\"><span lang=\"ES-MX\">\u00b7 <\/span><span lang=\"ES-MX\">Los pensionados de alg\u00fan r\u00e9gimen previsional que, adicionalmente, se encuentren percibiendo una pensi\u00f3n garantizada universal y cuyas pensiones sean de un monto inferior o igual al valor de la pensi\u00f3n m\u00ednima de vejez del art\u00edculo 26 de la ley N\u00ba15.386, para pensionados de 75 o m\u00e1s a\u00f1os de edad, a la fecha de pago del beneficio.<\/span><\/p>\n<p style=\"text-align: justify;\"><span lang=\"ES-MX\">Ante dudas, se puede acudir a las sucursales de IPS ChileAtiende, llamar al call center 101 o visitar el sitio web\u00a0<a href=\"http:\/\/www.chileatiende.cl\/\" target=\"_blank\" rel=\"noopener noreferrer\">www.chileatiende.cl<\/a>.<\/span><\/p>\n<\/div><\/section><\/div><div  style='height:50px' class='hr hr-invisible   avia-builder-el-6  el_after_av_one_full  el_before_av_social_share '><span class='hr-inner ' ><span class='hr-inner-style'><\/span><\/span><\/div><\/p>\n<div  class='av-social-sharing-box  avia-builder-el-7  el_after_av_hr  el_before_av_hr  '><div class='av-share-box'><h5 class='av-share-link-description av-no-toc '>Compartir esta noticia<\/h5><ul class='av-share-box-list noLightbox'><li class='av-share-link av-social-link-facebook' ><a target=\"_blank\" aria-label=\"Compartir en Facebook\" href='https:\/\/www.facebook.com\/sharer.php?u=https:\/\/radiorevelacionfm.cl\/?p=31993&#038;t=Tramitaci%C3%B3n%20del%20Bono%20invierno%20extra%20avanza%20al%20Senado%20y%20de%20ser%20aprobado%20beneficiar%C3%A1%20a%20cerca%20de%209.500%20ayseninos%2Fas' aria-hidden='false' data-av_icon='\ue8f3' data-av_iconfont='entypo-fontello' title='' data-avia-related-tooltip='Compartir en Facebook' rel=\"noopener\"><span class='avia_hidden_link_text'>Compartir en Facebook<\/span><\/a><\/li><li class='av-share-link av-social-link-twitter' ><a target=\"_blank\" aria-label=\"Compartir en Twitter\" href='https:\/\/twitter.com\/share?text=Tramitaci%C3%B3n%20del%20Bono%20invierno%20extra%20avanza%20al%20Senado%20y%20de%20ser%20aprobado%20beneficiar%C3%A1%20a%20cerca%20de%209.500%20ayseninos%2Fas&#038;url=https:\/\/radiorevelacionfm.cl\/?p=31993' aria-hidden='false' data-av_icon='\ue8f1' data-av_iconfont='entypo-fontello' title='' data-avia-related-tooltip='Compartir en Twitter' rel=\"noopener\"><span class='avia_hidden_link_text'>Compartir en Twitter<\/span><\/a><\/li><li class='av-share-link av-social-link-whatsapp' ><a target=\"_blank\" aria-label=\"Compartir en Whatsapp\" href='https:\/\/api.whatsapp.com\/send?text=https:\/\/radiorevelacionfm.cl\/?p=31993' aria-hidden='false' data-av_icon='\uf232' data-av_iconfont='entypo-fontello' title='' data-avia-related-tooltip='Compartir en Whatsapp' rel=\"noopener\"><span class='avia_hidden_link_text'>Compartir en Whatsapp<\/span><\/a><\/li><li class='av-share-link av-social-link-linkedin' ><a target=\"_blank\" aria-label=\"Compartir en LinkedIn\" href='https:\/\/linkedin.com\/shareArticle?mini=true&#038;title=Tramitaci%C3%B3n%20del%20Bono%20invierno%20extra%20avanza%20al%20Senado%20y%20de%20ser%20aprobado%20beneficiar%C3%A1%20a%20cerca%20de%209.500%20ayseninos%2Fas&#038;url=https:\/\/radiorevelacionfm.cl\/?p=31993' aria-hidden='false' data-av_icon='\ue8fc' data-av_iconfont='entypo-fontello' title='' data-avia-related-tooltip='Compartir en LinkedIn' rel=\"noopener\"><span class='avia_hidden_link_text'>Compartir en LinkedIn<\/span><\/a><\/li><li class='av-share-link av-social-link-mail' ><a  aria-label=\"Compartir por correo\" href='mailto:?subject=Tramitaci%C3%B3n%20del%20Bono%20invierno%20extra%20avanza%20al%20Senado%20y%20de%20ser%20aprobado%20beneficiar%C3%A1%20a%20cerca%20de%209.500%20ayseninos%2Fas&#038;body=https:\/\/radiorevelacionfm.cl\/?p=31993' aria-hidden='false' data-av_icon='\ue805' data-av_iconfont='entypo-fontello' title='' data-avia-related-tooltip='Compartir por correo'><span class='avia_hidden_link_text'>Compartir por correo<\/span><\/a><\/li><\/ul><\/div><\/div>\n<div  style='height:50px' class='hr hr-invisible   avia-builder-el-8  el_after_av_social_share  el_before_av_comments_list '><span class='hr-inner ' ><span class='hr-inner-style'><\/span><\/span><\/div>\n<div  class='av-buildercomment  av-blog-meta-html-info-disabled av-blog-meta-tag-disabled  '><\/div>\n","protected":false},"excerpt":{"rendered":"","protected":false},"author":1,"featured_media":31995,"comment_status":"open","ping_status":"open","sticky":false,"template":"","format":"standard","meta":{"footnotes":""},"categories":[56],"tags":[],"class_list":["post-31993","post","type-post","status-publish","format-standard","has-post-thumbnail","hentry","category-trabajo"],"jetpack_featured_media_url":"https:\/\/radiorevelacionfm.cl\/wp-content\/uploads\/2023\/06\/bono-invierno-extra_trabprevsoc_ips_sraelvira-2-1_optimized-1.jpg","_links":{"self":[{"href":"https:\/\/radiorevelacionfm.cl\/index.php?rest_route=\/wp\/v2\/posts\/31993","targetHints":{"allow":["GET"]}}],"collection":[{"href":"https:\/\/radiorevelacionfm.cl\/index.php?rest_route=\/wp\/v2\/posts"}],"about":[{"href":"https:\/\/radiorevelacionfm.cl\/index.php?rest_route=\/wp\/v2\/types\/post"}],"author":[{"embeddable":true,"href":"https:\/\/radiorevelacionfm.cl\/index.php?rest_route=\/wp\/v2\/users\/1"}],"replies":[{"embeddable":true,"href":"https:\/\/radiorevelacionfm.cl\/index.php?rest_route=%2Fwp%2Fv2%2Fcomments&post=31993"}],"version-history":[{"count":1,"href":"https:\/\/radiorevelacionfm.cl\/index.php?rest_route=\/wp\/v2\/posts\/31993\/revisions"}],"predecessor-version":[{"id":31996,"href":"https:\/\/radiorevelacionfm.cl\/index.php?rest_route=\/wp\/v2\/posts\/31993\/revisions\/31996"}],"wp:featuredmedia":[{"embeddable":true,"href":"https:\/\/radiorevelacionfm.cl\/index.php?rest_route=\/wp\/v2\/media\/31995"}],"wp:attachment":[{"href":"https:\/\/radiorevelacionfm.cl\/index.php?rest_route=%2Fwp%2Fv2%2Fmedia&parent=31993"}],"wp:term":[{"taxonomy":"category","embeddable":true,"href":"https:\/\/radiorevelacionfm.cl\/index.php?rest_route=%2Fwp%2Fv2%2Fcategories&post=31993"},{"taxonomy":"post_tag","embeddable":true,"href":"https:\/\/radiorevelacionfm.cl\/index.php?rest_route=%2Fwp%2Fv2%2Ftags&post=31993"}],"curies":[{"name":"wp","href":"https:\/\/api.w.org\/{rel}","templated":true}]}}