{"id":31990,"date":"2023-06-13T21:31:34","date_gmt":"2023-06-14T00:31:34","guid":{"rendered":"https:\/\/radiorevelacionfm.cl\/?p=31990"},"modified":"2023-06-13T21:31:34","modified_gmt":"2023-06-14T00:31:34","slug":"se-inicio-proceso-de-vacunacion-domiciliaria-para-ninos-y-adultos-mayores-en-coyhaique","status":"publish","type":"post","link":"https:\/\/radiorevelacionfm.cl\/?p=31990","title":{"rendered":"Se inici\u00f3 proceso de vacunaci\u00f3n domiciliaria para ni\u00f1os y adultos mayores en Coyhaique"},"content":{"rendered":"<div class=\"flex_column av_one_full  flex_column_div av-zero-column-padding first  avia-builder-el-0  el_before_av_one_full  avia-builder-el-first  \" style='border-radius:0px; '><div  class='avia-image-container  av-styling-    avia-builder-el-1  avia-builder-el-no-sibling  avia-align-center '  itemprop=\"image\" itemscope=\"itemscope\" itemtype=\"https:\/\/schema.org\/ImageObject\"  ><div class='avia-image-container-inner'><div class='avia-image-overlay-wrap'><img decoding=\"async\" class='wp-image-31991 avia-img-lazy-loading-not-31991 avia_image' src=\"https:\/\/radiorevelacionfm.cl\/wp-content\/uploads\/2023\/06\/seremi-de-salud-1-1.jpeg\" alt='' title='seremi de salud (1) (1)' height=\"600\" width=\"800\"  itemprop=\"thumbnailUrl\" srcset=\"https:\/\/radiorevelacionfm.cl\/wp-content\/uploads\/2023\/06\/seremi-de-salud-1-1.jpeg 800w, https:\/\/radiorevelacionfm.cl\/wp-content\/uploads\/2023\/06\/seremi-de-salud-1-1-300x225.jpeg 300w, https:\/\/radiorevelacionfm.cl\/wp-content\/uploads\/2023\/06\/seremi-de-salud-1-1-768x576.jpeg 768w, https:\/\/radiorevelacionfm.cl\/wp-content\/uploads\/2023\/06\/seremi-de-salud-1-1-705x529.jpeg 705w, https:\/\/radiorevelacionfm.cl\/wp-content\/uploads\/2023\/06\/seremi-de-salud-1-1-450x338.jpeg 450w, https:\/\/radiorevelacionfm.cl\/wp-content\/uploads\/2023\/06\/seremi-de-salud-1-1-600x450.jpeg 600w\" sizes=\"(max-width: 800px) 100vw, 800px\" \/><\/div><\/div><\/div><\/div><div class=\"flex_column av_one_full  flex_column_div av-zero-column-padding first  avia-builder-el-2  el_after_av_one_full  el_before_av_one_full  column-top-margin\" style='border-radius:0px; '><section class=\"av_textblock_section \"  itemscope=\"itemscope\" itemtype=\"https:\/\/schema.org\/BlogPosting\" itemprop=\"blogPost\" ><div class='avia_textblock  '   itemprop=\"text\" ><p style=\"text-align: center;\"><strong><span style=\"font-size: 18pt;\">Se inici\u00f3 proceso de vacunaci\u00f3n domiciliaria para ni\u00f1os y adultos mayores en Coyhaique<\/span><\/strong><\/p>\n<div id=\"gtx-trans\" style=\"position: absolute; left: -50px; top: 4.31534px;\">\n<div class=\"gtx-trans-icon\"><\/div>\n<\/div>\n<\/div><\/section><\/div><div class=\"flex_column av_one_full  flex_column_div av-zero-column-padding first  avia-builder-el-4  el_after_av_one_full  el_before_av_hr  column-top-margin\" style='border-radius:0px; '><section class=\"av_textblock_section \"  itemscope=\"itemscope\" itemtype=\"https:\/\/schema.org\/BlogPosting\" itemprop=\"blogPost\" ><div class='avia_textblock  '   itemprop=\"text\" ><p style=\"text-align: justify;\">A contar de este mes, durante todos los d\u00edas martes, la Secretar\u00eda Ministerial de Salud llevar\u00e1 a cabo un reporte semanal sobre enfermedades respiratorias, actividad que fue anunciada en un punto de prensa que cont\u00f3 con la participaci\u00f3n del Delegado Presidencial Regional, los Seremis de Trabajo y Educaci\u00f3n, adem\u00e1s del Subdirector de Gesti\u00f3n Asistencial del Servicio Salud Ays\u00e9n, quienes a trav\u00e9s de sus respectivas carteras reforzaron las medidas preventivas en el marco de la #Campa\u00f1aDeInvierno.<\/p>\n<p style=\"text-align: justify;\">As\u00ed lo manifest\u00f3 el Delegado Presidencial Regional, Rodrigo Araya Morales, quien se\u00f1al\u00f3 que si bien esta semana se ha registrado un descenso de consultas por virus respiratorios, esta situaci\u00f3n es din\u00e1mica y puede cambiar, por lo que todas las semanas se entregar\u00e1 un reporte para la informaci\u00f3n de la comunidad. \u201cEsta alta circulaci\u00f3n de virus respiratorios es una situaci\u00f3n que se preve\u00eda, desde enero el Ministerio de Salud ha estado haciendo planificaci\u00f3n con respecto a las actividades que tenemos que reforzar en estas fechas. Nosotros tuvimos una alta circulaci\u00f3n de virus influenza hace unas semanas atr\u00e1s y las atenciones en los servicios de urgencia han tenido una disminuci\u00f3n en estos d\u00edas, lo que no significa que haya menos riesgo, es por eso que todos los d\u00edas martes se dar\u00e1n a conocer las cifras y medidas que se est\u00e1n adoptando en la red asistencial para brindar una mejor atenci\u00f3n a las familias de todo el territorio\u201d.<\/p>\n<p style=\"text-align: justify;\">En esta oportunidad, la Seremi de Salud Ays\u00e9n, Carmen Monsalve G\u00f3mez, junto con destacar la importancia del autocuidado en la poblaci\u00f3n, dio a conocer la modalidad de vacunaci\u00f3n domiciliaria que comenz\u00f3 a ejecutar el equipo de vacunaci\u00f3n de la Seremi de Salud. \u201cNosotros hemos implementado un n\u00famero de whatsapp donde invitamos a todas las personas mayores de 65 a\u00f1os, o personas cuidadoras, o aquellos que no han podido acceder a su vacunaci\u00f3n por temas de discapacidad u otra circunstancia, escribirnos a ese n\u00famero de tel\u00e9fono donde nosotros vamos a agendar su vacunaci\u00f3n en el domicilio, sabemos que el rendimiento es mucho menor, si nosotros tuvi\u00e9ramos la participaci\u00f3n activa de la comunidad para poder vacunarse podr\u00edamos avanzar mucho m\u00e1s r\u00e1pido, pero con esta estrategia nos interesa proteger a nuestros adultos mayores\u201d.<\/p>\n<p style=\"text-align: justify;\">El fono de contacto para coordinar el proceso de vacunaci\u00f3n es <strong>+56 9 42663376, donde v\u00eda whatsapp<\/strong>, se busca llegar a ni\u00f1os y ni\u00f1as de 06 meses a 05 a\u00f1os, adem\u00e1s de adultos mayores y personas en situaci\u00f3n de discapacidad en la comuna de Coyhaique (Horarios de atenci\u00f3n, lunes a viernes de 09:00 a 17:00 HRS.)<\/p>\n<p style=\"text-align: justify;\">Finalmente cabe se\u00f1alar que desde la Seremi del Trabajo, se record\u00f3 que ante la contingencia de salud de alta circulaci\u00f3n de virus respiratorios que se est\u00e1 viviendo a nivel pa\u00eds, existe la modalidad de teletrabajo, recordando que est\u00e1 vigente la normativa al estar en alerta sanitaria. Mientras que desde la cartera de Educaci\u00f3n, se reiter\u00f3 que la regi\u00f3n \u2013 desde el punto de vista sanitario- a\u00fan no presenta una situaci\u00f3n delicada como en otras zonas del pa\u00eds, por lo que el llamado siempre ser\u00e1 al autocuidado de los estudiantes, para lo cual se solicit\u00f3 a todos los establecimientos educacionales la flexibilizaci\u00f3n de inasistencias para los alumnos que presenten s\u00edntomas asociados a enfermedades respiratorias que puedan ser tratadas en los propios hogares, con el objeto de no saturar los servicios de atenci\u00f3n en salud en busca de certificados m\u00e9dicos.<\/p>\n<p style=\"text-align: justify;\">El reporte de enfermedades respiratorias se realizar\u00e1 cada martes, al medio d\u00eda, donde se entregar\u00e1 informaci\u00f3n relacionada a virus circulantes, consultas m\u00e9dicas en urgencia, hospitalizaciones y porcentajes de vacunaci\u00f3n.<\/p>\n<\/div><\/section><\/div><div  style='height:50px' class='hr hr-invisible   avia-builder-el-6  el_after_av_one_full  el_before_av_social_share '><span class='hr-inner ' ><span class='hr-inner-style'><\/span><\/span><\/div><\/p>\n<div  class='av-social-sharing-box  avia-builder-el-7  el_after_av_hr  el_before_av_hr  '><div class='av-share-box'><h5 class='av-share-link-description av-no-toc '>Compartir esta noticia<\/h5><ul class='av-share-box-list noLightbox'><li class='av-share-link av-social-link-facebook' ><a target=\"_blank\" aria-label=\"Compartir en Facebook\" href='https:\/\/www.facebook.com\/sharer.php?u=https:\/\/radiorevelacionfm.cl\/?p=31990&#038;t=Se%20inici%C3%B3%20proceso%20de%20vacunaci%C3%B3n%20domiciliaria%20para%20ni%C3%B1os%20y%20adultos%20mayores%20en%20Coyhaique' aria-hidden='false' data-av_icon='\ue8f3' data-av_iconfont='entypo-fontello' title='' data-avia-related-tooltip='Compartir en Facebook' rel=\"noopener\"><span class='avia_hidden_link_text'>Compartir en Facebook<\/span><\/a><\/li><li class='av-share-link av-social-link-twitter' ><a target=\"_blank\" aria-label=\"Compartir en Twitter\" href='https:\/\/twitter.com\/share?text=Se%20inici%C3%B3%20proceso%20de%20vacunaci%C3%B3n%20domiciliaria%20para%20ni%C3%B1os%20y%20adultos%20mayores%20en%20Coyhaique&#038;url=https:\/\/radiorevelacionfm.cl\/?p=31990' aria-hidden='false' data-av_icon='\ue8f1' data-av_iconfont='entypo-fontello' title='' data-avia-related-tooltip='Compartir en Twitter' rel=\"noopener\"><span class='avia_hidden_link_text'>Compartir en Twitter<\/span><\/a><\/li><li class='av-share-link av-social-link-whatsapp' ><a target=\"_blank\" aria-label=\"Compartir en Whatsapp\" href='https:\/\/api.whatsapp.com\/send?text=https:\/\/radiorevelacionfm.cl\/?p=31990' aria-hidden='false' data-av_icon='\uf232' data-av_iconfont='entypo-fontello' title='' data-avia-related-tooltip='Compartir en Whatsapp' rel=\"noopener\"><span class='avia_hidden_link_text'>Compartir en Whatsapp<\/span><\/a><\/li><li class='av-share-link av-social-link-linkedin' ><a target=\"_blank\" aria-label=\"Compartir en LinkedIn\" href='https:\/\/linkedin.com\/shareArticle?mini=true&#038;title=Se%20inici%C3%B3%20proceso%20de%20vacunaci%C3%B3n%20domiciliaria%20para%20ni%C3%B1os%20y%20adultos%20mayores%20en%20Coyhaique&#038;url=https:\/\/radiorevelacionfm.cl\/?p=31990' aria-hidden='false' data-av_icon='\ue8fc' data-av_iconfont='entypo-fontello' title='' data-avia-related-tooltip='Compartir en LinkedIn' rel=\"noopener\"><span class='avia_hidden_link_text'>Compartir en LinkedIn<\/span><\/a><\/li><li class='av-share-link av-social-link-mail' ><a  aria-label=\"Compartir por correo\" href='mailto:?subject=Se%20inici%C3%B3%20proceso%20de%20vacunaci%C3%B3n%20domiciliaria%20para%20ni%C3%B1os%20y%20adultos%20mayores%20en%20Coyhaique&#038;body=https:\/\/radiorevelacionfm.cl\/?p=31990' aria-hidden='false' data-av_icon='\ue805' data-av_iconfont='entypo-fontello' title='' data-avia-related-tooltip='Compartir por correo'><span class='avia_hidden_link_text'>Compartir por correo<\/span><\/a><\/li><\/ul><\/div><\/div>\n<div  style='height:50px' class='hr hr-invisible   avia-builder-el-8  el_after_av_social_share  el_before_av_comments_list '><span class='hr-inner ' ><span class='hr-inner-style'><\/span><\/span><\/div>\n<div  class='av-buildercomment  av-blog-meta-html-info-disabled av-blog-meta-tag-disabled  '><\/div>\n","protected":false},"excerpt":{"rendered":"","protected":false},"author":1,"featured_media":31991,"comment_status":"open","ping_status":"open","sticky":false,"template":"","format":"standard","meta":{"footnotes":""},"categories":[46],"tags":[],"class_list":["post-31990","post","type-post","status-publish","format-standard","has-post-thumbnail","hentry","category-salud"],"jetpack_featured_media_url":"https:\/\/radiorevelacionfm.cl\/wp-content\/uploads\/2023\/06\/seremi-de-salud-1-1.jpeg","_links":{"self":[{"href":"https:\/\/radiorevelacionfm.cl\/index.php?rest_route=\/wp\/v2\/posts\/31990","targetHints":{"allow":["GET"]}}],"collection":[{"href":"https:\/\/radiorevelacionfm.cl\/index.php?rest_route=\/wp\/v2\/posts"}],"about":[{"href":"https:\/\/radiorevelacionfm.cl\/index.php?rest_route=\/wp\/v2\/types\/post"}],"author":[{"embeddable":true,"href":"https:\/\/radiorevelacionfm.cl\/index.php?rest_route=\/wp\/v2\/users\/1"}],"replies":[{"embeddable":true,"href":"https:\/\/radiorevelacionfm.cl\/index.php?rest_route=%2Fwp%2Fv2%2Fcomments&post=31990"}],"version-history":[{"count":1,"href":"https:\/\/radiorevelacionfm.cl\/index.php?rest_route=\/wp\/v2\/posts\/31990\/revisions"}],"predecessor-version":[{"id":31992,"href":"https:\/\/radiorevelacionfm.cl\/index.php?rest_route=\/wp\/v2\/posts\/31990\/revisions\/31992"}],"wp:featuredmedia":[{"embeddable":true,"href":"https:\/\/radiorevelacionfm.cl\/index.php?rest_route=\/wp\/v2\/media\/31991"}],"wp:attachment":[{"href":"https:\/\/radiorevelacionfm.cl\/index.php?rest_route=%2Fwp%2Fv2%2Fmedia&parent=31990"}],"wp:term":[{"taxonomy":"category","embeddable":true,"href":"https:\/\/radiorevelacionfm.cl\/index.php?rest_route=%2Fwp%2Fv2%2Fcategories&post=31990"},{"taxonomy":"post_tag","embeddable":true,"href":"https:\/\/radiorevelacionfm.cl\/index.php?rest_route=%2Fwp%2Fv2%2Ftags&post=31990"}],"curies":[{"name":"wp","href":"https:\/\/api.w.org\/{rel}","templated":true}]}}