{"id":31987,"date":"2023-06-14T15:40:33","date_gmt":"2023-06-14T18:40:33","guid":{"rendered":"https:\/\/radiorevelacionfm.cl\/?p=31987"},"modified":"2023-06-14T15:40:33","modified_gmt":"2023-06-14T18:40:33","slug":"calidad-del-aire-refuerzan-recomendaciones-en-periodo-critico-ante-pronostico-de-bajas-temperaturas","status":"publish","type":"post","link":"https:\/\/radiorevelacionfm.cl\/?p=31987","title":{"rendered":"Calidad del aire: Refuerzan recomendaciones en periodo cr\u00edtico ante pron\u00f3stico de bajas temperaturas"},"content":{"rendered":"<div class=\"flex_column av_one_full  flex_column_div av-zero-column-padding first  avia-builder-el-0  el_before_av_one_full  avia-builder-el-first  \" style='border-radius:0px; '><div  class='avia-image-container  av-styling-    avia-builder-el-1  avia-builder-el-no-sibling  avia-align-center '  itemprop=\"image\" itemscope=\"itemscope\" itemtype=\"https:\/\/schema.org\/ImageObject\"  ><div class='avia-image-container-inner'><div class='avia-image-overlay-wrap'><img decoding=\"async\" class='wp-image-31988 avia-img-lazy-loading-not-31988 avia_image' src=\"https:\/\/radiorevelacionfm.cl\/wp-content\/uploads\/2023\/06\/2-3-1-1_optimized-1.jpg\" alt='' title='2-(3)-(1)-(1)_optimized (1)' height=\"600\" width=\"1014\"  itemprop=\"thumbnailUrl\" srcset=\"https:\/\/radiorevelacionfm.cl\/wp-content\/uploads\/2023\/06\/2-3-1-1_optimized-1.jpg 1014w, https:\/\/radiorevelacionfm.cl\/wp-content\/uploads\/2023\/06\/2-3-1-1_optimized-1-300x178.jpg 300w, https:\/\/radiorevelacionfm.cl\/wp-content\/uploads\/2023\/06\/2-3-1-1_optimized-1-768x454.jpg 768w, https:\/\/radiorevelacionfm.cl\/wp-content\/uploads\/2023\/06\/2-3-1-1_optimized-1-705x417.jpg 705w, https:\/\/radiorevelacionfm.cl\/wp-content\/uploads\/2023\/06\/2-3-1-1_optimized-1-450x266.jpg 450w, https:\/\/radiorevelacionfm.cl\/wp-content\/uploads\/2023\/06\/2-3-1-1_optimized-1-600x355.jpg 600w\" sizes=\"(max-width: 1014px) 100vw, 1014px\" \/><\/div><\/div><\/div><\/div><div class=\"flex_column av_one_full  flex_column_div av-zero-column-padding first  avia-builder-el-2  el_after_av_one_full  el_before_av_one_full  column-top-margin\" style='border-radius:0px; '><section class=\"av_textblock_section \"  itemscope=\"itemscope\" itemtype=\"https:\/\/schema.org\/BlogPosting\" itemprop=\"blogPost\" ><div class='avia_textblock  '   itemprop=\"text\" ><p style=\"text-align: center;\"><span style=\"font-size: 18pt;\"><strong>Calidad del aire: Refuerzan recomendaciones en periodo cr\u00edtico ante pron\u00f3stico de bajas temperaturas<\/strong><\/span><\/p>\n<div id=\"gtx-trans\" style=\"position: absolute; left: -50px; top: 4.31534px;\">\n<div class=\"gtx-trans-icon\"><\/div>\n<\/div>\n<\/div><\/section><\/div><div class=\"flex_column av_one_full  flex_column_div av-zero-column-padding first  avia-builder-el-4  el_after_av_one_full  el_before_av_hr  column-top-margin\" style='border-radius:0px; '><section class=\"av_textblock_section \"  itemscope=\"itemscope\" itemtype=\"https:\/\/schema.org\/BlogPosting\" itemprop=\"blogPost\" ><div class='avia_textblock  '   itemprop=\"text\" ><p style=\"text-align: justify;\">El periodo de Gesti\u00f3n de Episodios cr\u00edticos GEC, corresponde a los 6 meses que transcurren desde abril a septiembre, los m\u00e1s fr\u00edos del calendario; donde junto al monitoreo hora a hora de la calidad del aire en la zona saturada de la ciudad de Coyhaique, se pronostican episodios cr\u00edticos de alerta, pre- emergencia y emergencia ambiental: indicando las restricciones para cada episodio y as\u00ed tambi\u00e9n para todo el periodo GEC.<\/p>\n<p style=\"text-align: justify;\">Ante las condiciones meteorol\u00f3gicas que se avecinan, el SEREMI Subrogante del Medio Ambiente, Carlos D\u00edaz, hizo un llamado a vecinas y vecinos de Coyhaique, a reforzar las medidas, mensaje que extendi\u00f3 adem\u00e1s a todas las localidades de la comunidad regional que tambi\u00e9n hacen uso de le\u00f1a para calefacci\u00f3n, principal fuente de contaminaci\u00f3n atmosf\u00e9rica por material particulado en la zona \u201cseg\u00fan los reportes meteorol\u00f3gicos, para los pr\u00f3ximos d\u00edas esperamos temperaturas bajo cero y poca ventilaci\u00f3n, lo que nos hace vulnerables a experimentar episodios cr\u00edticos de emergencia y pre emergencia, por eso quiero pedir a coyhaiquinos y coyhaiquinas mantenerse atentos al pron\u00f3stico GEC en las redes sociales de la SEREMI, respetando las restricciones, y as\u00ed tambi\u00e9n a la comunidad regional a seguir las recomendaciones y medidas preventivas\u201d, declar\u00f3 D\u00edaz<\/p>\n<p style=\"text-align: justify;\">Del mismo modo, la autoridad detall\u00f3 las pr\u00e1cticas preventivas llamando a preferir calefacci\u00f3n distinta a la le\u00f1a y de no ser posible, usar solo le\u00f1a seca (bajo un 25% de humedad); a mantener el tiraje abierto y encender el fuego sin acelerantes, solo con astillas y papel. As\u00ed tambi\u00e9n recomend\u00f3 ventilar las viviendas entre las 12.00 y 15:00 hrs; no fumar en espacios cerrados y especialmente promover el uso de mascarillas en adultos mayores, enfermos cr\u00f3nicos y embarazadas.<\/p>\n<p style=\"text-align: justify;\">Para la zona saturada de Coyhaique, durante la GEC, las medidas restrictivas permanentes y fiscalizadas por la Superintendencia del Medio Ambiente SMA, consideran la prohibici\u00f3n del uso de calefactores a le\u00f1a en establecimientos comerciales y en dependencias de organismos de la administraci\u00f3n del Estado y municipales; y la comercializaci\u00f3n de le\u00f1a sobre un 25% de humedad. Adem\u00e1s, se proh\u00edbe el uso del fuego para la quema de rastrojos, y de cualquier tipo de vegetaci\u00f3n viva o muerta en terrenos agr\u00edcolas, ganaderos o de aptitud preferentemente forestal dentro de la zona suscrita al plan. Finalmente se proh\u00edbe la quema de neum\u00e1ticos, hojas secas, ramas y\/o todo tipo de residuos al aire libre, en la v\u00eda p\u00fablica o recintos privados.<\/p>\n<p style=\"text-align: justify;\">Respecto a las medidas prohibitivas para cada episodio cr\u00edtico, estas son fiscalizadas por la SEREMI de Salud y corresponde: para los episodios de ALERTA, la prohibici\u00f3n del uso de m\u00e1s de un artefacto a le\u00f1a por vivienda durante las 24 horas del d\u00eda, mientras que para los episodios de PRE-EMERGENCIA y EMERGENCIA adem\u00e1s se fiscalizar\u00e1n humos visibles y funcionamiento de calderas con emisiones mayores a 50 mg\/m3N.<\/p>\n<p style=\"text-align: justify;\">\u201cEs importante, adem\u00e1s, seguir las recomendaciones de nuestra SEREMI de Salud en alerta sanitaria por virus respiratorios y sumarse tambi\u00e9n a la campa\u00f1a de invierno, cuidar nuestra calidad del aire es cuidar nuestra salud y para evitar episodios cr\u00edticos de emergencia en los pr\u00f3ximos d\u00edas, requerimos del compromiso de todas y todos\u201d, concluy\u00f3.<\/p>\n<\/div><\/section><\/div><div  style='height:50px' class='hr hr-invisible   avia-builder-el-6  el_after_av_one_full  el_before_av_social_share '><span class='hr-inner ' ><span class='hr-inner-style'><\/span><\/span><\/div><\/p>\n<div  class='av-social-sharing-box  avia-builder-el-7  el_after_av_hr  el_before_av_hr  '><div class='av-share-box'><h5 class='av-share-link-description av-no-toc '>Compartir esta noticia<\/h5><ul class='av-share-box-list noLightbox'><li class='av-share-link av-social-link-facebook' ><a target=\"_blank\" aria-label=\"Compartir en Facebook\" href='https:\/\/www.facebook.com\/sharer.php?u=https:\/\/radiorevelacionfm.cl\/?p=31987&#038;t=Calidad%20del%20aire%3A%20Refuerzan%20recomendaciones%20en%20periodo%20cr%C3%ADtico%20ante%20pron%C3%B3stico%20de%20bajas%20temperaturas' aria-hidden='false' data-av_icon='\ue8f3' data-av_iconfont='entypo-fontello' title='' data-avia-related-tooltip='Compartir en Facebook' rel=\"noopener\"><span class='avia_hidden_link_text'>Compartir en Facebook<\/span><\/a><\/li><li class='av-share-link av-social-link-twitter' ><a target=\"_blank\" aria-label=\"Compartir en Twitter\" href='https:\/\/twitter.com\/share?text=Calidad%20del%20aire%3A%20Refuerzan%20recomendaciones%20en%20periodo%20cr%C3%ADtico%20ante%20pron%C3%B3stico%20de%20bajas%20temperaturas&#038;url=https:\/\/radiorevelacionfm.cl\/?p=31987' aria-hidden='false' data-av_icon='\ue8f1' data-av_iconfont='entypo-fontello' title='' data-avia-related-tooltip='Compartir en Twitter' rel=\"noopener\"><span class='avia_hidden_link_text'>Compartir en Twitter<\/span><\/a><\/li><li class='av-share-link av-social-link-whatsapp' ><a target=\"_blank\" aria-label=\"Compartir en Whatsapp\" href='https:\/\/api.whatsapp.com\/send?text=https:\/\/radiorevelacionfm.cl\/?p=31987' aria-hidden='false' data-av_icon='\uf232' data-av_iconfont='entypo-fontello' title='' data-avia-related-tooltip='Compartir en Whatsapp' rel=\"noopener\"><span class='avia_hidden_link_text'>Compartir en Whatsapp<\/span><\/a><\/li><li class='av-share-link av-social-link-linkedin' ><a target=\"_blank\" aria-label=\"Compartir en LinkedIn\" href='https:\/\/linkedin.com\/shareArticle?mini=true&#038;title=Calidad%20del%20aire%3A%20Refuerzan%20recomendaciones%20en%20periodo%20cr%C3%ADtico%20ante%20pron%C3%B3stico%20de%20bajas%20temperaturas&#038;url=https:\/\/radiorevelacionfm.cl\/?p=31987' aria-hidden='false' data-av_icon='\ue8fc' data-av_iconfont='entypo-fontello' title='' data-avia-related-tooltip='Compartir en LinkedIn' rel=\"noopener\"><span class='avia_hidden_link_text'>Compartir en LinkedIn<\/span><\/a><\/li><li class='av-share-link av-social-link-mail' ><a  aria-label=\"Compartir por correo\" href='mailto:?subject=Calidad%20del%20aire%3A%20Refuerzan%20recomendaciones%20en%20periodo%20cr%C3%ADtico%20ante%20pron%C3%B3stico%20de%20bajas%20temperaturas&#038;body=https:\/\/radiorevelacionfm.cl\/?p=31987' aria-hidden='false' data-av_icon='\ue805' data-av_iconfont='entypo-fontello' title='' data-avia-related-tooltip='Compartir por correo'><span class='avia_hidden_link_text'>Compartir por correo<\/span><\/a><\/li><\/ul><\/div><\/div>\n<div  style='height:50px' class='hr hr-invisible   avia-builder-el-8  el_after_av_social_share  el_before_av_comments_list '><span class='hr-inner ' ><span class='hr-inner-style'><\/span><\/span><\/div>\n<div  class='av-buildercomment  av-blog-meta-html-info-disabled av-blog-meta-tag-disabled  '><\/div>\n","protected":false},"excerpt":{"rendered":"","protected":false},"author":1,"featured_media":31988,"comment_status":"open","ping_status":"open","sticky":false,"template":"","format":"standard","meta":{"footnotes":""},"categories":[38],"tags":[],"class_list":["post-31987","post","type-post","status-publish","format-standard","has-post-thumbnail","hentry","category-regional"],"jetpack_featured_media_url":"https:\/\/radiorevelacionfm.cl\/wp-content\/uploads\/2023\/06\/2-3-1-1_optimized-1.jpg","_links":{"self":[{"href":"https:\/\/radiorevelacionfm.cl\/index.php?rest_route=\/wp\/v2\/posts\/31987","targetHints":{"allow":["GET"]}}],"collection":[{"href":"https:\/\/radiorevelacionfm.cl\/index.php?rest_route=\/wp\/v2\/posts"}],"about":[{"href":"https:\/\/radiorevelacionfm.cl\/index.php?rest_route=\/wp\/v2\/types\/post"}],"author":[{"embeddable":true,"href":"https:\/\/radiorevelacionfm.cl\/index.php?rest_route=\/wp\/v2\/users\/1"}],"replies":[{"embeddable":true,"href":"https:\/\/radiorevelacionfm.cl\/index.php?rest_route=%2Fwp%2Fv2%2Fcomments&post=31987"}],"version-history":[{"count":1,"href":"https:\/\/radiorevelacionfm.cl\/index.php?rest_route=\/wp\/v2\/posts\/31987\/revisions"}],"predecessor-version":[{"id":31989,"href":"https:\/\/radiorevelacionfm.cl\/index.php?rest_route=\/wp\/v2\/posts\/31987\/revisions\/31989"}],"wp:featuredmedia":[{"embeddable":true,"href":"https:\/\/radiorevelacionfm.cl\/index.php?rest_route=\/wp\/v2\/media\/31988"}],"wp:attachment":[{"href":"https:\/\/radiorevelacionfm.cl\/index.php?rest_route=%2Fwp%2Fv2%2Fmedia&parent=31987"}],"wp:term":[{"taxonomy":"category","embeddable":true,"href":"https:\/\/radiorevelacionfm.cl\/index.php?rest_route=%2Fwp%2Fv2%2Fcategories&post=31987"},{"taxonomy":"post_tag","embeddable":true,"href":"https:\/\/radiorevelacionfm.cl\/index.php?rest_route=%2Fwp%2Fv2%2Ftags&post=31987"}],"curies":[{"name":"wp","href":"https:\/\/api.w.org\/{rel}","templated":true}]}}