{"id":31983,"date":"2023-06-13T20:30:23","date_gmt":"2023-06-13T23:30:23","guid":{"rendered":"https:\/\/radiorevelacionfm.cl\/?p=31983"},"modified":"2023-06-13T20:30:23","modified_gmt":"2023-06-13T23:30:23","slug":"foro-cultural-abre-espacios-de-dialogo-entre-agentes-territoriales-de-la-region","status":"publish","type":"post","link":"https:\/\/radiorevelacionfm.cl\/?p=31983","title":{"rendered":"Foro cultural abre espacios de di\u00e1logo entre agentes territoriales de la regi\u00f3n"},"content":{"rendered":"<div class=\"flex_column av_one_full  flex_column_div av-zero-column-padding first  avia-builder-el-0  el_before_av_one_full  avia-builder-el-first  \" style='border-radius:0px; '><div  class='avia-image-container  av-styling-    avia-builder-el-1  avia-builder-el-no-sibling  avia-align-center '  itemprop=\"image\" itemscope=\"itemscope\" itemtype=\"https:\/\/schema.org\/ImageObject\"  ><div class='avia-image-container-inner'><div class='avia-image-overlay-wrap'><img decoding=\"async\" class='wp-image-0 avia-img-lazy-loading-not-0 avia_image' src=\"https:\/\/radiorevelacionfm.cl\/wp-content\/uploads\/2023\/06\/foro-cultural-publico-1_optimized-1.jpg\" alt='' title=''   itemprop=\"thumbnailUrl\"  \/><\/div><\/div><\/div><\/div><div class=\"flex_column av_one_full  flex_column_div av-zero-column-padding first  avia-builder-el-2  el_after_av_one_full  el_before_av_one_full  column-top-margin\" style='border-radius:0px; '><section class=\"av_textblock_section \"  itemscope=\"itemscope\" itemtype=\"https:\/\/schema.org\/BlogPosting\" itemprop=\"blogPost\" ><div class='avia_textblock  '   itemprop=\"text\" ><p class=\"Cuerpo\" style=\"text-align: center;\"><span class=\"Ninguno\" style=\"font-size: 18pt;\"><b><span lang=\"ES-TRAD\" style=\"line-height: 107%;\">Foro cultural abre espacios de di\u00e1logo entre agentes territoriales de la regi\u00f3n<\/span><\/b><\/span><\/p>\n<div id=\"gtx-trans\" style=\"position: absolute; left: -50px; top: 4.31534px;\">\n<div class=\"gtx-trans-icon\"><\/div>\n<\/div>\n<\/div><\/section><\/div><div class=\"flex_column av_one_full  flex_column_div av-zero-column-padding first  avia-builder-el-4  el_after_av_one_full  el_before_av_hr  column-top-margin\" style='border-radius:0px; '><section class=\"av_textblock_section \"  itemscope=\"itemscope\" itemtype=\"https:\/\/schema.org\/BlogPosting\" itemprop=\"blogPost\" ><div class='avia_textblock  '   itemprop=\"text\" ><p class=\"Cuerpo\" style=\"text-align: justify;\"><span class=\"Ninguno\"><i><span lang=\"ES-TRAD\">A sala completa se vivi\u00f3 el foro cultural de la Seremi de Culturas Ays\u00e9n en Coyhaique. Invitados regionales y provenientes de Argentina compartieron una intensa jornada en base al quehacer desplegado en sus comunidades.<\/span><\/i><\/span><\/p>\n<p class=\"Cuerpo\" style=\"text-align: justify;\"><span class=\"Ninguno\"><span lang=\"ES-TRAD\">Con gran asistencia, en las dependencias del Centro Cultural Coyhaique se reunieron agentes art\u00edsticos y territoriales para participar del \u201cForo cultural: experiencias art\u00edsticas culturales desde el territorio para un buen vivir comunitario\u201d. La actividad a cargo de la Seremi de las Culturas Ays\u00e9n dio apertura a espacios participativos y a la culminaci\u00f3n de procesos formativos.<\/span><\/span><\/p>\n<p class=\"Cuerpo\" style=\"text-align: justify;\"><span class=\"Ninguno\"><span lang=\"ES-TRAD\">Planificada y organizada por los programas Fortalecimiento de la Identidad Cultural Regional (FICR), Red Cultura, y la Unidad de Educaci\u00f3n y Formaci\u00f3n en Arte y Cultura, en colaboraci\u00f3n con la Universidad de Los Lagos, la jornada dispuso tres bloques tem\u00e1ticos cuyos protagonistas, de larga data en el tejido creativo, compartieron experiencias y desaf\u00edos a partir de la realidad local.<\/span><\/span><\/p>\n<p class=\"Cuerpo\" style=\"text-align: justify;\"><span class=\"Ninguno\"><span lang=\"ES-TRAD\">Este foro que fue punto de encuentro regional, tambi\u00e9n signific\u00f3 el t\u00e9rmino de una intensa etapa formativa iniciada en diciembre de 2022 con gran parte de los invitados, a trav\u00e9s del convenio suscrito entre la Seremi de las Culturas Ays\u00e9n y la Universidad de los Lagos, para la realizaci\u00f3n del Diplomado en Comunicaci\u00f3n, Territorio y Gesti\u00f3n Cultural.<\/span><\/span><\/p>\n<p class=\"Cuerpo\" style=\"text-align: justify;\"><span class=\"Ninguno\"><span lang=\"ES-TRAD\">\u201cTraspasar los conocimientos que uno est\u00e1 haciendo en el territorio es s\u00faper importante porque tambi\u00e9n hay una vinculaci\u00f3n con el resto\u201d, expres\u00f3 Roc\u00edo Miranda, quien particip\u00f3 de la instancia como panelista, enfatizando que los conocimientos recogidos y la capacitaci\u00f3n son de gran ayuda para \u201cllevarlos tambi\u00e9n a donde uno est\u00e1 trabajando que, en este caso, es Bah\u00eda Murta\u201d. <\/span><\/span><\/p>\n<p class=\"Cuerpo\" style=\"text-align: justify;\"><span class=\"Ninguno\"><span lang=\"ES-TRAD\">Adem\u00e1s de los paneles, el cronograma cont\u00f3 con el bloque \u201cLa universidad p\u00fablica y su rol ante los desaf\u00edos de las comunidades: cruces entre los patrimonios, la gesti\u00f3n cultural y la memoria\u201d, donde estuvo la vicedecana del Departamento de Cultura, Arte y Comunicaci\u00f3n de la Universidad Nacional de Avellaneda; Liliana Conles; el acad\u00e9mico Jorge Ferrada del Departamento de Humanidades y Arte de la Universidad de Los Lagos; y el subdirector de Arte, Cultura y Patrimonio de la Direcci\u00f3n General de Vinculaci\u00f3n con el Medio de la Universidad de Los Lagos, Sergio Trabucco.<\/span><\/span><\/p>\n<p class=\"Cuerpo\" style=\"text-align: justify;\"><span class=\"Ninguno\"><span lang=\"ES-TRAD\">\u201cEn esta instancia pudimos dialogar con invitados de universidades extranjeras, de la Universidad de Los Lagos y tambi\u00e9n con representantes de distintas localidades\u201d, detall\u00f3 el seremi de Culturas Ays\u00e9n, Felipe Quiroz, y agreg\u00f3 que actividades como las presentes buscan relevar \u201ccu\u00e1l es la gesti\u00f3n que est\u00e1n desarrollando y cu\u00e1l es el horizonte que ellos planean gestionar en sus respectivas administraciones\u201d.<\/span><\/span><\/p>\n<p class=\"Cuerpo\" style=\"text-align: justify;\"><span class=\"Ninguno\"><span lang=\"ES-TRAD\">Sergio Trabucco destac\u00f3 el impacto que genera el fortalecimiento y empoderamiento a 22 agentes culturales de Ays\u00e9n, provenientes de Lago Verde, O\u2019Higgins, Ays\u00e9n, Cochrane, Chile Chico, Coyhaique, Cisnes y R\u00edo Ib\u00e1\u00f1ez, los cuales, tras completar el diplomado, obtuvieron la certificaci\u00f3n al concluir la actividad. <\/span><\/span><\/p>\n<p class=\"Cuerpo\" style=\"text-align: justify;\"><span class=\"Ninguno\"><span lang=\"ES-TRAD\">\u201cLa evaluaci\u00f3n despu\u00e9s de esta cuarta versi\u00f3n del Diplomado en Comunicaci\u00f3n, Territorio y Gesti\u00f3n Cultural es que quedamos con m\u00e1s energ\u00eda para seguir, y que este modelo que hoy es una pol\u00edtica p\u00fablica, da resultados en el territorio, da resultados en las comunidades y da resultados tambi\u00e9n para seguir trabajando de manera mancomunada como Estado, a trav\u00e9s del Ministerio de las Culturas y sus universidades estatales a lo largo y ancho de nuestro pa\u00eds\u201d, cerr\u00f3 Trabucco.<\/span><\/span><\/p>\n<\/div><\/section><\/div><div  style='height:50px' class='hr hr-invisible   avia-builder-el-6  el_after_av_one_full  el_before_av_social_share '><span class='hr-inner ' ><span class='hr-inner-style'><\/span><\/span><\/div><\/p>\n<div  class='av-social-sharing-box  avia-builder-el-7  el_after_av_hr  el_before_av_hr  '><div class='av-share-box'><h5 class='av-share-link-description av-no-toc '>Compartir esta noticia<\/h5><ul class='av-share-box-list noLightbox'><li class='av-share-link av-social-link-facebook' ><a target=\"_blank\" aria-label=\"Compartir en Facebook\" href='https:\/\/www.facebook.com\/sharer.php?u=https:\/\/radiorevelacionfm.cl\/?p=31983&#038;t=Foro%20cultural%20abre%20espacios%20de%20di%C3%A1logo%20entre%20agentes%20territoriales%20de%20la%20regi%C3%B3n' aria-hidden='false' data-av_icon='\ue8f3' data-av_iconfont='entypo-fontello' title='' data-avia-related-tooltip='Compartir en Facebook' rel=\"noopener\"><span class='avia_hidden_link_text'>Compartir en Facebook<\/span><\/a><\/li><li class='av-share-link av-social-link-twitter' ><a target=\"_blank\" aria-label=\"Compartir en Twitter\" href='https:\/\/twitter.com\/share?text=Foro%20cultural%20abre%20espacios%20de%20di%C3%A1logo%20entre%20agentes%20territoriales%20de%20la%20regi%C3%B3n&#038;url=https:\/\/radiorevelacionfm.cl\/?p=31983' aria-hidden='false' data-av_icon='\ue8f1' data-av_iconfont='entypo-fontello' title='' data-avia-related-tooltip='Compartir en Twitter' rel=\"noopener\"><span class='avia_hidden_link_text'>Compartir en Twitter<\/span><\/a><\/li><li class='av-share-link av-social-link-whatsapp' ><a target=\"_blank\" aria-label=\"Compartir en Whatsapp\" href='https:\/\/api.whatsapp.com\/send?text=https:\/\/radiorevelacionfm.cl\/?p=31983' aria-hidden='false' data-av_icon='\uf232' data-av_iconfont='entypo-fontello' title='' data-avia-related-tooltip='Compartir en Whatsapp' rel=\"noopener\"><span class='avia_hidden_link_text'>Compartir en Whatsapp<\/span><\/a><\/li><li class='av-share-link av-social-link-linkedin' ><a target=\"_blank\" aria-label=\"Compartir en LinkedIn\" href='https:\/\/linkedin.com\/shareArticle?mini=true&#038;title=Foro%20cultural%20abre%20espacios%20de%20di%C3%A1logo%20entre%20agentes%20territoriales%20de%20la%20regi%C3%B3n&#038;url=https:\/\/radiorevelacionfm.cl\/?p=31983' aria-hidden='false' data-av_icon='\ue8fc' data-av_iconfont='entypo-fontello' title='' data-avia-related-tooltip='Compartir en LinkedIn' rel=\"noopener\"><span class='avia_hidden_link_text'>Compartir en LinkedIn<\/span><\/a><\/li><li class='av-share-link av-social-link-mail' ><a  aria-label=\"Compartir por correo\" href='mailto:?subject=Foro%20cultural%20abre%20espacios%20de%20di%C3%A1logo%20entre%20agentes%20territoriales%20de%20la%20regi%C3%B3n&#038;body=https:\/\/radiorevelacionfm.cl\/?p=31983' aria-hidden='false' data-av_icon='\ue805' data-av_iconfont='entypo-fontello' title='' data-avia-related-tooltip='Compartir por correo'><span class='avia_hidden_link_text'>Compartir por correo<\/span><\/a><\/li><\/ul><\/div><\/div>\n<div  style='height:50px' class='hr hr-invisible   avia-builder-el-8  el_after_av_social_share  el_before_av_comments_list '><span class='hr-inner ' ><span class='hr-inner-style'><\/span><\/span><\/div>\n<div  class='av-buildercomment  av-blog-meta-html-info-disabled av-blog-meta-tag-disabled  '><\/div>\n","protected":false},"excerpt":{"rendered":"","protected":false},"author":1,"featured_media":31984,"comment_status":"open","ping_status":"open","sticky":false,"template":"","format":"standard","meta":{"footnotes":""},"categories":[52],"tags":[],"class_list":["post-31983","post","type-post","status-publish","format-standard","has-post-thumbnail","hentry","category-cultura"],"jetpack_featured_media_url":"https:\/\/radiorevelacionfm.cl\/wp-content\/uploads\/2023\/06\/foro-cultural-publico-1_optimized.jpg","_links":{"self":[{"href":"https:\/\/radiorevelacionfm.cl\/index.php?rest_route=\/wp\/v2\/posts\/31983","targetHints":{"allow":["GET"]}}],"collection":[{"href":"https:\/\/radiorevelacionfm.cl\/index.php?rest_route=\/wp\/v2\/posts"}],"about":[{"href":"https:\/\/radiorevelacionfm.cl\/index.php?rest_route=\/wp\/v2\/types\/post"}],"author":[{"embeddable":true,"href":"https:\/\/radiorevelacionfm.cl\/index.php?rest_route=\/wp\/v2\/users\/1"}],"replies":[{"embeddable":true,"href":"https:\/\/radiorevelacionfm.cl\/index.php?rest_route=%2Fwp%2Fv2%2Fcomments&post=31983"}],"version-history":[{"count":1,"href":"https:\/\/radiorevelacionfm.cl\/index.php?rest_route=\/wp\/v2\/posts\/31983\/revisions"}],"predecessor-version":[{"id":31986,"href":"https:\/\/radiorevelacionfm.cl\/index.php?rest_route=\/wp\/v2\/posts\/31983\/revisions\/31986"}],"wp:featuredmedia":[{"embeddable":true,"href":"https:\/\/radiorevelacionfm.cl\/index.php?rest_route=\/wp\/v2\/media\/31984"}],"wp:attachment":[{"href":"https:\/\/radiorevelacionfm.cl\/index.php?rest_route=%2Fwp%2Fv2%2Fmedia&parent=31983"}],"wp:term":[{"taxonomy":"category","embeddable":true,"href":"https:\/\/radiorevelacionfm.cl\/index.php?rest_route=%2Fwp%2Fv2%2Fcategories&post=31983"},{"taxonomy":"post_tag","embeddable":true,"href":"https:\/\/radiorevelacionfm.cl\/index.php?rest_route=%2Fwp%2Fv2%2Ftags&post=31983"}],"curies":[{"name":"wp","href":"https:\/\/api.w.org\/{rel}","templated":true}]}}