{"id":31980,"date":"2023-06-13T18:01:34","date_gmt":"2023-06-13T21:01:34","guid":{"rendered":"https:\/\/radiorevelacionfm.cl\/?p=31980"},"modified":"2023-06-13T18:01:34","modified_gmt":"2023-06-13T21:01:34","slug":"calisto-presenta-proyecto-de-reforma-constitucional-para-extender-post-natal-ante-crisis-hospitalaria","status":"publish","type":"post","link":"https:\/\/radiorevelacionfm.cl\/?p=31980","title":{"rendered":"Calisto presenta proyecto de reforma constitucional para extender post natal ante crisis hospitalaria"},"content":{"rendered":"<div class=\"flex_column av_one_full  flex_column_div av-zero-column-padding first  avia-builder-el-0  el_before_av_one_full  avia-builder-el-first  \" style='border-radius:0px; '><div  class='avia-image-container  av-styling-    avia-builder-el-1  avia-builder-el-no-sibling  avia-align-center '  itemprop=\"image\" itemscope=\"itemscope\" itemtype=\"https:\/\/schema.org\/ImageObject\"  ><div class='avia-image-container-inner'><div class='avia-image-overlay-wrap'><img decoding=\"async\" class='wp-image-31981 avia-img-lazy-loading-not-31981 avia_image' src=\"https:\/\/radiorevelacionfm.cl\/wp-content\/uploads\/2023\/06\/virus-1-1.jpg\" alt='' title='virus (1) (1)' height=\"600\" width=\"901\"  itemprop=\"thumbnailUrl\" srcset=\"https:\/\/radiorevelacionfm.cl\/wp-content\/uploads\/2023\/06\/virus-1-1.jpg 901w, https:\/\/radiorevelacionfm.cl\/wp-content\/uploads\/2023\/06\/virus-1-1-300x200.jpg 300w, https:\/\/radiorevelacionfm.cl\/wp-content\/uploads\/2023\/06\/virus-1-1-768x511.jpg 768w, https:\/\/radiorevelacionfm.cl\/wp-content\/uploads\/2023\/06\/virus-1-1-705x469.jpg 705w, https:\/\/radiorevelacionfm.cl\/wp-content\/uploads\/2023\/06\/virus-1-1-450x300.jpg 450w, https:\/\/radiorevelacionfm.cl\/wp-content\/uploads\/2023\/06\/virus-1-1-600x400.jpg 600w\" sizes=\"(max-width: 901px) 100vw, 901px\" \/><\/div><\/div><\/div><\/div><div class=\"flex_column av_one_full  flex_column_div av-zero-column-padding first  avia-builder-el-2  el_after_av_one_full  el_before_av_one_full  column-top-margin\" style='border-radius:0px; '><section class=\"av_textblock_section \"  itemscope=\"itemscope\" itemtype=\"https:\/\/schema.org\/BlogPosting\" itemprop=\"blogPost\" ><div class='avia_textblock  '   itemprop=\"text\" ><p style=\"text-align: center;\"><span style=\"font-size: 18pt;\"><b>Calisto presenta proyecto de reforma constitucional para extender post natal ante crisis hospitalaria<\/b><\/span><\/p>\n<div id=\"gtx-trans\" style=\"position: absolute; left: -50px; top: 4.31534px;\">\n<div class=\"gtx-trans-icon\"><\/div>\n<\/div>\n<\/div><\/section><\/div><div class=\"flex_column av_one_full  flex_column_div av-zero-column-padding first  avia-builder-el-4  el_after_av_one_full  el_before_av_hr  column-top-margin\" style='border-radius:0px; '><section class=\"av_textblock_section \"  itemscope=\"itemscope\" itemtype=\"https:\/\/schema.org\/BlogPosting\" itemprop=\"blogPost\" ><div class='avia_textblock  '   itemprop=\"text\" ><p style=\"text-align: justify;\">Ante la grave crisis hospitalaria que se est\u00e1 viviendo por la falta de camas pedi\u00e1tricas producto del aumento de casos de ni\u00f1os con enfermedades respiratorias, el diputado Miguel \u00c1ngel Calisto, junto a sus colegas del\u00a0Centro Democr\u00e1tico Unido, CDU, Joanna P\u00e9rez, Jorge Saffirio y Erika Olivera, presentaron un proyecto de reforma constitucional que extiende el post natal hasta agosto, lo que a juicio de los parlamentarios permitir\u00eda prevenir el aumento de contagios y descongestionar los servicios de salud.<\/p>\n<p style=\"text-align: justify;\">El proyecto, que incorpora un art\u00edculo transitorio en el DFL 100 del Ministerio Secretar\u00eda General de la Presidencia y que fija el texto refundido, coordinado y sistematizado de la Constituci\u00f3n Pol\u00edtica de la Rep\u00fablica de Chile, establece extender el postnatal a trav\u00e9s de una licencia m\u00e9dica preventiva parental para cuidar a sus hijos e hijas reci\u00e9n nacidos. Esto, hasta el t\u00e9rmino de la Alerta Sanitaria fechada al 31 de agosto del presente a\u00f1o o el tiempo que sea prorrogada por otra resoluci\u00f3n. Lo se\u00f1alado anteriormente podr\u00e1 extender hasta por 3 meses de conformidad a la ley que establece esta posibilidad o beneficio.<\/p>\n<p style=\"text-align: justify;\">Seg\u00fan el diputado Miguel \u00c1ngel Calisto, \u201ceste proyecto busca garantizar que las madres y padres puedan extender el post natal por tres meses, mientras dura la alerta sanitaria y la crisis por virus sincicial. Esto es fundamental, porque ya van cuatro ni\u00f1os fallecidos y hay regiones donde ni siquiera hay UCI Pedi\u00e1trica, como es el caso de la regi\u00f3n de Ays\u00e9n\u201d.<\/p>\n<p style=\"text-align: justify;\">Finalmente, Miguel \u00c1ngel Calisto indic\u00f3 que \u201cesta medida permitir\u00eda que muchos lactantes no vayan a salas cuna y se quedan en sus casas resguardados por sus padres. Hacemos el llamado al Gobierno a considerar esta opci\u00f3n\u201d.<\/p>\n<\/div><\/section><\/div><div  style='height:50px' class='hr hr-invisible   avia-builder-el-6  el_after_av_one_full  el_before_av_social_share '><span class='hr-inner ' ><span class='hr-inner-style'><\/span><\/span><\/div><\/p>\n<div  class='av-social-sharing-box  avia-builder-el-7  el_after_av_hr  el_before_av_hr  '><div class='av-share-box'><h5 class='av-share-link-description av-no-toc '>Compartir esta noticia<\/h5><ul class='av-share-box-list noLightbox'><li class='av-share-link av-social-link-facebook' ><a target=\"_blank\" aria-label=\"Compartir en Facebook\" href='https:\/\/www.facebook.com\/sharer.php?u=https:\/\/radiorevelacionfm.cl\/?p=31980&#038;t=Calisto%20presenta%20proyecto%20de%20reforma%20constitucional%20para%20extender%20post%20natal%20ante%20crisis%20hospitalaria' aria-hidden='false' data-av_icon='\ue8f3' data-av_iconfont='entypo-fontello' title='' data-avia-related-tooltip='Compartir en Facebook' rel=\"noopener\"><span class='avia_hidden_link_text'>Compartir en Facebook<\/span><\/a><\/li><li class='av-share-link av-social-link-twitter' ><a target=\"_blank\" aria-label=\"Compartir en Twitter\" href='https:\/\/twitter.com\/share?text=Calisto%20presenta%20proyecto%20de%20reforma%20constitucional%20para%20extender%20post%20natal%20ante%20crisis%20hospitalaria&#038;url=https:\/\/radiorevelacionfm.cl\/?p=31980' aria-hidden='false' data-av_icon='\ue8f1' data-av_iconfont='entypo-fontello' title='' data-avia-related-tooltip='Compartir en Twitter' rel=\"noopener\"><span class='avia_hidden_link_text'>Compartir en Twitter<\/span><\/a><\/li><li class='av-share-link av-social-link-whatsapp' ><a target=\"_blank\" aria-label=\"Compartir en Whatsapp\" href='https:\/\/api.whatsapp.com\/send?text=https:\/\/radiorevelacionfm.cl\/?p=31980' aria-hidden='false' data-av_icon='\uf232' data-av_iconfont='entypo-fontello' title='' data-avia-related-tooltip='Compartir en Whatsapp' rel=\"noopener\"><span class='avia_hidden_link_text'>Compartir en Whatsapp<\/span><\/a><\/li><li class='av-share-link av-social-link-linkedin' ><a target=\"_blank\" aria-label=\"Compartir en LinkedIn\" href='https:\/\/linkedin.com\/shareArticle?mini=true&#038;title=Calisto%20presenta%20proyecto%20de%20reforma%20constitucional%20para%20extender%20post%20natal%20ante%20crisis%20hospitalaria&#038;url=https:\/\/radiorevelacionfm.cl\/?p=31980' aria-hidden='false' data-av_icon='\ue8fc' data-av_iconfont='entypo-fontello' title='' data-avia-related-tooltip='Compartir en LinkedIn' rel=\"noopener\"><span class='avia_hidden_link_text'>Compartir en LinkedIn<\/span><\/a><\/li><li class='av-share-link av-social-link-mail' ><a  aria-label=\"Compartir por correo\" href='mailto:?subject=Calisto%20presenta%20proyecto%20de%20reforma%20constitucional%20para%20extender%20post%20natal%20ante%20crisis%20hospitalaria&#038;body=https:\/\/radiorevelacionfm.cl\/?p=31980' aria-hidden='false' data-av_icon='\ue805' data-av_iconfont='entypo-fontello' title='' data-avia-related-tooltip='Compartir por correo'><span class='avia_hidden_link_text'>Compartir por correo<\/span><\/a><\/li><\/ul><\/div><\/div>\n<div  style='height:50px' class='hr hr-invisible   avia-builder-el-8  el_after_av_social_share  el_before_av_comments_list '><span class='hr-inner ' ><span class='hr-inner-style'><\/span><\/span><\/div>\n<div  class='av-buildercomment  av-blog-meta-html-info-disabled av-blog-meta-tag-disabled  '><\/div>\n","protected":false},"excerpt":{"rendered":"","protected":false},"author":1,"featured_media":31981,"comment_status":"open","ping_status":"open","sticky":false,"template":"","format":"standard","meta":{"footnotes":""},"categories":[35],"tags":[],"class_list":["post-31980","post","type-post","status-publish","format-standard","has-post-thumbnail","hentry","category-politica"],"jetpack_featured_media_url":"https:\/\/radiorevelacionfm.cl\/wp-content\/uploads\/2023\/06\/virus-1-1.jpg","_links":{"self":[{"href":"https:\/\/radiorevelacionfm.cl\/index.php?rest_route=\/wp\/v2\/posts\/31980","targetHints":{"allow":["GET"]}}],"collection":[{"href":"https:\/\/radiorevelacionfm.cl\/index.php?rest_route=\/wp\/v2\/posts"}],"about":[{"href":"https:\/\/radiorevelacionfm.cl\/index.php?rest_route=\/wp\/v2\/types\/post"}],"author":[{"embeddable":true,"href":"https:\/\/radiorevelacionfm.cl\/index.php?rest_route=\/wp\/v2\/users\/1"}],"replies":[{"embeddable":true,"href":"https:\/\/radiorevelacionfm.cl\/index.php?rest_route=%2Fwp%2Fv2%2Fcomments&post=31980"}],"version-history":[{"count":1,"href":"https:\/\/radiorevelacionfm.cl\/index.php?rest_route=\/wp\/v2\/posts\/31980\/revisions"}],"predecessor-version":[{"id":31982,"href":"https:\/\/radiorevelacionfm.cl\/index.php?rest_route=\/wp\/v2\/posts\/31980\/revisions\/31982"}],"wp:featuredmedia":[{"embeddable":true,"href":"https:\/\/radiorevelacionfm.cl\/index.php?rest_route=\/wp\/v2\/media\/31981"}],"wp:attachment":[{"href":"https:\/\/radiorevelacionfm.cl\/index.php?rest_route=%2Fwp%2Fv2%2Fmedia&parent=31980"}],"wp:term":[{"taxonomy":"category","embeddable":true,"href":"https:\/\/radiorevelacionfm.cl\/index.php?rest_route=%2Fwp%2Fv2%2Fcategories&post=31980"},{"taxonomy":"post_tag","embeddable":true,"href":"https:\/\/radiorevelacionfm.cl\/index.php?rest_route=%2Fwp%2Fv2%2Ftags&post=31980"}],"curies":[{"name":"wp","href":"https:\/\/api.w.org\/{rel}","templated":true}]}}