{"id":3198,"date":"2021-04-16T17:04:36","date_gmt":"2021-04-16T20:04:36","guid":{"rendered":"https:\/\/radiorevelacionfm.cl\/?p=3198"},"modified":"2021-04-16T17:04:36","modified_gmt":"2021-04-16T20:04:36","slug":"sernapesca-cierra-contingencia-fan-en-la-region-de-aysen-y-continua-monitoreo-en-los-lagos","status":"publish","type":"post","link":"https:\/\/radiorevelacionfm.cl\/?p=3198","title":{"rendered":"Sernapesca cierra contingencia FAN en la regi\u00f3n de Ays\u00e9n y continua monitoreo en Los Lagos"},"content":{"rendered":"<div class=\"flex_column av_one_full  flex_column_div av-zero-column-padding first  avia-builder-el-0  el_before_av_one_full  avia-builder-el-first  \" style='border-radius:0px; '><div  class='avia-image-container  av-styling-    avia-builder-el-1  avia-builder-el-no-sibling  avia-align-center '  itemprop=\"image\" itemscope=\"itemscope\" itemtype=\"https:\/\/schema.org\/ImageObject\"  ><div class='avia-image-container-inner'><div class='avia-image-overlay-wrap'><img decoding=\"async\" class='wp-image-3199 avia-img-lazy-loading-not-3199 avia_image' src=\"https:\/\/radiorevelacionfm.cl\/wp-content\/uploads\/2021\/04\/fan-12_optimized.jpg\" alt='' title='fan-12_optimized' height=\"958\" width=\"1280\"  itemprop=\"thumbnailUrl\" srcset=\"https:\/\/radiorevelacionfm.cl\/wp-content\/uploads\/2021\/04\/fan-12_optimized.jpg 1280w, https:\/\/radiorevelacionfm.cl\/wp-content\/uploads\/2021\/04\/fan-12_optimized-300x225.jpg 300w, https:\/\/radiorevelacionfm.cl\/wp-content\/uploads\/2021\/04\/fan-12_optimized-1030x771.jpg 1030w, https:\/\/radiorevelacionfm.cl\/wp-content\/uploads\/2021\/04\/fan-12_optimized-768x575.jpg 768w, https:\/\/radiorevelacionfm.cl\/wp-content\/uploads\/2021\/04\/fan-12_optimized-705x528.jpg 705w, https:\/\/radiorevelacionfm.cl\/wp-content\/uploads\/2021\/04\/fan-12_optimized-600x449.jpg 600w\" sizes=\"(max-width: 1280px) 100vw, 1280px\" \/><\/div><\/div><\/div><\/div><div class=\"flex_column av_one_full  flex_column_div av-zero-column-padding first  avia-builder-el-2  el_after_av_one_full  el_before_av_one_full  column-top-margin\" style='border-radius:0px; '><section class=\"av_textblock_section \"  itemscope=\"itemscope\" itemtype=\"https:\/\/schema.org\/BlogPosting\" itemprop=\"blogPost\" ><div class='avia_textblock  '   itemprop=\"text\" ><p style=\"text-align: center;\"><strong><span style=\"font-size: 18pt;\">Sernapesca cierra contingencia FAN en la regi\u00f3n de Ays\u00e9n y continua monitoreo en Los Lagos<\/span><\/strong><\/p>\n<div id=\"gtx-trans\" style=\"position: absolute; left: -50px; top: 4.31534px;\">\n<div class=\"gtx-trans-icon\"><\/div>\n<\/div>\n<\/div><\/section><\/div><div class=\"flex_column av_one_full  flex_column_div av-zero-column-padding first  avia-builder-el-4  el_after_av_one_full  el_before_av_hr  column-top-margin\" style='border-radius:0px; '><section class=\"av_textblock_section \"  itemscope=\"itemscope\" itemtype=\"https:\/\/schema.org\/BlogPosting\" itemprop=\"blogPost\" ><div class='avia_textblock  '   itemprop=\"text\" ><p style=\"font-weight: 400; text-align: justify;\">El Servicio Nacional de Pesca y Acuicultura (Sernapesca) dio por terminada la contingencia de mortalidad masiva de salm\u00f3nidos por floraciones algales nocivas (FAN) en la regi\u00f3n de Ays\u00e9n, habiendo retirado el 99,6% de la mortalidad. En cuanto a la mortalidad restante, Sernapesca confirm\u00f3 que es normal para la etapa del ciclo productivo en el que se encuentran los peces en dichos centros de cultivo.<\/p>\n<p style=\"font-weight: 400; text-align: justify;\">\u201cA la fecha y con casi el 100% de la mortalidad asociada a las bajas de ox\u00edgeno y a las floraciones algales nocivas, en la regi\u00f3n de Ays\u00e9n damos por concluida esta contingencia. Pese a ello Sernapesca continuar\u00e1 desarrollando su labor de monitoreo y control de la actividad acu\u00edcola regional, con el prop\u00f3sito de velar por el adecuado cumplimiento de la ley y las normas que las rigen esta importante actividad. Finalmente quiero destacar y agradecer el trabajo de nuestras y nuestros fiscalizadores que estuvieron en todo momento vigilando el desarrollo de los planes de acci\u00f3n y retiro de mortalidad desde distintos lugares de la regi\u00f3n, siempre de manera conjunta con la Autoridad Mar\u00edtima regional y en estrecha colaboraci\u00f3n con la Superintendencia del Medio Ambiente,\u201d asegur\u00f3 Cristian Hudson, Director Regional de Sernapesca Ays\u00e9n.<\/p>\n<p style=\"font-weight: 400; text-align: justify;\">En tanto, en la regi\u00f3n de Los Lagos al d\u00eda de hoy, 1 centro (103593) no registra mortalidad asociada a FAN e inform\u00f3 t\u00e9rmino de contingencia y otro centro (103418) disminuy\u00f3 su mortalidad a niveles bajos, mientras que el resto de los centros todav\u00eda contin\u00faan en contingencia. Por lo que Sernapesca concentrar\u00e1 en esa zona las fiscalizaciones junto a las autoridades competentes, en el marco de la Red Sustenta, hasta el cierre de la contingencia y hasta no registrar m\u00e1s mortalidades de peces asociadas a FAN.<\/p>\n<p style=\"font-weight: 400; text-align: justify;\">Al d\u00eda 15 de abril, la mortalidad retirada en la regi\u00f3n de Los Lagos fue de 3.246 toneladas, equivalente al 91% de la mortalidad total en las agrupaciones de concesiones de salm\u00f3nidos (ACS) 17A.<\/p>\n<p style=\"font-weight: 400; text-align: justify;\">El retiro de mortalidad se ha realizado a trav\u00e9s de embarcaciones como pesqueros de alta mar (PAM), barcazas con bins o wellboats sin recirculaci\u00f3n (circuito cerrado) para evitar riesgos en el transporte, en algunos casos, hay tramos que se est\u00e1n haciendo v\u00eda terrestre con camiones. El destino de la mortalidad es a plantas reductoras para su disposici\u00f3n final y de este modo evitar un da\u00f1o ambiental. Para todos los casos, Sernapesca realiza fiscalizaciones para asegurar que los procesos se realicen de acuerdo a la normativa.<\/p>\n<p style=\"font-weight: 400; text-align: justify;\">\u00a0<strong>QUERELLA EN EL MINISTERIO P\u00daBLICO<\/strong><\/p>\n<p style=\"font-weight: 400; text-align: justify;\">Finalmente, el Servicio Nacional de Pesca y Acuicultura informa que por el vertido de agua con material org\u00e1nico durante el retiro de mortalidades en los Centros Porcelana (c\u00f3digo 102083) y Loncochalgua (c\u00f3digo 102765),\u00a0 ambos de la\u00a0Regi\u00f3n de Los Lagos y pertenecientes a la ACS N\u00b0 17A del titular Salmones Camanchaca S.A., Sernapesca interpondr\u00e1 una querella ante el Ministerio P\u00fablico conforme dispone el Art\u00edculo 136 de la Ley General de Pesca y Acuicultura que sanciona a \u201caquel que sin autorizaci\u00f3n, o contraviniendo sus condiciones o infringiendo la normativa aplicable introdujere o mandare introducir en el mar (\u2026) agentes contaminantes qu\u00edmicos, biol\u00f3gicos o f\u00edsicos que causen da\u00f1o a los recursos hidrobiol\u00f3gicos\u201d. Las sanciones por este delito conllevan presidio menor en su grado medio a m\u00e1ximo y multas de hasta 10.000 unidades tributarias mensuales, sin perjuicio de las sanciones administrativas correspondientes.<\/p>\n<p style=\"font-weight: 400; text-align: justify;\">La presentaci\u00f3n de esta querella se suma a la denuncia que el organismo interpondr\u00e1 ante la Superintendencia de Medio Ambiente por el incumplimiento de los planes de contingencia por parte de esta empresa, y que deriv\u00f3 en la p\u00e9rdida de materia org\u00e1nica durante las faenas de retiro de mortalidades, contraviniendo as\u00ed la normativa que opera en este tipo de emergencias.<\/p>\n<\/div><\/section><\/div><div  style='height:50px' class='hr hr-invisible   avia-builder-el-6  el_after_av_one_full  el_before_av_social_share '><span class='hr-inner ' ><span class='hr-inner-style'><\/span><\/span><\/div><\/p>\n<div  class='av-social-sharing-box  avia-builder-el-7  el_after_av_hr  el_before_av_hr  '><div class='av-share-box'><h5 class='av-share-link-description av-no-toc '>Compartir esta noticia<\/h5><ul class='av-share-box-list noLightbox'><li class='av-share-link av-social-link-facebook' ><a target=\"_blank\" aria-label=\"Compartir en Facebook\" href='https:\/\/www.facebook.com\/sharer.php?u=https:\/\/radiorevelacionfm.cl\/?p=3198&#038;t=Sernapesca%20cierra%20contingencia%20FAN%20en%20la%20regi%C3%B3n%20de%20Ays%C3%A9n%20y%20continua%20monitoreo%20en%20Los%20Lagos' aria-hidden='false' data-av_icon='\ue8f3' data-av_iconfont='entypo-fontello' title='' data-avia-related-tooltip='Compartir en Facebook' rel=\"noopener\"><span class='avia_hidden_link_text'>Compartir en Facebook<\/span><\/a><\/li><li class='av-share-link av-social-link-twitter' ><a target=\"_blank\" aria-label=\"Compartir en Twitter\" href='https:\/\/twitter.com\/share?text=Sernapesca%20cierra%20contingencia%20FAN%20en%20la%20regi%C3%B3n%20de%20Ays%C3%A9n%20y%20continua%20monitoreo%20en%20Los%20Lagos&#038;url=https:\/\/radiorevelacionfm.cl\/?p=3198' aria-hidden='false' data-av_icon='\ue8f1' data-av_iconfont='entypo-fontello' title='' data-avia-related-tooltip='Compartir en Twitter' rel=\"noopener\"><span class='avia_hidden_link_text'>Compartir en Twitter<\/span><\/a><\/li><li class='av-share-link av-social-link-whatsapp' ><a target=\"_blank\" aria-label=\"Compartir en Whatsapp\" href='https:\/\/api.whatsapp.com\/send?text=https:\/\/radiorevelacionfm.cl\/?p=3198' aria-hidden='false' data-av_icon='\uf232' data-av_iconfont='entypo-fontello' title='' data-avia-related-tooltip='Compartir en Whatsapp' rel=\"noopener\"><span class='avia_hidden_link_text'>Compartir en Whatsapp<\/span><\/a><\/li><li class='av-share-link av-social-link-linkedin' ><a target=\"_blank\" aria-label=\"Compartir en LinkedIn\" href='https:\/\/linkedin.com\/shareArticle?mini=true&#038;title=Sernapesca%20cierra%20contingencia%20FAN%20en%20la%20regi%C3%B3n%20de%20Ays%C3%A9n%20y%20continua%20monitoreo%20en%20Los%20Lagos&#038;url=https:\/\/radiorevelacionfm.cl\/?p=3198' aria-hidden='false' data-av_icon='\ue8fc' data-av_iconfont='entypo-fontello' title='' data-avia-related-tooltip='Compartir en LinkedIn' rel=\"noopener\"><span class='avia_hidden_link_text'>Compartir en LinkedIn<\/span><\/a><\/li><li class='av-share-link av-social-link-mail' ><a  aria-label=\"Compartir por correo\" href='mailto:?subject=Sernapesca%20cierra%20contingencia%20FAN%20en%20la%20regi%C3%B3n%20de%20Ays%C3%A9n%20y%20continua%20monitoreo%20en%20Los%20Lagos&#038;body=https:\/\/radiorevelacionfm.cl\/?p=3198' aria-hidden='false' data-av_icon='\ue805' data-av_iconfont='entypo-fontello' title='' data-avia-related-tooltip='Compartir por correo'><span class='avia_hidden_link_text'>Compartir por correo<\/span><\/a><\/li><\/ul><\/div><\/div>\n<div  style='height:50px' class='hr hr-invisible   avia-builder-el-8  el_after_av_social_share  el_before_av_comments_list '><span class='hr-inner ' ><span class='hr-inner-style'><\/span><\/span><\/div>\n<div  class='av-buildercomment  av-blog-meta-html-info-disabled av-blog-meta-tag-disabled  '><\/div>\n","protected":false},"excerpt":{"rendered":"","protected":false},"author":1,"featured_media":3199,"comment_status":"open","ping_status":"open","sticky":false,"template":"","format":"standard","meta":{"footnotes":""},"categories":[60,38],"tags":[],"class_list":["post-3198","post","type-post","status-publish","format-standard","has-post-thumbnail","hentry","category-pesca","category-regional"],"jetpack_featured_media_url":"https:\/\/radiorevelacionfm.cl\/wp-content\/uploads\/2021\/04\/fan-12_optimized.jpg","_links":{"self":[{"href":"https:\/\/radiorevelacionfm.cl\/index.php?rest_route=\/wp\/v2\/posts\/3198","targetHints":{"allow":["GET"]}}],"collection":[{"href":"https:\/\/radiorevelacionfm.cl\/index.php?rest_route=\/wp\/v2\/posts"}],"about":[{"href":"https:\/\/radiorevelacionfm.cl\/index.php?rest_route=\/wp\/v2\/types\/post"}],"author":[{"embeddable":true,"href":"https:\/\/radiorevelacionfm.cl\/index.php?rest_route=\/wp\/v2\/users\/1"}],"replies":[{"embeddable":true,"href":"https:\/\/radiorevelacionfm.cl\/index.php?rest_route=%2Fwp%2Fv2%2Fcomments&post=3198"}],"version-history":[{"count":1,"href":"https:\/\/radiorevelacionfm.cl\/index.php?rest_route=\/wp\/v2\/posts\/3198\/revisions"}],"predecessor-version":[{"id":3200,"href":"https:\/\/radiorevelacionfm.cl\/index.php?rest_route=\/wp\/v2\/posts\/3198\/revisions\/3200"}],"wp:featuredmedia":[{"embeddable":true,"href":"https:\/\/radiorevelacionfm.cl\/index.php?rest_route=\/wp\/v2\/media\/3199"}],"wp:attachment":[{"href":"https:\/\/radiorevelacionfm.cl\/index.php?rest_route=%2Fwp%2Fv2%2Fmedia&parent=3198"}],"wp:term":[{"taxonomy":"category","embeddable":true,"href":"https:\/\/radiorevelacionfm.cl\/index.php?rest_route=%2Fwp%2Fv2%2Fcategories&post=3198"},{"taxonomy":"post_tag","embeddable":true,"href":"https:\/\/radiorevelacionfm.cl\/index.php?rest_route=%2Fwp%2Fv2%2Ftags&post=3198"}],"curies":[{"name":"wp","href":"https:\/\/api.w.org\/{rel}","templated":true}]}}