{"id":31974,"date":"2023-06-13T18:28:15","date_gmt":"2023-06-13T21:28:15","guid":{"rendered":"https:\/\/radiorevelacionfm.cl\/?p=31974"},"modified":"2023-06-13T18:28:15","modified_gmt":"2023-06-13T21:28:15","slug":"invitan-a-comunidad-manihualina-a-participar-de-nueva-reunion-informativa-por-fiestas-patrias","status":"publish","type":"post","link":"https:\/\/radiorevelacionfm.cl\/?p=31974","title":{"rendered":"Invitan a comunidad ma\u00f1ihualina a participar de nueva reuni\u00f3n informativa por Fiestas Patrias"},"content":{"rendered":"<div class=\"flex_column av_one_full  flex_column_div av-zero-column-padding first  avia-builder-el-0  el_before_av_one_full  avia-builder-el-first  \" style='border-radius:0px; '><div  class='avia-image-container  av-styling-    avia-builder-el-1  avia-builder-el-no-sibling  avia-align-center '  itemprop=\"image\" itemscope=\"itemscope\" itemtype=\"https:\/\/schema.org\/ImageObject\"  ><div class='avia-image-container-inner'><div class='avia-image-overlay-wrap'><img decoding=\"async\" class='wp-image-31975 avia-img-lazy-loading-not-31975 avia_image' src=\"https:\/\/radiorevelacionfm.cl\/wp-content\/uploads\/2023\/06\/307486858_474759411357811_8677167994836474642_n-1_optimized-1.jpg\" alt='' title='307486858_474759411357811_8677167994836474642_n-(1)_optimized (1)' height=\"600\" width=\"900\"  itemprop=\"thumbnailUrl\" srcset=\"https:\/\/radiorevelacionfm.cl\/wp-content\/uploads\/2023\/06\/307486858_474759411357811_8677167994836474642_n-1_optimized-1.jpg 900w, https:\/\/radiorevelacionfm.cl\/wp-content\/uploads\/2023\/06\/307486858_474759411357811_8677167994836474642_n-1_optimized-1-300x200.jpg 300w, https:\/\/radiorevelacionfm.cl\/wp-content\/uploads\/2023\/06\/307486858_474759411357811_8677167994836474642_n-1_optimized-1-768x512.jpg 768w, https:\/\/radiorevelacionfm.cl\/wp-content\/uploads\/2023\/06\/307486858_474759411357811_8677167994836474642_n-1_optimized-1-705x470.jpg 705w, https:\/\/radiorevelacionfm.cl\/wp-content\/uploads\/2023\/06\/307486858_474759411357811_8677167994836474642_n-1_optimized-1-450x300.jpg 450w, https:\/\/radiorevelacionfm.cl\/wp-content\/uploads\/2023\/06\/307486858_474759411357811_8677167994836474642_n-1_optimized-1-600x400.jpg 600w\" sizes=\"(max-width: 900px) 100vw, 900px\" \/><\/div><\/div><\/div><\/div><div class=\"flex_column av_one_full  flex_column_div av-zero-column-padding first  avia-builder-el-2  el_after_av_one_full  el_before_av_one_full  column-top-margin\" style='border-radius:0px; '><section class=\"av_textblock_section \"  itemscope=\"itemscope\" itemtype=\"https:\/\/schema.org\/BlogPosting\" itemprop=\"blogPost\" ><div class='avia_textblock  '   itemprop=\"text\" ><p style=\"text-align: center;\"><strong><span style=\"font-size: 18pt;\">Invitan a comunidad ma\u00f1ihualina a participar de nueva reuni\u00f3n informativa por Fiestas Patrias<\/span><\/strong><\/p>\n<div id=\"gtx-trans\" style=\"position: absolute; left: -50px; top: 4.31534px;\">\n<div class=\"gtx-trans-icon\"><\/div>\n<\/div>\n<\/div><\/section><\/div><div class=\"flex_column av_one_full  flex_column_div av-zero-column-padding first  avia-builder-el-4  el_after_av_one_full  el_before_av_hr  column-top-margin\" style='border-radius:0px; '><section class=\"av_textblock_section \"  itemscope=\"itemscope\" itemtype=\"https:\/\/schema.org\/BlogPosting\" itemprop=\"blogPost\" ><div class='avia_textblock  '   itemprop=\"text\" ><p style=\"text-align: justify;\">La Municipalidad de Ays\u00e9n sum\u00f3 una nueva convocatoria informativa respecto de la planificaci\u00f3n de las actividades de la celebraci\u00f3n de las Fiestas Patrias 2023. Adem\u00e1s de la ya anunciada para Puerto Ays\u00e9n, se invit\u00f3 a los vecinos de Villa Ma\u00f1ihuales a participar de una nueva instancia en la Biblioteca de la localidad, el jueves 15 de junio a las 16:00.<\/p>\n<p style=\"text-align: justify;\">El alcalde de Ays\u00e9n, Julio Uribe Alvarado, hizo extensiva la invitaci\u00f3n para los residentes de la localidad. \u201cQuiero invitar a la comunidad de Villa Ma\u00f1ihuales y a quienes quieran participar de las actividades del 18 de septiembre, donde queremos hacer ramadas y organizar una gran variedad de actividades\u201d, indic\u00f3 el alcalde, quien resalt\u00f3 la importancia de crear espacios de participaci\u00f3n para organizar actividades que est\u00e9n en sinton\u00eda con lo que espera la comunidad.<\/p>\n<p style=\"text-align: justify;\">Estas instancias tienen como objetivo principal informar a las y los asistentes respecto de la planificaci\u00f3n y organizaci\u00f3n de las actividades relacionadas con la semana de Fiestas Patrias, adem\u00e1s de entregar los detalles necesarios para quienes busquen postular y trabajar durante la realizaci\u00f3n del evento, junto a sus plazos y requisitos para entregar los antecedentes necesarios.<\/p>\n<p style=\"text-align: justify;\">\u00d3scar Az\u00f3car, administrador municipal, reiter\u00f3 el llamado del alcalde Uribe, invitando a quienes quieran sumarse a la planificaci\u00f3n de las celebraciones t\u00edpicas de la chilenidad a asistir el d\u00eda jueves 15 de junio a las 16:00 en la Biblioteca Municipal de Villa Ma\u00f1ihuales, con la finalidad de contar con unas festividades pensadas desde y para la comunidad.<\/p>\n<\/div><\/section><\/div><div  style='height:50px' class='hr hr-invisible   avia-builder-el-6  el_after_av_one_full  el_before_av_social_share '><span class='hr-inner ' ><span class='hr-inner-style'><\/span><\/span><\/div><\/p>\n<div  class='av-social-sharing-box  avia-builder-el-7  el_after_av_hr  el_before_av_hr  '><div class='av-share-box'><h5 class='av-share-link-description av-no-toc '>Compartir esta noticia<\/h5><ul class='av-share-box-list noLightbox'><li class='av-share-link av-social-link-facebook' ><a target=\"_blank\" aria-label=\"Compartir en Facebook\" href='https:\/\/www.facebook.com\/sharer.php?u=https:\/\/radiorevelacionfm.cl\/?p=31974&#038;t=Invitan%20a%20comunidad%20ma%C3%B1ihualina%20a%20participar%20de%20nueva%20reuni%C3%B3n%20informativa%20por%20Fiestas%20Patrias' aria-hidden='false' data-av_icon='\ue8f3' data-av_iconfont='entypo-fontello' title='' data-avia-related-tooltip='Compartir en Facebook' rel=\"noopener\"><span class='avia_hidden_link_text'>Compartir en Facebook<\/span><\/a><\/li><li class='av-share-link av-social-link-twitter' ><a target=\"_blank\" aria-label=\"Compartir en Twitter\" href='https:\/\/twitter.com\/share?text=Invitan%20a%20comunidad%20ma%C3%B1ihualina%20a%20participar%20de%20nueva%20reuni%C3%B3n%20informativa%20por%20Fiestas%20Patrias&#038;url=https:\/\/radiorevelacionfm.cl\/?p=31974' aria-hidden='false' data-av_icon='\ue8f1' data-av_iconfont='entypo-fontello' title='' data-avia-related-tooltip='Compartir en Twitter' rel=\"noopener\"><span class='avia_hidden_link_text'>Compartir en Twitter<\/span><\/a><\/li><li class='av-share-link av-social-link-whatsapp' ><a target=\"_blank\" aria-label=\"Compartir en Whatsapp\" href='https:\/\/api.whatsapp.com\/send?text=https:\/\/radiorevelacionfm.cl\/?p=31974' aria-hidden='false' data-av_icon='\uf232' data-av_iconfont='entypo-fontello' title='' data-avia-related-tooltip='Compartir en Whatsapp' rel=\"noopener\"><span class='avia_hidden_link_text'>Compartir en Whatsapp<\/span><\/a><\/li><li class='av-share-link av-social-link-linkedin' ><a target=\"_blank\" aria-label=\"Compartir en LinkedIn\" href='https:\/\/linkedin.com\/shareArticle?mini=true&#038;title=Invitan%20a%20comunidad%20ma%C3%B1ihualina%20a%20participar%20de%20nueva%20reuni%C3%B3n%20informativa%20por%20Fiestas%20Patrias&#038;url=https:\/\/radiorevelacionfm.cl\/?p=31974' aria-hidden='false' data-av_icon='\ue8fc' data-av_iconfont='entypo-fontello' title='' data-avia-related-tooltip='Compartir en LinkedIn' rel=\"noopener\"><span class='avia_hidden_link_text'>Compartir en LinkedIn<\/span><\/a><\/li><li class='av-share-link av-social-link-mail' ><a  aria-label=\"Compartir por correo\" href='mailto:?subject=Invitan%20a%20comunidad%20ma%C3%B1ihualina%20a%20participar%20de%20nueva%20reuni%C3%B3n%20informativa%20por%20Fiestas%20Patrias&#038;body=https:\/\/radiorevelacionfm.cl\/?p=31974' aria-hidden='false' data-av_icon='\ue805' data-av_iconfont='entypo-fontello' title='' data-avia-related-tooltip='Compartir por correo'><span class='avia_hidden_link_text'>Compartir por correo<\/span><\/a><\/li><\/ul><\/div><\/div>\n<div  style='height:50px' class='hr hr-invisible   avia-builder-el-8  el_after_av_social_share  el_before_av_comments_list '><span class='hr-inner ' ><span class='hr-inner-style'><\/span><\/span><\/div>\n<div  class='av-buildercomment  av-blog-meta-html-info-disabled av-blog-meta-tag-disabled  '><\/div>\n","protected":false},"excerpt":{"rendered":"","protected":false},"author":1,"featured_media":31975,"comment_status":"open","ping_status":"open","sticky":false,"template":"","format":"standard","meta":{"footnotes":""},"categories":[38],"tags":[],"class_list":["post-31974","post","type-post","status-publish","format-standard","has-post-thumbnail","hentry","category-regional"],"jetpack_featured_media_url":"https:\/\/radiorevelacionfm.cl\/wp-content\/uploads\/2023\/06\/307486858_474759411357811_8677167994836474642_n-1_optimized-1.jpg","_links":{"self":[{"href":"https:\/\/radiorevelacionfm.cl\/index.php?rest_route=\/wp\/v2\/posts\/31974","targetHints":{"allow":["GET"]}}],"collection":[{"href":"https:\/\/radiorevelacionfm.cl\/index.php?rest_route=\/wp\/v2\/posts"}],"about":[{"href":"https:\/\/radiorevelacionfm.cl\/index.php?rest_route=\/wp\/v2\/types\/post"}],"author":[{"embeddable":true,"href":"https:\/\/radiorevelacionfm.cl\/index.php?rest_route=\/wp\/v2\/users\/1"}],"replies":[{"embeddable":true,"href":"https:\/\/radiorevelacionfm.cl\/index.php?rest_route=%2Fwp%2Fv2%2Fcomments&post=31974"}],"version-history":[{"count":1,"href":"https:\/\/radiorevelacionfm.cl\/index.php?rest_route=\/wp\/v2\/posts\/31974\/revisions"}],"predecessor-version":[{"id":31976,"href":"https:\/\/radiorevelacionfm.cl\/index.php?rest_route=\/wp\/v2\/posts\/31974\/revisions\/31976"}],"wp:featuredmedia":[{"embeddable":true,"href":"https:\/\/radiorevelacionfm.cl\/index.php?rest_route=\/wp\/v2\/media\/31975"}],"wp:attachment":[{"href":"https:\/\/radiorevelacionfm.cl\/index.php?rest_route=%2Fwp%2Fv2%2Fmedia&parent=31974"}],"wp:term":[{"taxonomy":"category","embeddable":true,"href":"https:\/\/radiorevelacionfm.cl\/index.php?rest_route=%2Fwp%2Fv2%2Fcategories&post=31974"},{"taxonomy":"post_tag","embeddable":true,"href":"https:\/\/radiorevelacionfm.cl\/index.php?rest_route=%2Fwp%2Fv2%2Ftags&post=31974"}],"curies":[{"name":"wp","href":"https:\/\/api.w.org\/{rel}","templated":true}]}}