{"id":31965,"date":"2023-06-13T13:42:17","date_gmt":"2023-06-13T16:42:17","guid":{"rendered":"https:\/\/radiorevelacionfm.cl\/?p=31965"},"modified":"2023-06-13T13:42:17","modified_gmt":"2023-06-13T16:42:17","slug":"fiscalia-de-aysen-formalizo-investigacion-contra-sujeto-que-agredio-a-su-conviviente-y-amenazo-con-quemar-la-casa","status":"publish","type":"post","link":"https:\/\/radiorevelacionfm.cl\/?p=31965","title":{"rendered":"Fiscal\u00eda de Ays\u00e9n formaliz\u00f3 investigaci\u00f3n contra sujeto que agredi\u00f3 a su conviviente y amenaz\u00f3 con quemar la casa"},"content":{"rendered":"<div class=\"flex_column av_one_full  flex_column_div av-zero-column-padding first  avia-builder-el-0  el_before_av_one_full  avia-builder-el-first  \" style='border-radius:0px; '><div  class='avia-image-container  av-styling-    avia-builder-el-1  avia-builder-el-no-sibling  avia-align-center '  itemprop=\"image\" itemscope=\"itemscope\" itemtype=\"https:\/\/schema.org\/ImageObject\"  ><div class='avia-image-container-inner'><div class='avia-image-overlay-wrap'><img decoding=\"async\" class='wp-image-31966 avia-img-lazy-loading-not-31966 avia_image' src=\"https:\/\/radiorevelacionfm.cl\/wp-content\/uploads\/2023\/06\/fiscalia_aysen1-2-1_optimized.jpg\" alt='' title='fiscalia_aysen1-(2)-(1)_optimized' height=\"600\" width=\"900\"  itemprop=\"thumbnailUrl\" srcset=\"https:\/\/radiorevelacionfm.cl\/wp-content\/uploads\/2023\/06\/fiscalia_aysen1-2-1_optimized.jpg 900w, https:\/\/radiorevelacionfm.cl\/wp-content\/uploads\/2023\/06\/fiscalia_aysen1-2-1_optimized-300x200.jpg 300w, https:\/\/radiorevelacionfm.cl\/wp-content\/uploads\/2023\/06\/fiscalia_aysen1-2-1_optimized-768x512.jpg 768w, https:\/\/radiorevelacionfm.cl\/wp-content\/uploads\/2023\/06\/fiscalia_aysen1-2-1_optimized-705x470.jpg 705w, https:\/\/radiorevelacionfm.cl\/wp-content\/uploads\/2023\/06\/fiscalia_aysen1-2-1_optimized-450x300.jpg 450w, https:\/\/radiorevelacionfm.cl\/wp-content\/uploads\/2023\/06\/fiscalia_aysen1-2-1_optimized-600x400.jpg 600w\" sizes=\"(max-width: 900px) 100vw, 900px\" \/><\/div><\/div><\/div><\/div><div class=\"flex_column av_one_full  flex_column_div av-zero-column-padding first  avia-builder-el-2  el_after_av_one_full  el_before_av_one_full  column-top-margin\" style='border-radius:0px; '><section class=\"av_textblock_section \"  itemscope=\"itemscope\" itemtype=\"https:\/\/schema.org\/BlogPosting\" itemprop=\"blogPost\" ><div class='avia_textblock  '   itemprop=\"text\" ><p style=\"text-align: center;\"><span style=\"font-size: 18pt;\"><b>Fiscal\u00eda de Ays\u00e9n formaliz\u00f3 investigaci\u00f3n contra sujeto que agredi\u00f3 a su conviviente y amenaz\u00f3 con quemar la casa<\/b><\/span><\/p>\n<div id=\"gtx-trans\" style=\"position: absolute; left: -50px; top: 4.31534px;\">\n<div class=\"gtx-trans-icon\"><\/div>\n<\/div>\n<\/div><\/section><\/div><div class=\"flex_column av_one_full  flex_column_div av-zero-column-padding first  avia-builder-el-4  el_after_av_one_full  el_before_av_hr  column-top-margin\" style='border-radius:0px; '><section class=\"av_textblock_section \"  itemscope=\"itemscope\" itemtype=\"https:\/\/schema.org\/BlogPosting\" itemprop=\"blogPost\" ><div class='avia_textblock  '   itemprop=\"text\" ><p style=\"font-weight: 400; text-align: justify;\">La Fiscal\u00eda Local de Puerto Ays\u00e9n formaliz\u00f3 hoy una investigaci\u00f3n por los delitos de lesiones menos graves en el contexto de violencia intrafamiliar, incendio tentado y maltrato de obra a Carabineros con resultado de lesiones leves, en contra de un imputado que este s\u00e1bado fue detenido por personal de Carabineros de la Segunda Comisar\u00eda tras haber agredido a su conviviente en un domicilio de dicha comuna, seg\u00fan explic\u00f3 la fiscal Estefan\u00eda Leiva Cabezas.<\/p>\n<p style=\"font-weight: 400; text-align: justify;\">La v\u00edctima denunci\u00f3 a Carabineros haber sido agredida por su conviviente, quien tambi\u00e9n la amenaz\u00f3 con quemar la casa e incluso arroj\u00f3 combustible a la vivienda. Tras la detenci\u00f3n del imputado, la Fiscal\u00eda control\u00f3 su detenci\u00f3n el domingo reci\u00e9n pasado y la ampli\u00f3 hasta este martes donde fue finalmente formalizado.<\/p>\n<p style=\"font-weight: 400; text-align: justify;\">\u00abEn el contexto de una denuncia por violencia intrafamiliar, un sujeto fue detenido y controlada su detenci\u00f3n el domingo, en raz\u00f3n de una denuncia realizada por su conviviente, quien se\u00f1al\u00f3 que este le hab\u00eda provocado lesiones de car\u00e1cter menos grave. Adem\u00e1s de ello, la habr\u00eda amenazado con incendiar su casa, para lo cual habr\u00eda arrojado combustible en la casa habitaci\u00f3n\u00bb, explic\u00f3 la fiscal Estefan\u00eda Leiva. En la investigaci\u00f3n del caso, la Fiscal\u00eda local de Ays\u00e9n solicit\u00f3 diligencias al Laboratorio de Criminal\u00edstica de Carabineros, Labocar.<\/p>\n<p style=\"font-weight: 400; text-align: justify;\">\u201cEl Ministerio P\u00fablico solicit\u00f3 la prisi\u00f3n preventiva la cual fue concedida mientras dure la investigaci\u00f3n y se fij\u00f3 un plazo de 60 d\u00edas\u201d, concluy\u00f3 la fiscal Estefan\u00eda Leiva. A la audiencia de formalizaci\u00f3n, compareci\u00f3 el fiscal Alex Olivero N\u00fa\u00f1ez.<\/p>\n<p style=\"font-weight: 400; text-align: justify;\">El imputado, tras resoluci\u00f3n del Juzgado de Garant\u00eda de Puerto Ays\u00e9n, fue derivado al Complejo Penitenciario de Puerto Ays\u00e9n.<\/p>\n<\/div><\/section><\/div><div  style='height:50px' class='hr hr-invisible   avia-builder-el-6  el_after_av_one_full  el_before_av_social_share '><span class='hr-inner ' ><span class='hr-inner-style'><\/span><\/span><\/div><\/p>\n<div  class='av-social-sharing-box  avia-builder-el-7  el_after_av_hr  el_before_av_hr  '><div class='av-share-box'><h5 class='av-share-link-description av-no-toc '>Compartir esta noticia<\/h5><ul class='av-share-box-list noLightbox'><li class='av-share-link av-social-link-facebook' ><a target=\"_blank\" aria-label=\"Compartir en Facebook\" href='https:\/\/www.facebook.com\/sharer.php?u=https:\/\/radiorevelacionfm.cl\/?p=31965&#038;t=Fiscal%C3%ADa%20de%20Ays%C3%A9n%20formaliz%C3%B3%20investigaci%C3%B3n%20contra%20sujeto%20que%20agredi%C3%B3%20a%20su%20conviviente%20y%20amenaz%C3%B3%20con%20quemar%20la%20casa' aria-hidden='false' data-av_icon='\ue8f3' data-av_iconfont='entypo-fontello' title='' data-avia-related-tooltip='Compartir en Facebook' rel=\"noopener\"><span class='avia_hidden_link_text'>Compartir en Facebook<\/span><\/a><\/li><li class='av-share-link av-social-link-twitter' ><a target=\"_blank\" aria-label=\"Compartir en Twitter\" href='https:\/\/twitter.com\/share?text=Fiscal%C3%ADa%20de%20Ays%C3%A9n%20formaliz%C3%B3%20investigaci%C3%B3n%20contra%20sujeto%20que%20agredi%C3%B3%20a%20su%20conviviente%20y%20amenaz%C3%B3%20con%20quemar%20la%20casa&#038;url=https:\/\/radiorevelacionfm.cl\/?p=31965' aria-hidden='false' data-av_icon='\ue8f1' data-av_iconfont='entypo-fontello' title='' data-avia-related-tooltip='Compartir en Twitter' rel=\"noopener\"><span class='avia_hidden_link_text'>Compartir en Twitter<\/span><\/a><\/li><li class='av-share-link av-social-link-whatsapp' ><a target=\"_blank\" aria-label=\"Compartir en Whatsapp\" href='https:\/\/api.whatsapp.com\/send?text=https:\/\/radiorevelacionfm.cl\/?p=31965' aria-hidden='false' data-av_icon='\uf232' data-av_iconfont='entypo-fontello' title='' data-avia-related-tooltip='Compartir en Whatsapp' rel=\"noopener\"><span class='avia_hidden_link_text'>Compartir en Whatsapp<\/span><\/a><\/li><li class='av-share-link av-social-link-linkedin' ><a target=\"_blank\" aria-label=\"Compartir en LinkedIn\" href='https:\/\/linkedin.com\/shareArticle?mini=true&#038;title=Fiscal%C3%ADa%20de%20Ays%C3%A9n%20formaliz%C3%B3%20investigaci%C3%B3n%20contra%20sujeto%20que%20agredi%C3%B3%20a%20su%20conviviente%20y%20amenaz%C3%B3%20con%20quemar%20la%20casa&#038;url=https:\/\/radiorevelacionfm.cl\/?p=31965' aria-hidden='false' data-av_icon='\ue8fc' data-av_iconfont='entypo-fontello' title='' data-avia-related-tooltip='Compartir en LinkedIn' rel=\"noopener\"><span class='avia_hidden_link_text'>Compartir en LinkedIn<\/span><\/a><\/li><li class='av-share-link av-social-link-mail' ><a  aria-label=\"Compartir por correo\" href='mailto:?subject=Fiscal%C3%ADa%20de%20Ays%C3%A9n%20formaliz%C3%B3%20investigaci%C3%B3n%20contra%20sujeto%20que%20agredi%C3%B3%20a%20su%20conviviente%20y%20amenaz%C3%B3%20con%20quemar%20la%20casa&#038;body=https:\/\/radiorevelacionfm.cl\/?p=31965' aria-hidden='false' data-av_icon='\ue805' data-av_iconfont='entypo-fontello' title='' data-avia-related-tooltip='Compartir por correo'><span class='avia_hidden_link_text'>Compartir por correo<\/span><\/a><\/li><\/ul><\/div><\/div>\n<div  style='height:50px' class='hr hr-invisible   avia-builder-el-8  el_after_av_social_share  el_before_av_comments_list '><span class='hr-inner ' ><span class='hr-inner-style'><\/span><\/span><\/div>\n<div  class='av-buildercomment  av-blog-meta-html-info-disabled av-blog-meta-tag-disabled  '><\/div>\n","protected":false},"excerpt":{"rendered":"","protected":false},"author":1,"featured_media":31966,"comment_status":"open","ping_status":"open","sticky":false,"template":"","format":"standard","meta":{"footnotes":""},"categories":[36],"tags":[],"class_list":["post-31965","post","type-post","status-publish","format-standard","has-post-thumbnail","hentry","category-policial"],"jetpack_featured_media_url":"https:\/\/radiorevelacionfm.cl\/wp-content\/uploads\/2023\/06\/fiscalia_aysen1-2-1_optimized.jpg","_links":{"self":[{"href":"https:\/\/radiorevelacionfm.cl\/index.php?rest_route=\/wp\/v2\/posts\/31965","targetHints":{"allow":["GET"]}}],"collection":[{"href":"https:\/\/radiorevelacionfm.cl\/index.php?rest_route=\/wp\/v2\/posts"}],"about":[{"href":"https:\/\/radiorevelacionfm.cl\/index.php?rest_route=\/wp\/v2\/types\/post"}],"author":[{"embeddable":true,"href":"https:\/\/radiorevelacionfm.cl\/index.php?rest_route=\/wp\/v2\/users\/1"}],"replies":[{"embeddable":true,"href":"https:\/\/radiorevelacionfm.cl\/index.php?rest_route=%2Fwp%2Fv2%2Fcomments&post=31965"}],"version-history":[{"count":1,"href":"https:\/\/radiorevelacionfm.cl\/index.php?rest_route=\/wp\/v2\/posts\/31965\/revisions"}],"predecessor-version":[{"id":31967,"href":"https:\/\/radiorevelacionfm.cl\/index.php?rest_route=\/wp\/v2\/posts\/31965\/revisions\/31967"}],"wp:featuredmedia":[{"embeddable":true,"href":"https:\/\/radiorevelacionfm.cl\/index.php?rest_route=\/wp\/v2\/media\/31966"}],"wp:attachment":[{"href":"https:\/\/radiorevelacionfm.cl\/index.php?rest_route=%2Fwp%2Fv2%2Fmedia&parent=31965"}],"wp:term":[{"taxonomy":"category","embeddable":true,"href":"https:\/\/radiorevelacionfm.cl\/index.php?rest_route=%2Fwp%2Fv2%2Fcategories&post=31965"},{"taxonomy":"post_tag","embeddable":true,"href":"https:\/\/radiorevelacionfm.cl\/index.php?rest_route=%2Fwp%2Fv2%2Ftags&post=31965"}],"curies":[{"name":"wp","href":"https:\/\/api.w.org\/{rel}","templated":true}]}}