{"id":31962,"date":"2023-06-13T12:47:32","date_gmt":"2023-06-13T15:47:32","guid":{"rendered":"https:\/\/radiorevelacionfm.cl\/?p=31962"},"modified":"2023-06-13T12:47:32","modified_gmt":"2023-06-13T15:47:32","slug":"suenos-de-otono-en-los-cuatro-lagos-artesanas-de-lago-pollux-lanzaran-su-primera-coleccion-textil","status":"publish","type":"post","link":"https:\/\/radiorevelacionfm.cl\/?p=31962","title":{"rendered":"Sue\u00f1os de oto\u00f1o en los cuatro lagos: Artesanas de Lago Pollux lanzar\u00e1n su primera colecci\u00f3n textil"},"content":{"rendered":"<div class=\"flex_column av_one_full  flex_column_div av-zero-column-padding first  avia-builder-el-0  el_before_av_one_full  avia-builder-el-first  \" style='border-radius:0px; '><div  class='avia-image-container  av-styling-    avia-builder-el-1  avia-builder-el-no-sibling  avia-align-center '  itemprop=\"image\" itemscope=\"itemscope\" itemtype=\"https:\/\/schema.org\/ImageObject\"  ><div class='avia-image-container-inner'><div class='avia-image-overlay-wrap'><img decoding=\"async\" class='wp-image-31963 avia-img-lazy-loading-not-31963 avia_image' src=\"https:\/\/radiorevelacionfm.cl\/wp-content\/uploads\/2023\/06\/tejido-colectivo-1_optimized.jpeg\" alt='' title='tejido-colectivo-(1)_optimized' height=\"600\" width=\"800\"  itemprop=\"thumbnailUrl\" srcset=\"https:\/\/radiorevelacionfm.cl\/wp-content\/uploads\/2023\/06\/tejido-colectivo-1_optimized.jpeg 800w, https:\/\/radiorevelacionfm.cl\/wp-content\/uploads\/2023\/06\/tejido-colectivo-1_optimized-300x225.jpeg 300w, https:\/\/radiorevelacionfm.cl\/wp-content\/uploads\/2023\/06\/tejido-colectivo-1_optimized-768x576.jpeg 768w, https:\/\/radiorevelacionfm.cl\/wp-content\/uploads\/2023\/06\/tejido-colectivo-1_optimized-705x529.jpeg 705w, https:\/\/radiorevelacionfm.cl\/wp-content\/uploads\/2023\/06\/tejido-colectivo-1_optimized-450x338.jpeg 450w, https:\/\/radiorevelacionfm.cl\/wp-content\/uploads\/2023\/06\/tejido-colectivo-1_optimized-600x450.jpeg 600w\" sizes=\"(max-width: 800px) 100vw, 800px\" \/><\/div><\/div><\/div><\/div><div class=\"flex_column av_one_full  flex_column_div av-zero-column-padding first  avia-builder-el-2  el_after_av_one_full  el_before_av_one_full  column-top-margin\" style='border-radius:0px; '><section class=\"av_textblock_section \"  itemscope=\"itemscope\" itemtype=\"https:\/\/schema.org\/BlogPosting\" itemprop=\"blogPost\" ><div class='avia_textblock  '   itemprop=\"text\" ><p style=\"text-align: center;\"><strong><span style=\"font-size: 18pt;\">Sue\u00f1os de oto\u00f1o en los cuatro lagos: Artesanas de Lago Pollux lanzar\u00e1n su primera colecci\u00f3n textil<\/span><\/strong><\/p>\n<div id=\"gtx-trans\" style=\"position: absolute; left: -50px; top: 4.31534px;\">\n<div class=\"gtx-trans-icon\"><\/div>\n<\/div>\n<\/div><\/section><\/div><div class=\"flex_column av_one_full  flex_column_div av-zero-column-padding first  avia-builder-el-4  el_after_av_one_full  el_before_av_hr  column-top-margin\" style='border-radius:0px; '><section class=\"av_textblock_section \"  itemscope=\"itemscope\" itemtype=\"https:\/\/schema.org\/BlogPosting\" itemprop=\"blogPost\" ><div class='avia_textblock  '   itemprop=\"text\" ><p dir=\"ltr\" style=\"text-align: justify;\">Un recorrido por el proceso creativo, una visita guiada por las piezas textiles y la presentaci\u00f3n oficial de la Agrupaci\u00f3n Ribera de los Lagos son parte de la programaci\u00f3n del lanzamiento de la colecci\u00f3n que se realizar\u00e1 este viernes 16 de junio en el Centro Cultural Coyhaique.<\/p>\n<p dir=\"ltr\" style=\"text-align: justify;\">\u201cSue\u00f1os de oto\u00f1o en los cuatro lagos\u201d es el nombre de la primera colecci\u00f3n textil colectiva desarrollada por las artesanas de la Agrupaci\u00f3n Ribera de los Lagos en alianza con la Organizaci\u00f3n Pulso Austral. Su lanzamiento ser\u00e1 este viernes 16 de junio a las 11:30 horas en el Centro Cultural Coyhaique, enmarcado en el programa\u00a0Laboratorios Creativos de Oficios Textiles\u00a0que, en esta versi\u00f3n, fue financiado por el Fondo Nacional de Desarrollo Regional (FNDR), Gobierno Regional de Ays\u00e9n.<\/p>\n<p dir=\"ltr\" style=\"text-align: justify;\">La colecci\u00f3n textil se inspira en las texturas, colores y patrones de la estaci\u00f3n de oto\u00f1o en los cuatro lagos: Fr\u00edo, Castor, Pollux y Thompson, dando vida a un conjunto de creaciones dise\u00f1adas en forma colaborativa por las diez artesanas provenientes de estos sectores rurales y cordilleranos de la comuna de Coyhaique. Piezas textiles que abrigar\u00e1n una habitaci\u00f3n patagona y que rinden homenaje a sus paisajes rurales y a los oficios textiles que heredaron de sus antepasadas. La colecci\u00f3n se mantendr\u00e1 en exhibici\u00f3n hasta el d\u00eda 3 de julio.<\/p>\n<p dir=\"ltr\" style=\"text-align: justify;\">Para la tejedora Marcela Fuentes, lo m\u00e1s significativo del proceso fue la posibilidad de \u201caprender nuevas cosas\u201d, permitiendo llevar los conocimientos textiles a otros lugares de creaci\u00f3n. En tanto, Enaldy Alvial, presidenta de la agrupaci\u00f3n, destaca la posibilidad de \u201creconocerse dentro de las mujeres con todas sus habilidades y destreza, as\u00ed como la amistad y los lazos que se han formado en el grupo\u201d, instancias que se fortalecen con la metodolog\u00eda que se trabaja en estos laboratorios creativos.<\/p>\n<p dir=\"ltr\" style=\"text-align: justify;\">Por su parte, Nancia Olavarr\u00eda reconoce la importancia de estos encuentros textiles. \u201cUn espacio para conocernos e incorporar a nuevas personas a la agrupaci\u00f3n. Tambi\u00e9n creando nuevas cosas y colores que nos han llevado a generar estas magias del color, cosas que aprendimos durante el proceso\u201d, coment\u00f3 la artesana.<\/p>\n<p dir=\"ltr\" style=\"text-align: justify;\"><strong>De la naturaleza al textil<\/strong><\/p>\n<p dir=\"ltr\" style=\"text-align: justify;\">La dise\u00f1adora del programa Laboratorios Creativos de Oficios Textiles, Alejandra Chaparro, profundiz\u00f3 en las inspiraciones naturales de la colecci\u00f3n tejida colaborativamente. \u201cLas artesanas se inspiraron en los bosques de lenga del lago Pollux. Despu\u00e9s de pasear y caminar por sus alrededores, recopilamos muestras del bosque oto\u00f1al, rescatando sus colores ocres y rojizos\u2026 Buscamos patrones que se repitieran en la naturaleza, en las hojas, ramas y \u00e1rboles. Desde all\u00ed, cada una seleccion\u00f3 algunos elementos naturales y trabajamos en sus muestras textiles, basadas en ese patr\u00f3n. Desde esa exploraci\u00f3n, nace esta colecci\u00f3n de uso dom\u00e9stico: carpetas, cojines, bajadas de cama, murales decorativos, cenefas y cortinas\u201d.<\/p>\n<p dir=\"ltr\" style=\"text-align: justify;\">En tanto, Cecilia Moura, psic\u00f3loga y directora de Pulso Austral, destaca c\u00f3mo se ha fortalecido esta agrupaci\u00f3n y c\u00f3mo ello tambi\u00e9n ha impactado en el bienestar de las artesanas. \u201cHemos tenido la oportunidad de trabajar con diez agrupaciones de artesanas de la regi\u00f3n de Ays\u00e9n y nos sorprende ver lo qu\u00e9 pasa en los laboratorios creativos, no solo en materia de dise\u00f1o y tejido, sino tambi\u00e9n desde los v\u00ednculos. En esta experiencia, gracias a los encuentros que realizamos este semestre con las artesanas de los cuatro lagos, ellas han podido reencontrarse tras un largo periodo de pandemia y reactivar su agrupaci\u00f3n. Tambi\u00e9n han podido sortear las dificultades territoriales que tienen para reunirse y motivarse a desarrollar sus oficios textiles desde la colaboraci\u00f3n\u201d.<\/p>\n<p dir=\"ltr\" style=\"text-align: justify;\">Finalmente, cabe se\u00f1alar que el lanzamiento se realizar\u00e1 este viernes 16 de junio a las 11.30 horas en el segundo piso del Centro Cultural Coyhaique y la colecci\u00f3n se mantendr\u00e1 en exhibici\u00f3n hasta el d\u00eda 3 de julio. La actividad, abierta a toda la comunidad, contempla un conversatorio con las creadoras, quienes relatar\u00e1n el proceso detr\u00e1s de su primera colecci\u00f3n colectiva y una visita guiada\u00a0por la exposici\u00f3n textil que abriga una habitaci\u00f3n patagona. Adem\u00e1s de realizar la presentaci\u00f3n oficial de esta agrupaci\u00f3n que re\u00fane a artesanas y campesinas de familias pioneras de los cuatro lagos.<\/p>\n<\/div><\/section><\/div><div  style='height:50px' class='hr hr-invisible   avia-builder-el-6  el_after_av_one_full  el_before_av_social_share '><span class='hr-inner ' ><span class='hr-inner-style'><\/span><\/span><\/div><\/p>\n<div  class='av-social-sharing-box  avia-builder-el-7  el_after_av_hr  el_before_av_hr  '><div class='av-share-box'><h5 class='av-share-link-description av-no-toc '>Compartir esta noticia<\/h5><ul class='av-share-box-list noLightbox'><li class='av-share-link av-social-link-facebook' ><a target=\"_blank\" aria-label=\"Compartir en Facebook\" href='https:\/\/www.facebook.com\/sharer.php?u=https:\/\/radiorevelacionfm.cl\/?p=31962&#038;t=Sue%C3%B1os%20de%20oto%C3%B1o%20en%20los%20cuatro%20lagos%3A%20Artesanas%20de%20Lago%20Pollux%20lanzar%C3%A1n%20su%20primera%20colecci%C3%B3n%20textil' aria-hidden='false' data-av_icon='\ue8f3' data-av_iconfont='entypo-fontello' title='' data-avia-related-tooltip='Compartir en Facebook' rel=\"noopener\"><span class='avia_hidden_link_text'>Compartir en Facebook<\/span><\/a><\/li><li class='av-share-link av-social-link-twitter' ><a target=\"_blank\" aria-label=\"Compartir en Twitter\" href='https:\/\/twitter.com\/share?text=Sue%C3%B1os%20de%20oto%C3%B1o%20en%20los%20cuatro%20lagos%3A%20Artesanas%20de%20Lago%20Pollux%20lanzar%C3%A1n%20su%20primera%20colecci%C3%B3n%20textil&#038;url=https:\/\/radiorevelacionfm.cl\/?p=31962' aria-hidden='false' data-av_icon='\ue8f1' data-av_iconfont='entypo-fontello' title='' data-avia-related-tooltip='Compartir en Twitter' rel=\"noopener\"><span class='avia_hidden_link_text'>Compartir en Twitter<\/span><\/a><\/li><li class='av-share-link av-social-link-whatsapp' ><a target=\"_blank\" aria-label=\"Compartir en Whatsapp\" href='https:\/\/api.whatsapp.com\/send?text=https:\/\/radiorevelacionfm.cl\/?p=31962' aria-hidden='false' data-av_icon='\uf232' data-av_iconfont='entypo-fontello' title='' data-avia-related-tooltip='Compartir en Whatsapp' rel=\"noopener\"><span class='avia_hidden_link_text'>Compartir en Whatsapp<\/span><\/a><\/li><li class='av-share-link av-social-link-linkedin' ><a target=\"_blank\" aria-label=\"Compartir en LinkedIn\" href='https:\/\/linkedin.com\/shareArticle?mini=true&#038;title=Sue%C3%B1os%20de%20oto%C3%B1o%20en%20los%20cuatro%20lagos%3A%20Artesanas%20de%20Lago%20Pollux%20lanzar%C3%A1n%20su%20primera%20colecci%C3%B3n%20textil&#038;url=https:\/\/radiorevelacionfm.cl\/?p=31962' aria-hidden='false' data-av_icon='\ue8fc' data-av_iconfont='entypo-fontello' title='' data-avia-related-tooltip='Compartir en LinkedIn' rel=\"noopener\"><span class='avia_hidden_link_text'>Compartir en LinkedIn<\/span><\/a><\/li><li class='av-share-link av-social-link-mail' ><a  aria-label=\"Compartir por correo\" href='mailto:?subject=Sue%C3%B1os%20de%20oto%C3%B1o%20en%20los%20cuatro%20lagos%3A%20Artesanas%20de%20Lago%20Pollux%20lanzar%C3%A1n%20su%20primera%20colecci%C3%B3n%20textil&#038;body=https:\/\/radiorevelacionfm.cl\/?p=31962' aria-hidden='false' data-av_icon='\ue805' data-av_iconfont='entypo-fontello' title='' data-avia-related-tooltip='Compartir por correo'><span class='avia_hidden_link_text'>Compartir por correo<\/span><\/a><\/li><\/ul><\/div><\/div>\n<div  style='height:50px' class='hr hr-invisible   avia-builder-el-8  el_after_av_social_share  el_before_av_comments_list '><span class='hr-inner ' ><span class='hr-inner-style'><\/span><\/span><\/div>\n<div  class='av-buildercomment  av-blog-meta-html-info-disabled av-blog-meta-tag-disabled  '><\/div>\n","protected":false},"excerpt":{"rendered":"","protected":false},"author":1,"featured_media":31963,"comment_status":"open","ping_status":"open","sticky":false,"template":"","format":"standard","meta":{"footnotes":""},"categories":[38],"tags":[],"class_list":["post-31962","post","type-post","status-publish","format-standard","has-post-thumbnail","hentry","category-regional"],"jetpack_featured_media_url":"https:\/\/radiorevelacionfm.cl\/wp-content\/uploads\/2023\/06\/tejido-colectivo-1_optimized.jpeg","_links":{"self":[{"href":"https:\/\/radiorevelacionfm.cl\/index.php?rest_route=\/wp\/v2\/posts\/31962","targetHints":{"allow":["GET"]}}],"collection":[{"href":"https:\/\/radiorevelacionfm.cl\/index.php?rest_route=\/wp\/v2\/posts"}],"about":[{"href":"https:\/\/radiorevelacionfm.cl\/index.php?rest_route=\/wp\/v2\/types\/post"}],"author":[{"embeddable":true,"href":"https:\/\/radiorevelacionfm.cl\/index.php?rest_route=\/wp\/v2\/users\/1"}],"replies":[{"embeddable":true,"href":"https:\/\/radiorevelacionfm.cl\/index.php?rest_route=%2Fwp%2Fv2%2Fcomments&post=31962"}],"version-history":[{"count":1,"href":"https:\/\/radiorevelacionfm.cl\/index.php?rest_route=\/wp\/v2\/posts\/31962\/revisions"}],"predecessor-version":[{"id":31964,"href":"https:\/\/radiorevelacionfm.cl\/index.php?rest_route=\/wp\/v2\/posts\/31962\/revisions\/31964"}],"wp:featuredmedia":[{"embeddable":true,"href":"https:\/\/radiorevelacionfm.cl\/index.php?rest_route=\/wp\/v2\/media\/31963"}],"wp:attachment":[{"href":"https:\/\/radiorevelacionfm.cl\/index.php?rest_route=%2Fwp%2Fv2%2Fmedia&parent=31962"}],"wp:term":[{"taxonomy":"category","embeddable":true,"href":"https:\/\/radiorevelacionfm.cl\/index.php?rest_route=%2Fwp%2Fv2%2Fcategories&post=31962"},{"taxonomy":"post_tag","embeddable":true,"href":"https:\/\/radiorevelacionfm.cl\/index.php?rest_route=%2Fwp%2Fv2%2Ftags&post=31962"}],"curies":[{"name":"wp","href":"https:\/\/api.w.org\/{rel}","templated":true}]}}