{"id":31956,"date":"2023-06-13T15:24:52","date_gmt":"2023-06-13T18:24:52","guid":{"rendered":"https:\/\/radiorevelacionfm.cl\/?p=31956"},"modified":"2023-06-13T15:24:52","modified_gmt":"2023-06-13T18:24:52","slug":"comunidad-aysenina-plantea-necesidad-de-programas-enfocados-en-salud-mental-a-subsecretaria-de-desarrollo-social","status":"publish","type":"post","link":"https:\/\/radiorevelacionfm.cl\/?p=31956","title":{"rendered":"Comunidad aysenina plantea necesidad de programas enfocados en salud mental a Subsecretaria de Desarrollo Social"},"content":{"rendered":"<div class=\"flex_column av_one_full  flex_column_div av-zero-column-padding first  avia-builder-el-0  el_before_av_one_full  avia-builder-el-first  \" style='border-radius:0px; '><div  class='avia-image-container  av-styling-    avia-builder-el-1  avia-builder-el-no-sibling  avia-align-center '  itemprop=\"image\" itemscope=\"itemscope\" itemtype=\"https:\/\/schema.org\/ImageObject\"  ><div class='avia-image-container-inner'><div class='avia-image-overlay-wrap'><img decoding=\"async\" class='wp-image-31957 avia-img-lazy-loading-not-31957 avia_image' src=\"https:\/\/radiorevelacionfm.cl\/wp-content\/uploads\/2023\/06\/ALCALDE-SUBSECRETARIA_-7-1-1.jpg\" alt='' title='ALCALDE SUBSECRETARIA_-7 (1) (1)' height=\"600\" width=\"900\"  itemprop=\"thumbnailUrl\" srcset=\"https:\/\/radiorevelacionfm.cl\/wp-content\/uploads\/2023\/06\/ALCALDE-SUBSECRETARIA_-7-1-1.jpg 900w, https:\/\/radiorevelacionfm.cl\/wp-content\/uploads\/2023\/06\/ALCALDE-SUBSECRETARIA_-7-1-1-300x200.jpg 300w, https:\/\/radiorevelacionfm.cl\/wp-content\/uploads\/2023\/06\/ALCALDE-SUBSECRETARIA_-7-1-1-768x512.jpg 768w, https:\/\/radiorevelacionfm.cl\/wp-content\/uploads\/2023\/06\/ALCALDE-SUBSECRETARIA_-7-1-1-705x470.jpg 705w, https:\/\/radiorevelacionfm.cl\/wp-content\/uploads\/2023\/06\/ALCALDE-SUBSECRETARIA_-7-1-1-450x300.jpg 450w, https:\/\/radiorevelacionfm.cl\/wp-content\/uploads\/2023\/06\/ALCALDE-SUBSECRETARIA_-7-1-1-600x400.jpg 600w\" sizes=\"(max-width: 900px) 100vw, 900px\" \/><\/div><\/div><\/div><\/div><div class=\"flex_column av_one_full  flex_column_div av-zero-column-padding first  avia-builder-el-2  el_after_av_one_full  el_before_av_one_full  column-top-margin\" style='border-radius:0px; '><section class=\"av_textblock_section \"  itemscope=\"itemscope\" itemtype=\"https:\/\/schema.org\/BlogPosting\" itemprop=\"blogPost\" ><div class='avia_textblock  '   itemprop=\"text\" ><p style=\"text-align: center;\"><strong><span style=\"font-size: 18pt;\">Comunidad aysenina plantea necesidad de programas enfocados en salud mental a Subsecretaria de Desarrollo Social <\/span><\/strong><\/p>\n<div id=\"gtx-trans\" style=\"position: absolute; left: -50px; top: 4.31534px;\">\n<div class=\"gtx-trans-icon\"><\/div>\n<\/div>\n<\/div><\/section><\/div><div class=\"flex_column av_one_full  flex_column_div av-zero-column-padding first  avia-builder-el-4  el_after_av_one_full  el_before_av_hr  column-top-margin\" style='border-radius:0px; '><section class=\"av_textblock_section \"  itemscope=\"itemscope\" itemtype=\"https:\/\/schema.org\/BlogPosting\" itemprop=\"blogPost\" ><div class='avia_textblock  '   itemprop=\"text\" ><p style=\"text-align: justify;\">La semana pasada, el alcalde de Ays\u00e9n, Julio Uribe Alvarado, sostuvo una reuni\u00f3n con la subsecretaria de Servicios Sociales, Francisca Perales y la seremi de Desarrollo Social, Karina Acevedo, en la cual trataron los actuales programas de apoyo que se est\u00e1n efectuando en la comuna, as\u00ed como posibles nuevas iniciativas de apoyo para los j\u00f3venes de Ays\u00e9n.<\/p>\n<p style=\"text-align: justify;\">\u201cPara el municipio es muy importante tener esta vinculaci\u00f3n con los ministerios\u201d, indic\u00f3 el alcalde Uribe, agregando que \u201csi bien estamos trabajando en diferentes programas junto al Ministerio de Desarrollo Social a trav\u00e9s de su seremi, Karina Acevedo, hoy nos enfocamos en plantear nuevos programas para nuestros j\u00f3venes\u201d.<\/p>\n<p style=\"text-align: justify;\">Esto, en l\u00ednea con la relevancia que ha cobrado la problem\u00e1tica de la falta de acceso a salud mental por parte de la poblaci\u00f3n, especialmente la juventud. Es por esta raz\u00f3n que desde el municipio se plante\u00f3 ante la autoridad ministerial la implementaci\u00f3n de nuevos programas en directo apoyo de entregar oportunidades y espacios de participaci\u00f3n.<\/p>\n<p style=\"text-align: justify;\">\u201cHoy tenemos familias que est\u00e1n desintegradas por la situaci\u00f3n de alg\u00fan familiar, y debemos preocuparnos por esta situaci\u00f3n que afecta a una gran cantidad de vecinas y vecinos\u201d, agreg\u00f3 Uribe, refiri\u00e9ndose a quienes realizan trabajos de cuidados con sus hijos o adultos mayores.<\/p>\n<p style=\"text-align: justify;\">Respecto de este \u00faltimo t\u00f3pico, la subsecretaria Paredes indic\u00f3 que \u201chemos conversado con personas beneficiarias de nuestros programas para elaborar una pol\u00edtica nacional de cuidados que permita crear un sistema nacional para que el Estado se haga cargo de este tema como un actor relevante, desde la primera infancia hasta la vejez\u201d, destacando la importancia de esta labor.<\/p>\n<p style=\"text-align: justify;\">Respecto de estas instancias de di\u00e1logo, el delegado presidencial provincial, Jorge D\u00edaz, indic\u00f3 que \u201cqueremos acercarnos a los beneficiarios directos, que son quienes saben, sufren y tienen aspiraciones respecto de c\u00f3mo enfrentar estos desaf\u00edos. Por eso, nos alegra estar con vecinos que podr\u00e1n amplificar esta discusi\u00f3n con sus comunidades a trav\u00e9s del trabajo conjunto con el municipio y el Ministerio\u201d.<\/p>\n<\/div><\/section><\/div><div  style='height:50px' class='hr hr-invisible   avia-builder-el-6  el_after_av_one_full  el_before_av_social_share '><span class='hr-inner ' ><span class='hr-inner-style'><\/span><\/span><\/div><\/p>\n<div  class='av-social-sharing-box  avia-builder-el-7  el_after_av_hr  el_before_av_hr  '><div class='av-share-box'><h5 class='av-share-link-description av-no-toc '>Compartir esta noticia<\/h5><ul class='av-share-box-list noLightbox'><li class='av-share-link av-social-link-facebook' ><a target=\"_blank\" aria-label=\"Compartir en Facebook\" href='https:\/\/www.facebook.com\/sharer.php?u=https:\/\/radiorevelacionfm.cl\/?p=31956&#038;t=Comunidad%20aysenina%20plantea%20necesidad%20de%20programas%20enfocados%20en%20salud%20mental%20a%20Subsecretaria%20de%20Desarrollo%20Social' aria-hidden='false' data-av_icon='\ue8f3' data-av_iconfont='entypo-fontello' title='' data-avia-related-tooltip='Compartir en Facebook' rel=\"noopener\"><span class='avia_hidden_link_text'>Compartir en Facebook<\/span><\/a><\/li><li class='av-share-link av-social-link-twitter' ><a target=\"_blank\" aria-label=\"Compartir en Twitter\" href='https:\/\/twitter.com\/share?text=Comunidad%20aysenina%20plantea%20necesidad%20de%20programas%20enfocados%20en%20salud%20mental%20a%20Subsecretaria%20de%20Desarrollo%20Social&#038;url=https:\/\/radiorevelacionfm.cl\/?p=31956' aria-hidden='false' data-av_icon='\ue8f1' data-av_iconfont='entypo-fontello' title='' data-avia-related-tooltip='Compartir en Twitter' rel=\"noopener\"><span class='avia_hidden_link_text'>Compartir en Twitter<\/span><\/a><\/li><li class='av-share-link av-social-link-whatsapp' ><a target=\"_blank\" aria-label=\"Compartir en Whatsapp\" href='https:\/\/api.whatsapp.com\/send?text=https:\/\/radiorevelacionfm.cl\/?p=31956' aria-hidden='false' data-av_icon='\uf232' data-av_iconfont='entypo-fontello' title='' data-avia-related-tooltip='Compartir en Whatsapp' rel=\"noopener\"><span class='avia_hidden_link_text'>Compartir en Whatsapp<\/span><\/a><\/li><li class='av-share-link av-social-link-linkedin' ><a target=\"_blank\" aria-label=\"Compartir en LinkedIn\" href='https:\/\/linkedin.com\/shareArticle?mini=true&#038;title=Comunidad%20aysenina%20plantea%20necesidad%20de%20programas%20enfocados%20en%20salud%20mental%20a%20Subsecretaria%20de%20Desarrollo%20Social&#038;url=https:\/\/radiorevelacionfm.cl\/?p=31956' aria-hidden='false' data-av_icon='\ue8fc' data-av_iconfont='entypo-fontello' title='' data-avia-related-tooltip='Compartir en LinkedIn' rel=\"noopener\"><span class='avia_hidden_link_text'>Compartir en LinkedIn<\/span><\/a><\/li><li class='av-share-link av-social-link-mail' ><a  aria-label=\"Compartir por correo\" href='mailto:?subject=Comunidad%20aysenina%20plantea%20necesidad%20de%20programas%20enfocados%20en%20salud%20mental%20a%20Subsecretaria%20de%20Desarrollo%20Social&#038;body=https:\/\/radiorevelacionfm.cl\/?p=31956' aria-hidden='false' data-av_icon='\ue805' data-av_iconfont='entypo-fontello' title='' data-avia-related-tooltip='Compartir por correo'><span class='avia_hidden_link_text'>Compartir por correo<\/span><\/a><\/li><\/ul><\/div><\/div>\n<div  style='height:50px' class='hr hr-invisible   avia-builder-el-8  el_after_av_social_share  el_before_av_comments_list '><span class='hr-inner ' ><span class='hr-inner-style'><\/span><\/span><\/div>\n<div  class='av-buildercomment  av-blog-meta-html-info-disabled av-blog-meta-tag-disabled  '><\/div>\n","protected":false},"excerpt":{"rendered":"","protected":false},"author":1,"featured_media":31957,"comment_status":"open","ping_status":"open","sticky":false,"template":"","format":"standard","meta":{"footnotes":""},"categories":[38],"tags":[],"class_list":["post-31956","post","type-post","status-publish","format-standard","has-post-thumbnail","hentry","category-regional"],"jetpack_featured_media_url":"https:\/\/radiorevelacionfm.cl\/wp-content\/uploads\/2023\/06\/ALCALDE-SUBSECRETARIA_-7-1-1.jpg","_links":{"self":[{"href":"https:\/\/radiorevelacionfm.cl\/index.php?rest_route=\/wp\/v2\/posts\/31956","targetHints":{"allow":["GET"]}}],"collection":[{"href":"https:\/\/radiorevelacionfm.cl\/index.php?rest_route=\/wp\/v2\/posts"}],"about":[{"href":"https:\/\/radiorevelacionfm.cl\/index.php?rest_route=\/wp\/v2\/types\/post"}],"author":[{"embeddable":true,"href":"https:\/\/radiorevelacionfm.cl\/index.php?rest_route=\/wp\/v2\/users\/1"}],"replies":[{"embeddable":true,"href":"https:\/\/radiorevelacionfm.cl\/index.php?rest_route=%2Fwp%2Fv2%2Fcomments&post=31956"}],"version-history":[{"count":1,"href":"https:\/\/radiorevelacionfm.cl\/index.php?rest_route=\/wp\/v2\/posts\/31956\/revisions"}],"predecessor-version":[{"id":31958,"href":"https:\/\/radiorevelacionfm.cl\/index.php?rest_route=\/wp\/v2\/posts\/31956\/revisions\/31958"}],"wp:featuredmedia":[{"embeddable":true,"href":"https:\/\/radiorevelacionfm.cl\/index.php?rest_route=\/wp\/v2\/media\/31957"}],"wp:attachment":[{"href":"https:\/\/radiorevelacionfm.cl\/index.php?rest_route=%2Fwp%2Fv2%2Fmedia&parent=31956"}],"wp:term":[{"taxonomy":"category","embeddable":true,"href":"https:\/\/radiorevelacionfm.cl\/index.php?rest_route=%2Fwp%2Fv2%2Fcategories&post=31956"},{"taxonomy":"post_tag","embeddable":true,"href":"https:\/\/radiorevelacionfm.cl\/index.php?rest_route=%2Fwp%2Fv2%2Ftags&post=31956"}],"curies":[{"name":"wp","href":"https:\/\/api.w.org\/{rel}","templated":true}]}}