{"id":31953,"date":"2023-06-13T15:57:55","date_gmt":"2023-06-13T18:57:55","guid":{"rendered":"https:\/\/radiorevelacionfm.cl\/?p=31953"},"modified":"2023-06-13T15:57:55","modified_gmt":"2023-06-13T18:57:55","slug":"circochrane-talleres-circenses-para-ninos-y-ninas-del-sur-de-aysen","status":"publish","type":"post","link":"https:\/\/radiorevelacionfm.cl\/?p=31953","title":{"rendered":"CirCochrane: Talleres circenses para ni\u00f1os y ni\u00f1as del sur de Ays\u00e9n"},"content":{"rendered":"<div class=\"flex_column av_one_full  flex_column_div av-zero-column-padding first  avia-builder-el-0  el_before_av_one_full  avia-builder-el-first  \" style='border-radius:0px; '><div  class='avia-image-container  av-styling-    avia-builder-el-1  avia-builder-el-no-sibling  avia-align-center '  itemprop=\"image\" itemscope=\"itemscope\" itemtype=\"https:\/\/schema.org\/ImageObject\"  ><div class='avia-image-container-inner'><div class='avia-image-overlay-wrap'><img decoding=\"async\" class='wp-image-31954 avia-img-lazy-loading-not-31954 avia_image' src=\"https:\/\/radiorevelacionfm.cl\/wp-content\/uploads\/2023\/06\/IMG_8632-Baja-1-1.jpg\" alt='' title='IMG_8632-Baja (1) (1)' height=\"600\" width=\"900\"  itemprop=\"thumbnailUrl\" srcset=\"https:\/\/radiorevelacionfm.cl\/wp-content\/uploads\/2023\/06\/IMG_8632-Baja-1-1.jpg 900w, https:\/\/radiorevelacionfm.cl\/wp-content\/uploads\/2023\/06\/IMG_8632-Baja-1-1-300x200.jpg 300w, https:\/\/radiorevelacionfm.cl\/wp-content\/uploads\/2023\/06\/IMG_8632-Baja-1-1-768x512.jpg 768w, https:\/\/radiorevelacionfm.cl\/wp-content\/uploads\/2023\/06\/IMG_8632-Baja-1-1-705x470.jpg 705w, https:\/\/radiorevelacionfm.cl\/wp-content\/uploads\/2023\/06\/IMG_8632-Baja-1-1-450x300.jpg 450w, https:\/\/radiorevelacionfm.cl\/wp-content\/uploads\/2023\/06\/IMG_8632-Baja-1-1-600x400.jpg 600w\" sizes=\"(max-width: 900px) 100vw, 900px\" \/><\/div><\/div><\/div><\/div><div class=\"flex_column av_one_full  flex_column_div av-zero-column-padding first  avia-builder-el-2  el_after_av_one_full  el_before_av_one_full  column-top-margin\" style='border-radius:0px; '><section class=\"av_textblock_section \"  itemscope=\"itemscope\" itemtype=\"https:\/\/schema.org\/BlogPosting\" itemprop=\"blogPost\" ><div class='avia_textblock  '   itemprop=\"text\" ><p class=\"v1MsoNormal\" style=\"text-align: center;\" align=\"center\"><span style=\"font-size: 18pt;\"><b><span lang=\"es-419\">CirCochrane: Talleres circenses para ni\u00f1os y ni\u00f1as del sur de Ays\u00e9n<\/span><\/b><\/span><b><\/b><\/p>\n<p class=\"v1MsoNormal\"><span lang=\"es-419\">\u00a0<\/span><\/p>\n<div id=\"gtx-trans\" style=\"position: absolute; left: -50px; top: 4.31534px;\">\n<div class=\"gtx-trans-icon\"><\/div>\n<\/div>\n<\/div><\/section><\/div><div class=\"flex_column av_one_full  flex_column_div av-zero-column-padding first  avia-builder-el-4  el_after_av_one_full  el_before_av_hr  column-top-margin\" style='border-radius:0px; '><section class=\"av_textblock_section \"  itemscope=\"itemscope\" itemtype=\"https:\/\/schema.org\/BlogPosting\" itemprop=\"blogPost\" ><div class='avia_textblock  '   itemprop=\"text\" ><p class=\"v1MsoNormal\" style=\"text-align: justify;\"><span lang=\"es-419\">CirCochrane \u00abTaller de Acrobacia A\u00e9rea para la Infancia\u00bb, es el nombre del proyecto que desde abril y hasta principios de julio se est\u00e1 desarrollando en la austral localidad de Cochrane. La iniciativa es financiada por el Fondo de Artes Esc\u00e9nicas 2023 del Ministerio de las Culturas, las Artes y el Patrimonio.<\/span><\/p>\n<p class=\"v1MsoNormal\" style=\"text-align: justify;\"><span lang=\"es-419\">El objetivo es entregar herramientas para el aprendizaje de las t\u00e9cnicas de tela, trapecio, cuerda y aro, desde la mirada del circo social con elementos de malabarismo funcional. Las actividades son gratuitas para las y los participantes, y contemplan t\u00e9cnicas pedag\u00f3gicas espec\u00edficas para la infancia.<\/span><\/p>\n<p class=\"v1MsoNormal\" style=\"text-align: justify;\"><span lang=\"es-419\">\u00abEn nuestra experiencia el circo, a trav\u00e9s de la exploraci\u00f3n de sus diferentes elementos (malabarismo, acrobacia de piso y acrobacia a\u00e9rea) es una herramienta para que los ni\u00f1as y ni\u00f1os tengan experiencias de juegos que faciliten e integren aspectos que les permitan desarrollar la creatividad y expresarse art\u00edsticamente\u00bb explica la responsable del proyecto, terapeuta ocupacional y profesora de circo infantil<span class=\"v1gmail-Apple-converted-space\">\u00a0<\/span>Nataly Oyarz\u00fan Soto.<\/span><\/p>\n<p class=\"v1MsoNormal\" style=\"text-align: justify;\"><span lang=\"es-419\">De esta forma, se favorece \u00absu desarrollo en diferentes \u00e1reas: social, motriz, psicol\u00f3gica, sensorial y comunitaria, en un ambiente entretenido. A medida que van adquiriendo experiencia y seguridad, comienzan a aprender figuras y combinaciones en el aro, trapecio, telas y cuerda. Y en malabarismo funcional, que es una forma accesible de hacer malabares, desarrollan la coordinaci\u00f3n, curiosidad e investigaci\u00f3n donde ellas y ellos descubren otras formas de manipular diferentes objetos del circo, y que ayudan a otros aspectos de la vida\u00bb.<\/span><\/p>\n<p class=\"v1MsoNormal\" style=\"text-align: justify;\"><span lang=\"es-419\">Los talleres, en que participan 17 ni\u00f1<\/span><span lang=\"X-NONE\">os y ni\u00f1as<span class=\"v1gmail-Apple-converted-space\">\u00a0<\/span><\/span><span lang=\"es-419\">se realizan en un entorno natural, en la sede del Club N\u00e1utico Escualo a orillas del r\u00edo Cochrane. En los d\u00edas en que las condiciones meteorol\u00f3gicas lo permiten, algunos momentos de las clases se desarrollan al aire libre.<span class=\"v1gmail-Apple-converted-space\">\u00a0<\/span><\/span><\/p>\n<p class=\"v1MsoNormal\" style=\"text-align: justify;\"><span lang=\"es-419\">Para<span class=\"v1gmail-Apple-converted-space\">\u00a0<\/span>M\u00e1ximo Catal\u00e1n Mariman (7), las jornadas han sido positivas: \u00abMe gusta que hagamos acrobacia, tela, aro, mi t\u00e9cnica favorita es la tela, me he sentido bien en el taller, le recomiendo a otros ni\u00f1os hacer estas actividades, por as\u00ed en las buenas puedes perder tus miedos, tambi\u00e9n me gusta el trapecio, podemos hacer juegos de habilidades en un lugar bueno que es Escualo y a veces salimos afuera, es un taller s\u00faper divertido\u00bb.<\/span><\/p>\n<p class=\"v1MsoNormal\" style=\"text-align: justify;\"><span lang=\"es-419\">Emilia Calder\u00f3n Dur\u00e1n<span class=\"v1gmail-Apple-converted-space\">\u00a0<\/span><\/span><span lang=\"es-419\">(11) relata que su experiencia \u00abha sido muy linda, porque he podido aprender acrobacia a\u00e9rea, he podido tener un grupo que con el paso del tiempo nos hacemos m\u00e1s unidos, he podido tener a la t\u00eda Naranjita que es s\u00faper buena profesora y siento que gracias a ellos, hoy d\u00eda yo puedo ser la circense, que por decirlo as\u00ed, que soy\u00bb.<\/span><\/p>\n<p class=\"v1MsoNormal\" style=\"text-align: justify;\"><span lang=\"es-419\">Amanda Mancilla Cabello<\/span><span lang=\"es-419\"><span class=\"v1gmail-Apple-converted-space\">\u00a0<\/span>(11), adem\u00e1s de tomar el taller ayuda con las y los m\u00e1s peque\u00f1os: \u00abEl taller ha sido desafiante porque en n\u00famero de figuras en el circo la mayor\u00eda implica equilibrio, agilidad y a pesar de todo eso, igual me animo a levantarme temprano para siempre asistir a circo y ha sido muy entretenido ense\u00f1arles a los m\u00e1s peque\u00f1os, ya que veo como de a poquito a poquito aprenden figuras nuevas y los cuido mientras aprenden figuras nuevas\u00bb.<\/span><\/p>\n<p class=\"v1MsoNormal\" style=\"text-align: justify;\"><span lang=\"es-419\">Para Nataly Oyarz\u00fan \u00abes importante que este tipo de instancias se sigan desarrollando en las diferentes localidades de la regi\u00f3n, ya que es una forma de expresi\u00f3n y fortalece el desarrollo de la comunidad, ya que a trav\u00e9s del arte tienen algo que contar y qu\u00e9 mejor que comenzar desde las infancias que crecen en el territorio\u00bb.<\/span><\/p>\n<p class=\"v1MsoNormal\" style=\"text-align: justify;\"><span lang=\"es-419\">\u00a0<\/span><\/p>\n<\/div><\/section><\/div><div  style='height:50px' class='hr hr-invisible   avia-builder-el-6  el_after_av_one_full  el_before_av_social_share '><span class='hr-inner ' ><span class='hr-inner-style'><\/span><\/span><\/div><\/p>\n<div  class='av-social-sharing-box  avia-builder-el-7  el_after_av_hr  el_before_av_hr  '><div class='av-share-box'><h5 class='av-share-link-description av-no-toc '>Compartir esta noticia<\/h5><ul class='av-share-box-list noLightbox'><li class='av-share-link av-social-link-facebook' ><a target=\"_blank\" aria-label=\"Compartir en Facebook\" href='https:\/\/www.facebook.com\/sharer.php?u=https:\/\/radiorevelacionfm.cl\/?p=31953&#038;t=CirCochrane%3A%20Talleres%20circenses%20para%20ni%C3%B1os%20y%20ni%C3%B1as%20del%20sur%20de%20Ays%C3%A9n' aria-hidden='false' data-av_icon='\ue8f3' data-av_iconfont='entypo-fontello' title='' data-avia-related-tooltip='Compartir en Facebook' rel=\"noopener\"><span class='avia_hidden_link_text'>Compartir en Facebook<\/span><\/a><\/li><li class='av-share-link av-social-link-twitter' ><a target=\"_blank\" aria-label=\"Compartir en Twitter\" href='https:\/\/twitter.com\/share?text=CirCochrane%3A%20Talleres%20circenses%20para%20ni%C3%B1os%20y%20ni%C3%B1as%20del%20sur%20de%20Ays%C3%A9n&#038;url=https:\/\/radiorevelacionfm.cl\/?p=31953' aria-hidden='false' data-av_icon='\ue8f1' data-av_iconfont='entypo-fontello' title='' data-avia-related-tooltip='Compartir en Twitter' rel=\"noopener\"><span class='avia_hidden_link_text'>Compartir en Twitter<\/span><\/a><\/li><li class='av-share-link av-social-link-whatsapp' ><a target=\"_blank\" aria-label=\"Compartir en Whatsapp\" href='https:\/\/api.whatsapp.com\/send?text=https:\/\/radiorevelacionfm.cl\/?p=31953' aria-hidden='false' data-av_icon='\uf232' data-av_iconfont='entypo-fontello' title='' data-avia-related-tooltip='Compartir en Whatsapp' rel=\"noopener\"><span class='avia_hidden_link_text'>Compartir en Whatsapp<\/span><\/a><\/li><li class='av-share-link av-social-link-linkedin' ><a target=\"_blank\" aria-label=\"Compartir en LinkedIn\" href='https:\/\/linkedin.com\/shareArticle?mini=true&#038;title=CirCochrane%3A%20Talleres%20circenses%20para%20ni%C3%B1os%20y%20ni%C3%B1as%20del%20sur%20de%20Ays%C3%A9n&#038;url=https:\/\/radiorevelacionfm.cl\/?p=31953' aria-hidden='false' data-av_icon='\ue8fc' data-av_iconfont='entypo-fontello' title='' data-avia-related-tooltip='Compartir en LinkedIn' rel=\"noopener\"><span class='avia_hidden_link_text'>Compartir en LinkedIn<\/span><\/a><\/li><li class='av-share-link av-social-link-mail' ><a  aria-label=\"Compartir por correo\" href='mailto:?subject=CirCochrane%3A%20Talleres%20circenses%20para%20ni%C3%B1os%20y%20ni%C3%B1as%20del%20sur%20de%20Ays%C3%A9n&#038;body=https:\/\/radiorevelacionfm.cl\/?p=31953' aria-hidden='false' data-av_icon='\ue805' data-av_iconfont='entypo-fontello' title='' data-avia-related-tooltip='Compartir por correo'><span class='avia_hidden_link_text'>Compartir por correo<\/span><\/a><\/li><\/ul><\/div><\/div>\n<div  style='height:50px' class='hr hr-invisible   avia-builder-el-8  el_after_av_social_share  el_before_av_comments_list '><span class='hr-inner ' ><span class='hr-inner-style'><\/span><\/span><\/div>\n<div  class='av-buildercomment  av-blog-meta-html-info-disabled av-blog-meta-tag-disabled  '><\/div>\n","protected":false},"excerpt":{"rendered":"","protected":false},"author":1,"featured_media":31954,"comment_status":"open","ping_status":"open","sticky":false,"template":"","format":"standard","meta":{"footnotes":""},"categories":[38],"tags":[],"class_list":["post-31953","post","type-post","status-publish","format-standard","has-post-thumbnail","hentry","category-regional"],"jetpack_featured_media_url":"https:\/\/radiorevelacionfm.cl\/wp-content\/uploads\/2023\/06\/IMG_8632-Baja-1-1.jpg","_links":{"self":[{"href":"https:\/\/radiorevelacionfm.cl\/index.php?rest_route=\/wp\/v2\/posts\/31953","targetHints":{"allow":["GET"]}}],"collection":[{"href":"https:\/\/radiorevelacionfm.cl\/index.php?rest_route=\/wp\/v2\/posts"}],"about":[{"href":"https:\/\/radiorevelacionfm.cl\/index.php?rest_route=\/wp\/v2\/types\/post"}],"author":[{"embeddable":true,"href":"https:\/\/radiorevelacionfm.cl\/index.php?rest_route=\/wp\/v2\/users\/1"}],"replies":[{"embeddable":true,"href":"https:\/\/radiorevelacionfm.cl\/index.php?rest_route=%2Fwp%2Fv2%2Fcomments&post=31953"}],"version-history":[{"count":1,"href":"https:\/\/radiorevelacionfm.cl\/index.php?rest_route=\/wp\/v2\/posts\/31953\/revisions"}],"predecessor-version":[{"id":31955,"href":"https:\/\/radiorevelacionfm.cl\/index.php?rest_route=\/wp\/v2\/posts\/31953\/revisions\/31955"}],"wp:featuredmedia":[{"embeddable":true,"href":"https:\/\/radiorevelacionfm.cl\/index.php?rest_route=\/wp\/v2\/media\/31954"}],"wp:attachment":[{"href":"https:\/\/radiorevelacionfm.cl\/index.php?rest_route=%2Fwp%2Fv2%2Fmedia&parent=31953"}],"wp:term":[{"taxonomy":"category","embeddable":true,"href":"https:\/\/radiorevelacionfm.cl\/index.php?rest_route=%2Fwp%2Fv2%2Fcategories&post=31953"},{"taxonomy":"post_tag","embeddable":true,"href":"https:\/\/radiorevelacionfm.cl\/index.php?rest_route=%2Fwp%2Fv2%2Ftags&post=31953"}],"curies":[{"name":"wp","href":"https:\/\/api.w.org\/{rel}","templated":true}]}}