{"id":31948,"date":"2023-06-12T21:00:36","date_gmt":"2023-06-13T00:00:36","guid":{"rendered":"https:\/\/radiorevelacionfm.cl\/?p=31948"},"modified":"2023-06-13T14:08:22","modified_gmt":"2023-06-13T17:08:22","slug":"en-internacion-provisoria-quedo-adolescente-imputado-por-homicidio-frustrado-tras-apunalar-a-otro-joven-en-puerto-aysen","status":"publish","type":"post","link":"https:\/\/radiorevelacionfm.cl\/?p=31948","title":{"rendered":"En internaci\u00f3n provisoria qued\u00f3 adolescente imputado por homicidio frustrado tras apu\u00f1alar a otro joven en Puerto Ays\u00e9n"},"content":{"rendered":"<div class=\"flex_column av_one_full  flex_column_div av-zero-column-padding first  avia-builder-el-0  el_before_av_one_full  avia-builder-el-first  \" style='border-radius:0px; '><div  class='avia-image-container  av-styling-    avia-builder-el-1  avia-builder-el-no-sibling  avia-align-center '  itemprop=\"image\" itemscope=\"itemscope\" itemtype=\"https:\/\/schema.org\/ImageObject\"  ><div class='avia-image-container-inner'><div class='avia-image-overlay-wrap'><img decoding=\"async\" class='wp-image-9137 avia-img-lazy-loading-not-9137 avia_image' src=\"https:\/\/radiorevelacionfm.cl\/wp-content\/uploads\/2021\/09\/Carabineros-puerto-aysen-1.jpg\" alt='' title='Carabineros puerto aysen (1)' height=\"636\" width=\"1130\"  itemprop=\"thumbnailUrl\" srcset=\"https:\/\/radiorevelacionfm.cl\/wp-content\/uploads\/2021\/09\/Carabineros-puerto-aysen-1.jpg 1130w, https:\/\/radiorevelacionfm.cl\/wp-content\/uploads\/2021\/09\/Carabineros-puerto-aysen-1-300x169.jpg 300w, https:\/\/radiorevelacionfm.cl\/wp-content\/uploads\/2021\/09\/Carabineros-puerto-aysen-1-1030x580.jpg 1030w, https:\/\/radiorevelacionfm.cl\/wp-content\/uploads\/2021\/09\/Carabineros-puerto-aysen-1-768x432.jpg 768w, https:\/\/radiorevelacionfm.cl\/wp-content\/uploads\/2021\/09\/Carabineros-puerto-aysen-1-705x397.jpg 705w, https:\/\/radiorevelacionfm.cl\/wp-content\/uploads\/2021\/09\/Carabineros-puerto-aysen-1-600x338.jpg 600w\" sizes=\"(max-width: 1130px) 100vw, 1130px\" \/><\/div><\/div><\/div><\/div>\n<div class=\"flex_column av_one_full  flex_column_div av-zero-column-padding first  avia-builder-el-2  el_after_av_one_full  el_before_av_one_full  column-top-margin\" style='border-radius:0px; '><section class=\"av_textblock_section \"  itemscope=\"itemscope\" itemtype=\"https:\/\/schema.org\/BlogPosting\" itemprop=\"blogPost\" ><div class='avia_textblock  '   itemprop=\"text\" ><p style=\"text-align: center;\"><strong><span style=\"font-size: 18pt;\">En internaci\u00f3n provisoria qued\u00f3 adolescente imputado por homicidio frustrado tras apu\u00f1alar a otro joven en Puerto Ays\u00e9n<\/span><\/strong><\/p>\n<div id=\"gtx-trans\" style=\"position: absolute; left: -50px; top: 4.31534px;\">\n<div class=\"gtx-trans-icon\"><\/div>\n<\/div>\n<\/div><\/section><\/div>\n<div class=\"flex_column av_one_full  flex_column_div av-zero-column-padding first  avia-builder-el-4  el_after_av_one_full  el_before_av_hr  column-top-margin\" style='border-radius:0px; '><section class=\"av_textblock_section \"  itemscope=\"itemscope\" itemtype=\"https:\/\/schema.org\/BlogPosting\" itemprop=\"blogPost\" ><div class='avia_textblock  '   itemprop=\"text\" ><p class=\"bajada\" style=\"text-align: justify;\">La v\u00edctima result\u00f3 gravemente herido, por lo que debi\u00f3 ser derivado al Hospital Regional de Coyhaique donde fue sometido a dos intervenciones para salvar su vida.<\/p>\n<p style=\"text-align: justify;\">La Fiscal\u00eda Local de Puerto Ays\u00e9n formaliz\u00f3 a un adolescente por el delito de homicidio frustrado en contra de un joven de 20 a\u00f1os, a quien agredi\u00f3 en dos oportunidades con un cuchillo. A ra\u00edz de esto, la v\u00edctima result\u00f3 gravemente herido, por lo que debi\u00f3 ser derivado al Hospital Regional de Coyhaique donde fue sometido a dos intervenciones para salvar su vida.<\/p>\n<p style=\"text-align: justify;\">En la audiencia respectiva, el imputado de 17 a\u00f1os fue formalizado por el delito de homicidio frustrado y a solicitud de la fiscal Estefan\u00eda Leiva, el Tribunal accedi\u00f3 a su internaci\u00f3n provisoria mientras se efect\u00faa la investigaci\u00f3n, cuyo plazo se fij\u00f3 en 60 d\u00edas.<\/p>\n<p style=\"text-align: justify;\">Seg\u00fan explic\u00f3 la fiscal Leiva, \u00abla madrugada del d\u00eda 10 de junio del a\u00f1o 2023, personal de Carabineros de la Segunda Comisar\u00eda de Puerto Ays\u00e9n realiz\u00f3 la detenci\u00f3n de un menor de 17 a\u00f1os, por la responsabilidad que tendr\u00eda en las lesiones provocadas a un adulto de 20, el que fue r\u00e1pidamente trasladado al hospital regional Coyhaique, para ser intervenido en dos oportunidades y salvar su vida\u00bb.<\/p>\n<p style=\"text-align: justify;\">El control de detenci\u00f3n del imputado se realiz\u00f3 este domingo, donde se ampli\u00f3 su detenci\u00f3n para el lunes 12 de junio, donde la Fiscal\u00eda lo formaliz\u00f3 por homicidio frustrado ante el Tribunal de Garant\u00eda de Puerto Ays\u00e9n.<\/p>\n<\/div><\/section><\/div><div  style='height:50px' class='hr hr-invisible   avia-builder-el-6  el_after_av_one_full  el_before_av_social_share '><span class='hr-inner ' ><span class='hr-inner-style'><\/span><\/span><\/div><\/p>\n<div  class='av-social-sharing-box  avia-builder-el-7  el_after_av_hr  el_before_av_hr  '><div class='av-share-box'><h5 class='av-share-link-description av-no-toc '>Compartir esta noticia<\/h5><ul class='av-share-box-list noLightbox'><li class='av-share-link av-social-link-facebook' ><a target=\"_blank\" aria-label=\"Compartir en Facebook\" href='https:\/\/www.facebook.com\/sharer.php?u=https:\/\/radiorevelacionfm.cl\/?p=31948&#038;t=En%20internaci%C3%B3n%20provisoria%20qued%C3%B3%20adolescente%20imputado%20por%20homicidio%20frustrado%20tras%20apu%C3%B1alar%20a%20otro%20joven%20en%20Puerto%20Ays%C3%A9n' aria-hidden='false' data-av_icon='\ue8f3' data-av_iconfont='entypo-fontello' title='' data-avia-related-tooltip='Compartir en Facebook' rel=\"noopener\"><span class='avia_hidden_link_text'>Compartir en Facebook<\/span><\/a><\/li><li class='av-share-link av-social-link-twitter' ><a target=\"_blank\" aria-label=\"Compartir en Twitter\" href='https:\/\/twitter.com\/share?text=En%20internaci%C3%B3n%20provisoria%20qued%C3%B3%20adolescente%20imputado%20por%20homicidio%20frustrado%20tras%20apu%C3%B1alar%20a%20otro%20joven%20en%20Puerto%20Ays%C3%A9n&#038;url=https:\/\/radiorevelacionfm.cl\/?p=31948' aria-hidden='false' data-av_icon='\ue8f1' data-av_iconfont='entypo-fontello' title='' data-avia-related-tooltip='Compartir en Twitter' rel=\"noopener\"><span class='avia_hidden_link_text'>Compartir en Twitter<\/span><\/a><\/li><li class='av-share-link av-social-link-whatsapp' ><a target=\"_blank\" aria-label=\"Compartir en Whatsapp\" href='https:\/\/api.whatsapp.com\/send?text=https:\/\/radiorevelacionfm.cl\/?p=31948' aria-hidden='false' data-av_icon='\uf232' data-av_iconfont='entypo-fontello' title='' data-avia-related-tooltip='Compartir en Whatsapp' rel=\"noopener\"><span class='avia_hidden_link_text'>Compartir en Whatsapp<\/span><\/a><\/li><li class='av-share-link av-social-link-linkedin' ><a target=\"_blank\" aria-label=\"Compartir en LinkedIn\" href='https:\/\/linkedin.com\/shareArticle?mini=true&#038;title=En%20internaci%C3%B3n%20provisoria%20qued%C3%B3%20adolescente%20imputado%20por%20homicidio%20frustrado%20tras%20apu%C3%B1alar%20a%20otro%20joven%20en%20Puerto%20Ays%C3%A9n&#038;url=https:\/\/radiorevelacionfm.cl\/?p=31948' aria-hidden='false' data-av_icon='\ue8fc' data-av_iconfont='entypo-fontello' title='' data-avia-related-tooltip='Compartir en LinkedIn' rel=\"noopener\"><span class='avia_hidden_link_text'>Compartir en LinkedIn<\/span><\/a><\/li><li class='av-share-link av-social-link-mail' ><a  aria-label=\"Compartir por correo\" href='mailto:?subject=En%20internaci%C3%B3n%20provisoria%20qued%C3%B3%20adolescente%20imputado%20por%20homicidio%20frustrado%20tras%20apu%C3%B1alar%20a%20otro%20joven%20en%20Puerto%20Ays%C3%A9n&#038;body=https:\/\/radiorevelacionfm.cl\/?p=31948' aria-hidden='false' data-av_icon='\ue805' data-av_iconfont='entypo-fontello' title='' data-avia-related-tooltip='Compartir por correo'><span class='avia_hidden_link_text'>Compartir por correo<\/span><\/a><\/li><\/ul><\/div><\/div>\n<div  style='height:50px' class='hr hr-invisible   avia-builder-el-8  el_after_av_social_share  el_before_av_comments_list '><span class='hr-inner ' ><span class='hr-inner-style'><\/span><\/span><\/div>\n<div  class='av-buildercomment  av-blog-meta-html-info-disabled av-blog-meta-tag-disabled  '><\/div>\n","protected":false},"excerpt":{"rendered":"","protected":false},"author":1,"featured_media":9137,"comment_status":"open","ping_status":"open","sticky":false,"template":"","format":"standard","meta":{"footnotes":""},"categories":[36],"tags":[],"class_list":["post-31948","post","type-post","status-publish","format-standard","has-post-thumbnail","hentry","category-policial"],"jetpack_featured_media_url":"https:\/\/radiorevelacionfm.cl\/wp-content\/uploads\/2021\/09\/Carabineros-puerto-aysen-1.jpg","_links":{"self":[{"href":"https:\/\/radiorevelacionfm.cl\/index.php?rest_route=\/wp\/v2\/posts\/31948","targetHints":{"allow":["GET"]}}],"collection":[{"href":"https:\/\/radiorevelacionfm.cl\/index.php?rest_route=\/wp\/v2\/posts"}],"about":[{"href":"https:\/\/radiorevelacionfm.cl\/index.php?rest_route=\/wp\/v2\/types\/post"}],"author":[{"embeddable":true,"href":"https:\/\/radiorevelacionfm.cl\/index.php?rest_route=\/wp\/v2\/users\/1"}],"replies":[{"embeddable":true,"href":"https:\/\/radiorevelacionfm.cl\/index.php?rest_route=%2Fwp%2Fv2%2Fcomments&post=31948"}],"version-history":[{"count":2,"href":"https:\/\/radiorevelacionfm.cl\/index.php?rest_route=\/wp\/v2\/posts\/31948\/revisions"}],"predecessor-version":[{"id":31968,"href":"https:\/\/radiorevelacionfm.cl\/index.php?rest_route=\/wp\/v2\/posts\/31948\/revisions\/31968"}],"wp:featuredmedia":[{"embeddable":true,"href":"https:\/\/radiorevelacionfm.cl\/index.php?rest_route=\/wp\/v2\/media\/9137"}],"wp:attachment":[{"href":"https:\/\/radiorevelacionfm.cl\/index.php?rest_route=%2Fwp%2Fv2%2Fmedia&parent=31948"}],"wp:term":[{"taxonomy":"category","embeddable":true,"href":"https:\/\/radiorevelacionfm.cl\/index.php?rest_route=%2Fwp%2Fv2%2Fcategories&post=31948"},{"taxonomy":"post_tag","embeddable":true,"href":"https:\/\/radiorevelacionfm.cl\/index.php?rest_route=%2Fwp%2Fv2%2Ftags&post=31948"}],"curies":[{"name":"wp","href":"https:\/\/api.w.org\/{rel}","templated":true}]}}