{"id":31943,"date":"2023-06-12T21:05:52","date_gmt":"2023-06-13T00:05:52","guid":{"rendered":"https:\/\/radiorevelacionfm.cl\/?p=31943"},"modified":"2023-06-12T21:05:52","modified_gmt":"2023-06-13T00:05:52","slug":"calisto-oficia-a-subsecretaria-de-telecomunicaciones-por-problemas-de-conectividad-movil-que-afectan-a-cochrane","status":"publish","type":"post","link":"https:\/\/radiorevelacionfm.cl\/?p=31943","title":{"rendered":"Calisto oficia a Subsecretar\u00eda de Telecomunicaciones por problemas de conectividad m\u00f3vil que afectan a Cochrane"},"content":{"rendered":"<div class=\"flex_column av_one_full  flex_column_div av-zero-column-padding first  avia-builder-el-0  el_before_av_one_full  avia-builder-el-first  \" style='border-radius:0px; '><div  class='avia-image-container  av-styling-    avia-builder-el-1  avia-builder-el-no-sibling  avia-align-center '  itemprop=\"image\" itemscope=\"itemscope\" itemtype=\"https:\/\/schema.org\/ImageObject\"  ><div class='avia-image-container-inner'><div class='avia-image-overlay-wrap'><img decoding=\"async\" class='wp-image-31944 avia-img-lazy-loading-not-31944 avia_image' src=\"https:\/\/radiorevelacionfm.cl\/wp-content\/uploads\/2023\/06\/Foto-2-2-1-1.jpg\" alt='' title='Foto-2 (2) (1) (1)' height=\"600\" width=\"789\"  itemprop=\"thumbnailUrl\" srcset=\"https:\/\/radiorevelacionfm.cl\/wp-content\/uploads\/2023\/06\/Foto-2-2-1-1.jpg 789w, https:\/\/radiorevelacionfm.cl\/wp-content\/uploads\/2023\/06\/Foto-2-2-1-1-300x228.jpg 300w, https:\/\/radiorevelacionfm.cl\/wp-content\/uploads\/2023\/06\/Foto-2-2-1-1-768x584.jpg 768w, https:\/\/radiorevelacionfm.cl\/wp-content\/uploads\/2023\/06\/Foto-2-2-1-1-705x536.jpg 705w, https:\/\/radiorevelacionfm.cl\/wp-content\/uploads\/2023\/06\/Foto-2-2-1-1-450x342.jpg 450w, https:\/\/radiorevelacionfm.cl\/wp-content\/uploads\/2023\/06\/Foto-2-2-1-1-600x456.jpg 600w\" sizes=\"(max-width: 789px) 100vw, 789px\" \/><\/div><\/div><\/div><\/div><div class=\"flex_column av_one_full  flex_column_div av-zero-column-padding first  avia-builder-el-2  el_after_av_one_full  el_before_av_one_full  column-top-margin\" style='border-radius:0px; '><section class=\"av_textblock_section \"  itemscope=\"itemscope\" itemtype=\"https:\/\/schema.org\/BlogPosting\" itemprop=\"blogPost\" ><div class='avia_textblock  '   itemprop=\"text\" ><p style=\"text-align: center;\"><strong><span style=\"font-size: 18pt;\">Calisto oficia a Subsecretar\u00eda de Telecomunicaciones por problemas de conectividad m\u00f3vil que afectan a Cochrane<\/span><\/strong><\/p>\n<div id=\"gtx-trans\" style=\"position: absolute; left: -50px; top: 4.31534px;\">\n<div class=\"gtx-trans-icon\"><\/div>\n<\/div>\n<\/div><\/section><\/div><div class=\"flex_column av_one_full  flex_column_div av-zero-column-padding first  avia-builder-el-4  el_after_av_one_full  el_before_av_hr  column-top-margin\" style='border-radius:0px; '><section class=\"av_textblock_section \"  itemscope=\"itemscope\" itemtype=\"https:\/\/schema.org\/BlogPosting\" itemprop=\"blogPost\" ><div class='avia_textblock  '   itemprop=\"text\" ><p style=\"font-weight: 400; text-align: justify;\">Ante los problemas de conectividad m\u00f3vil que han afectado a Cochrane en el \u00faltimo tiempo, el diputado Miguel \u00c1ngel Calisto envi\u00f3 un oficio a la Subsecretar\u00eda de Telecomunicaciones solicitando que se fiscalice el funcionamiento de las empresas que entregan este servicio en la comuna.<\/p>\n<p style=\"font-weight: 400; text-align: justify;\">Seg\u00fan el legislador, \u201cestamos realizando gestiones con el Ministerio de Transportes y Telecomunicaciones con el fin de solicitar que se fiscalice el funcionamiento y el servicio que entrega la empresa Entel en la comuna de Cochrane y otros sectores m\u00e1s rurales de la regi\u00f3n\u201d.<\/p>\n<p style=\"font-weight: 400; text-align: justify;\">\u201cAc\u00e1 tenemos una situaci\u00f3n muy preocupante, porque hay vecinos de distintos sectores que han estado sin servicio de telefon\u00eda m\u00f3vil, como es el caso de Lago Vargas, R\u00edo Jaramillo o Lago Brown, que han estado meses sin telefon\u00eda, lo que ha generado problemas serios en la vida cotidiana de los vecinos y tambi\u00e9n en su actividad econ\u00f3mica\u201d, indic\u00f3.<\/p>\n<p style=\"font-weight: 400; text-align: justify;\">Finalmente, Calisto se\u00f1al\u00f3 que \u201chay que entender que nuestra regi\u00f3n tiene serios problemas de conectividad vial, y si le sumamos la conectividad m\u00f3vil y digital, los problemas se complejizan, por eso es tan importante que estos servicios funcionen bien. Tambi\u00e9n estamos solicitando se implemente un plan de conectividad m\u00f3vil y digital para toda la regi\u00f3n\u201d.<\/p>\n<\/div><\/section><\/div><div  style='height:50px' class='hr hr-invisible   avia-builder-el-6  el_after_av_one_full  el_before_av_social_share '><span class='hr-inner ' ><span class='hr-inner-style'><\/span><\/span><\/div><\/p>\n<div  class='av-social-sharing-box  avia-builder-el-7  el_after_av_hr  el_before_av_hr  '><div class='av-share-box'><h5 class='av-share-link-description av-no-toc '>Compartir esta noticia<\/h5><ul class='av-share-box-list noLightbox'><li class='av-share-link av-social-link-facebook' ><a target=\"_blank\" aria-label=\"Compartir en Facebook\" href='https:\/\/www.facebook.com\/sharer.php?u=https:\/\/radiorevelacionfm.cl\/?p=31943&#038;t=Calisto%20oficia%20a%20Subsecretar%C3%ADa%20de%20Telecomunicaciones%20por%20problemas%20de%20conectividad%20m%C3%B3vil%20que%20afectan%20a%20Cochrane' aria-hidden='false' data-av_icon='\ue8f3' data-av_iconfont='entypo-fontello' title='' data-avia-related-tooltip='Compartir en Facebook' rel=\"noopener\"><span class='avia_hidden_link_text'>Compartir en Facebook<\/span><\/a><\/li><li class='av-share-link av-social-link-twitter' ><a target=\"_blank\" aria-label=\"Compartir en Twitter\" href='https:\/\/twitter.com\/share?text=Calisto%20oficia%20a%20Subsecretar%C3%ADa%20de%20Telecomunicaciones%20por%20problemas%20de%20conectividad%20m%C3%B3vil%20que%20afectan%20a%20Cochrane&#038;url=https:\/\/radiorevelacionfm.cl\/?p=31943' aria-hidden='false' data-av_icon='\ue8f1' data-av_iconfont='entypo-fontello' title='' data-avia-related-tooltip='Compartir en Twitter' rel=\"noopener\"><span class='avia_hidden_link_text'>Compartir en Twitter<\/span><\/a><\/li><li class='av-share-link av-social-link-whatsapp' ><a target=\"_blank\" aria-label=\"Compartir en Whatsapp\" href='https:\/\/api.whatsapp.com\/send?text=https:\/\/radiorevelacionfm.cl\/?p=31943' aria-hidden='false' data-av_icon='\uf232' data-av_iconfont='entypo-fontello' title='' data-avia-related-tooltip='Compartir en Whatsapp' rel=\"noopener\"><span class='avia_hidden_link_text'>Compartir en Whatsapp<\/span><\/a><\/li><li class='av-share-link av-social-link-linkedin' ><a target=\"_blank\" aria-label=\"Compartir en LinkedIn\" href='https:\/\/linkedin.com\/shareArticle?mini=true&#038;title=Calisto%20oficia%20a%20Subsecretar%C3%ADa%20de%20Telecomunicaciones%20por%20problemas%20de%20conectividad%20m%C3%B3vil%20que%20afectan%20a%20Cochrane&#038;url=https:\/\/radiorevelacionfm.cl\/?p=31943' aria-hidden='false' data-av_icon='\ue8fc' data-av_iconfont='entypo-fontello' title='' data-avia-related-tooltip='Compartir en LinkedIn' rel=\"noopener\"><span class='avia_hidden_link_text'>Compartir en LinkedIn<\/span><\/a><\/li><li class='av-share-link av-social-link-mail' ><a  aria-label=\"Compartir por correo\" href='mailto:?subject=Calisto%20oficia%20a%20Subsecretar%C3%ADa%20de%20Telecomunicaciones%20por%20problemas%20de%20conectividad%20m%C3%B3vil%20que%20afectan%20a%20Cochrane&#038;body=https:\/\/radiorevelacionfm.cl\/?p=31943' aria-hidden='false' data-av_icon='\ue805' data-av_iconfont='entypo-fontello' title='' data-avia-related-tooltip='Compartir por correo'><span class='avia_hidden_link_text'>Compartir por correo<\/span><\/a><\/li><\/ul><\/div><\/div>\n<div  style='height:50px' class='hr hr-invisible   avia-builder-el-8  el_after_av_social_share  el_before_av_comments_list '><span class='hr-inner ' ><span class='hr-inner-style'><\/span><\/span><\/div>\n<div  class='av-buildercomment  av-blog-meta-html-info-disabled av-blog-meta-tag-disabled  '><\/div>\n","protected":false},"excerpt":{"rendered":"","protected":false},"author":1,"featured_media":31944,"comment_status":"open","ping_status":"open","sticky":false,"template":"","format":"standard","meta":{"footnotes":""},"categories":[35],"tags":[],"class_list":["post-31943","post","type-post","status-publish","format-standard","has-post-thumbnail","hentry","category-politica"],"jetpack_featured_media_url":"https:\/\/radiorevelacionfm.cl\/wp-content\/uploads\/2023\/06\/Foto-2-2-1-1.jpg","_links":{"self":[{"href":"https:\/\/radiorevelacionfm.cl\/index.php?rest_route=\/wp\/v2\/posts\/31943","targetHints":{"allow":["GET"]}}],"collection":[{"href":"https:\/\/radiorevelacionfm.cl\/index.php?rest_route=\/wp\/v2\/posts"}],"about":[{"href":"https:\/\/radiorevelacionfm.cl\/index.php?rest_route=\/wp\/v2\/types\/post"}],"author":[{"embeddable":true,"href":"https:\/\/radiorevelacionfm.cl\/index.php?rest_route=\/wp\/v2\/users\/1"}],"replies":[{"embeddable":true,"href":"https:\/\/radiorevelacionfm.cl\/index.php?rest_route=%2Fwp%2Fv2%2Fcomments&post=31943"}],"version-history":[{"count":1,"href":"https:\/\/radiorevelacionfm.cl\/index.php?rest_route=\/wp\/v2\/posts\/31943\/revisions"}],"predecessor-version":[{"id":31945,"href":"https:\/\/radiorevelacionfm.cl\/index.php?rest_route=\/wp\/v2\/posts\/31943\/revisions\/31945"}],"wp:featuredmedia":[{"embeddable":true,"href":"https:\/\/radiorevelacionfm.cl\/index.php?rest_route=\/wp\/v2\/media\/31944"}],"wp:attachment":[{"href":"https:\/\/radiorevelacionfm.cl\/index.php?rest_route=%2Fwp%2Fv2%2Fmedia&parent=31943"}],"wp:term":[{"taxonomy":"category","embeddable":true,"href":"https:\/\/radiorevelacionfm.cl\/index.php?rest_route=%2Fwp%2Fv2%2Fcategories&post=31943"},{"taxonomy":"post_tag","embeddable":true,"href":"https:\/\/radiorevelacionfm.cl\/index.php?rest_route=%2Fwp%2Fv2%2Ftags&post=31943"}],"curies":[{"name":"wp","href":"https:\/\/api.w.org\/{rel}","templated":true}]}}