{"id":31940,"date":"2023-06-13T21:39:51","date_gmt":"2023-06-14T00:39:51","guid":{"rendered":"https:\/\/radiorevelacionfm.cl\/?p=31940"},"modified":"2023-06-13T21:39:51","modified_gmt":"2023-06-14T00:39:51","slug":"pronostican-bajas-temperaturas-que-podrian-llegar-a-6-grados-en-la-region-e-incluso-9-en-cochrane","status":"publish","type":"post","link":"https:\/\/radiorevelacionfm.cl\/?p=31940","title":{"rendered":"Pronostican bajas temperaturas que podr\u00edan llegar a -6 grados en la regi\u00f3n, e incluso -9 en Cochrane"},"content":{"rendered":"<div class=\"flex_column av_one_full  flex_column_div av-zero-column-padding first  avia-builder-el-0  el_before_av_one_full  avia-builder-el-first  \" style='border-radius:0px; '><div  class='avia-image-container  av-styling-    avia-builder-el-1  avia-builder-el-no-sibling  avia-align-center '  itemprop=\"image\" itemscope=\"itemscope\" itemtype=\"https:\/\/schema.org\/ImageObject\"  ><div class='avia-image-container-inner'><div class='avia-image-overlay-wrap'><img decoding=\"async\" class='wp-image-31941 avia-img-lazy-loading-not-31941 avia_image' src=\"https:\/\/radiorevelacionfm.cl\/wp-content\/uploads\/2023\/06\/352537107_1039455687035624_94606052282113773_n-1-1-1.jpg\" alt='' title='352537107_1039455687035624_94606052282113773_n (1) (1) (1)' height=\"600\" width=\"861\"  itemprop=\"thumbnailUrl\" srcset=\"https:\/\/radiorevelacionfm.cl\/wp-content\/uploads\/2023\/06\/352537107_1039455687035624_94606052282113773_n-1-1-1.jpg 861w, https:\/\/radiorevelacionfm.cl\/wp-content\/uploads\/2023\/06\/352537107_1039455687035624_94606052282113773_n-1-1-1-300x209.jpg 300w, https:\/\/radiorevelacionfm.cl\/wp-content\/uploads\/2023\/06\/352537107_1039455687035624_94606052282113773_n-1-1-1-768x535.jpg 768w, https:\/\/radiorevelacionfm.cl\/wp-content\/uploads\/2023\/06\/352537107_1039455687035624_94606052282113773_n-1-1-1-705x491.jpg 705w, https:\/\/radiorevelacionfm.cl\/wp-content\/uploads\/2023\/06\/352537107_1039455687035624_94606052282113773_n-1-1-1-450x314.jpg 450w, https:\/\/radiorevelacionfm.cl\/wp-content\/uploads\/2023\/06\/352537107_1039455687035624_94606052282113773_n-1-1-1-600x418.jpg 600w\" sizes=\"(max-width: 861px) 100vw, 861px\" \/><\/div><\/div><\/div><\/div><div class=\"flex_column av_one_full  flex_column_div av-zero-column-padding first  avia-builder-el-2  el_after_av_one_full  el_before_av_one_full  column-top-margin\" style='border-radius:0px; '><section class=\"av_textblock_section \"  itemscope=\"itemscope\" itemtype=\"https:\/\/schema.org\/BlogPosting\" itemprop=\"blogPost\" ><div class='avia_textblock  '   itemprop=\"text\" ><p style=\"text-align: center;\"><strong><span style=\"font-size: 18pt;\">Pronostican bajas temperaturas que podr\u00edan llegar a -6 grados en la regi\u00f3n, e incluso -9 en Cochrane<\/span><\/strong><\/p>\n<div id=\"gtx-trans\" style=\"position: absolute; left: -50px; top: 4.31534px;\">\n<div class=\"gtx-trans-icon\"><\/div>\n<\/div>\n<\/div><\/section><\/div><div class=\"flex_column av_one_full  flex_column_div av-zero-column-padding first  avia-builder-el-4  el_after_av_one_full  el_before_av_hr  column-top-margin\" style='border-radius:0px; '><section class=\"av_textblock_section \"  itemscope=\"itemscope\" itemtype=\"https:\/\/schema.org\/BlogPosting\" itemprop=\"blogPost\" ><div class='avia_textblock  '   itemprop=\"text\" ><p style=\"text-align: justify;\">Entre el martes 13 y viernes 16 de junio se espera para la regi\u00f3n de Ays\u00e9n: ausencia de precipitaciones en localidades m\u00e1s alejadas de la costa y precipitaciones d\u00e9biles a muy d\u00e9biles en aquellas m\u00e1s cercanas al litoral durante el d\u00eda martes; precipitaciones d\u00e9biles a normales principalmente en localidades cercanas al litoral (con ausencia de precipitaciones en el resto) el d\u00eda mi\u00e9rcoles; ausencia de precipitaciones en casi la totalidad de la regi\u00f3n durante los d\u00edas jueves y viernes. Los montos m\u00e1ximos de precipitaci\u00f3n diaria esperados son bajos, cercanos a los 15 mm, los que se prev\u00e9 que caigan en torno al litoral interior norte de la regi\u00f3n (Puerto Ra\u00fal Mar\u00edn) el d\u00eda mi\u00e9rcoles 14. Las precipitaciones de los d\u00edas martes y mi\u00e9rcoles se deber\u00e1n al paso de un frente fr\u00edo por la regi\u00f3n.<\/p>\n<p style=\"text-align: justify;\">Posteriormente, el paso de una alta presi\u00f3n migratoria por el territorio regional, favorecer\u00e1 la ausencia de precipitaciones y cielos mayormente despejados hasta el d\u00eda viernes. La temperatura m\u00ednima durante los pr\u00f3ximos d\u00edas se mantendr\u00e1 en la mayor parte del territorio regional por debajo de los 5\u00b0C (excepto Melinka y Puerto Aguirre), con la m\u00ednima m\u00e1s baja esperada algunos grados inferior a los 0\u00b0(heladas entre -4 a -6\u00b0C d\u00eda viernes) en algunas localidades de mayor elevaci\u00f3n, como Lago Verde, Coyhaique, Balmaceda y Cochrane.<\/p>\n<p style=\"text-align: justify;\">Por otro lado, la temperatura m\u00e1xima se espera que var\u00ede entre los 4\u00b0C a 9\u00b0C en la mayor\u00eda de las localidades durante el periodo analizado. La altura de la isoterma 0\u00b0C oscilar\u00e1 la mayor parte del tiempo entre los 1000 y 2500 m.s.n.m. en la parte norte y centro de la regi\u00f3n. En la parte sur lo har\u00e1 en un rango mucho m\u00e1s bajo, entre la superficie y 1300 m.s.n.m. aproximadamente.<\/p>\n<p style=\"text-align: justify;\">Respecto al viento, la probabilidad de registrar r\u00e1fagas intensas sobre los 65 km\/h es baja a muy baja en casi toda la regi\u00f3n durante los pr\u00f3ximos d\u00edas. En general, las r\u00e1fagas m\u00e1ximas esperadas para los pr\u00f3ximos d\u00edas son cercanas a los 30-50 km\/h.<\/p>\n<\/div><\/section><\/div><div  style='height:50px' class='hr hr-invisible   avia-builder-el-6  el_after_av_one_full  el_before_av_social_share '><span class='hr-inner ' ><span class='hr-inner-style'><\/span><\/span><\/div><\/p>\n<div  class='av-social-sharing-box  avia-builder-el-7  el_after_av_hr  el_before_av_hr  '><div class='av-share-box'><h5 class='av-share-link-description av-no-toc '>Compartir esta noticia<\/h5><ul class='av-share-box-list noLightbox'><li class='av-share-link av-social-link-facebook' ><a target=\"_blank\" aria-label=\"Compartir en Facebook\" href='https:\/\/www.facebook.com\/sharer.php?u=https:\/\/radiorevelacionfm.cl\/?p=31940&#038;t=Pronostican%20bajas%20temperaturas%20que%20podr%C3%ADan%20llegar%20a%20-6%20grados%20en%20la%20regi%C3%B3n%2C%20e%20incluso%20-9%20en%20Cochrane' aria-hidden='false' data-av_icon='\ue8f3' data-av_iconfont='entypo-fontello' title='' data-avia-related-tooltip='Compartir en Facebook' rel=\"noopener\"><span class='avia_hidden_link_text'>Compartir en Facebook<\/span><\/a><\/li><li class='av-share-link av-social-link-twitter' ><a target=\"_blank\" aria-label=\"Compartir en Twitter\" href='https:\/\/twitter.com\/share?text=Pronostican%20bajas%20temperaturas%20que%20podr%C3%ADan%20llegar%20a%20-6%20grados%20en%20la%20regi%C3%B3n%2C%20e%20incluso%20-9%20en%20Cochrane&#038;url=https:\/\/radiorevelacionfm.cl\/?p=31940' aria-hidden='false' data-av_icon='\ue8f1' data-av_iconfont='entypo-fontello' title='' data-avia-related-tooltip='Compartir en Twitter' rel=\"noopener\"><span class='avia_hidden_link_text'>Compartir en Twitter<\/span><\/a><\/li><li class='av-share-link av-social-link-whatsapp' ><a target=\"_blank\" aria-label=\"Compartir en Whatsapp\" href='https:\/\/api.whatsapp.com\/send?text=https:\/\/radiorevelacionfm.cl\/?p=31940' aria-hidden='false' data-av_icon='\uf232' data-av_iconfont='entypo-fontello' title='' data-avia-related-tooltip='Compartir en Whatsapp' rel=\"noopener\"><span class='avia_hidden_link_text'>Compartir en Whatsapp<\/span><\/a><\/li><li class='av-share-link av-social-link-linkedin' ><a target=\"_blank\" aria-label=\"Compartir en LinkedIn\" href='https:\/\/linkedin.com\/shareArticle?mini=true&#038;title=Pronostican%20bajas%20temperaturas%20que%20podr%C3%ADan%20llegar%20a%20-6%20grados%20en%20la%20regi%C3%B3n%2C%20e%20incluso%20-9%20en%20Cochrane&#038;url=https:\/\/radiorevelacionfm.cl\/?p=31940' aria-hidden='false' data-av_icon='\ue8fc' data-av_iconfont='entypo-fontello' title='' data-avia-related-tooltip='Compartir en LinkedIn' rel=\"noopener\"><span class='avia_hidden_link_text'>Compartir en LinkedIn<\/span><\/a><\/li><li class='av-share-link av-social-link-mail' ><a  aria-label=\"Compartir por correo\" href='mailto:?subject=Pronostican%20bajas%20temperaturas%20que%20podr%C3%ADan%20llegar%20a%20-6%20grados%20en%20la%20regi%C3%B3n%2C%20e%20incluso%20-9%20en%20Cochrane&#038;body=https:\/\/radiorevelacionfm.cl\/?p=31940' aria-hidden='false' data-av_icon='\ue805' data-av_iconfont='entypo-fontello' title='' data-avia-related-tooltip='Compartir por correo'><span class='avia_hidden_link_text'>Compartir por correo<\/span><\/a><\/li><\/ul><\/div><\/div>\n<div  style='height:50px' class='hr hr-invisible   avia-builder-el-8  el_after_av_social_share  el_before_av_comments_list '><span class='hr-inner ' ><span class='hr-inner-style'><\/span><\/span><\/div>\n<div  class='av-buildercomment  av-blog-meta-html-info-disabled av-blog-meta-tag-disabled  '><\/div>\n","protected":false},"excerpt":{"rendered":"","protected":false},"author":1,"featured_media":31941,"comment_status":"open","ping_status":"open","sticky":false,"template":"","format":"standard","meta":{"footnotes":""},"categories":[38],"tags":[],"class_list":["post-31940","post","type-post","status-publish","format-standard","has-post-thumbnail","hentry","category-regional"],"jetpack_featured_media_url":"https:\/\/radiorevelacionfm.cl\/wp-content\/uploads\/2023\/06\/352537107_1039455687035624_94606052282113773_n-1-1-1.jpg","_links":{"self":[{"href":"https:\/\/radiorevelacionfm.cl\/index.php?rest_route=\/wp\/v2\/posts\/31940","targetHints":{"allow":["GET"]}}],"collection":[{"href":"https:\/\/radiorevelacionfm.cl\/index.php?rest_route=\/wp\/v2\/posts"}],"about":[{"href":"https:\/\/radiorevelacionfm.cl\/index.php?rest_route=\/wp\/v2\/types\/post"}],"author":[{"embeddable":true,"href":"https:\/\/radiorevelacionfm.cl\/index.php?rest_route=\/wp\/v2\/users\/1"}],"replies":[{"embeddable":true,"href":"https:\/\/radiorevelacionfm.cl\/index.php?rest_route=%2Fwp%2Fv2%2Fcomments&post=31940"}],"version-history":[{"count":2,"href":"https:\/\/radiorevelacionfm.cl\/index.php?rest_route=\/wp\/v2\/posts\/31940\/revisions"}],"predecessor-version":[{"id":32019,"href":"https:\/\/radiorevelacionfm.cl\/index.php?rest_route=\/wp\/v2\/posts\/31940\/revisions\/32019"}],"wp:featuredmedia":[{"embeddable":true,"href":"https:\/\/radiorevelacionfm.cl\/index.php?rest_route=\/wp\/v2\/media\/31941"}],"wp:attachment":[{"href":"https:\/\/radiorevelacionfm.cl\/index.php?rest_route=%2Fwp%2Fv2%2Fmedia&parent=31940"}],"wp:term":[{"taxonomy":"category","embeddable":true,"href":"https:\/\/radiorevelacionfm.cl\/index.php?rest_route=%2Fwp%2Fv2%2Fcategories&post=31940"},{"taxonomy":"post_tag","embeddable":true,"href":"https:\/\/radiorevelacionfm.cl\/index.php?rest_route=%2Fwp%2Fv2%2Ftags&post=31940"}],"curies":[{"name":"wp","href":"https:\/\/api.w.org\/{rel}","templated":true}]}}