{"id":31934,"date":"2023-06-13T12:09:37","date_gmt":"2023-06-13T15:09:37","guid":{"rendered":"https:\/\/radiorevelacionfm.cl\/?p=31934"},"modified":"2023-06-13T12:09:37","modified_gmt":"2023-06-13T15:09:37","slug":"investigadores-entregan-resultados-de-seis-anos-de-monitoreo-de-cuencas-de-region-de-aysen","status":"publish","type":"post","link":"https:\/\/radiorevelacionfm.cl\/?p=31934","title":{"rendered":"Investigadores entregan resultados de seis a\u00f1os de monitoreo de cuencas de regi\u00f3n de Ays\u00e9n"},"content":{"rendered":"<div class=\"flex_column av_one_full  flex_column_div av-zero-column-padding first  avia-builder-el-0  el_before_av_one_full  avia-builder-el-first  \" style='border-radius:0px; '><div  class='avia-image-container  av-styling-    avia-builder-el-1  avia-builder-el-no-sibling  avia-align-center '  itemprop=\"image\" itemscope=\"itemscope\" itemtype=\"https:\/\/schema.org\/ImageObject\"  ><div class='avia-image-container-inner'><div class='avia-image-overlay-wrap'><img decoding=\"async\" class='wp-image-31935 avia-img-lazy-loading-not-31935 avia_image' src=\"https:\/\/radiorevelacionfm.cl\/wp-content\/uploads\/2023\/06\/img_2748-1_optimized.jpg\" alt='' title='img_2748-(1)_optimized' height=\"600\" width=\"729\"  itemprop=\"thumbnailUrl\" srcset=\"https:\/\/radiorevelacionfm.cl\/wp-content\/uploads\/2023\/06\/img_2748-1_optimized.jpg 729w, https:\/\/radiorevelacionfm.cl\/wp-content\/uploads\/2023\/06\/img_2748-1_optimized-300x247.jpg 300w, https:\/\/radiorevelacionfm.cl\/wp-content\/uploads\/2023\/06\/img_2748-1_optimized-705x580.jpg 705w, https:\/\/radiorevelacionfm.cl\/wp-content\/uploads\/2023\/06\/img_2748-1_optimized-450x370.jpg 450w, https:\/\/radiorevelacionfm.cl\/wp-content\/uploads\/2023\/06\/img_2748-1_optimized-600x494.jpg 600w\" sizes=\"(max-width: 729px) 100vw, 729px\" \/><\/div><\/div><\/div><\/div><div class=\"flex_column av_one_full  flex_column_div av-zero-column-padding first  avia-builder-el-2  el_after_av_one_full  el_before_av_one_full  column-top-margin\" style='border-radius:0px; '><section class=\"av_textblock_section \"  itemscope=\"itemscope\" itemtype=\"https:\/\/schema.org\/BlogPosting\" itemprop=\"blogPost\" ><div class='avia_textblock  '   itemprop=\"text\" ><p class=\"v1MsoNormal\" style=\"text-align: center;\" align=\"center\"><span style=\"font-size: 18pt;\"><b><span class=\"v1ContentPasted0\" dir=\"LTR\">Investigadores<\/span><\/b><b><span class=\"v1ContentPasted0\" dir=\"LTR\">\u00a0entregan resultados de\u00a0<\/span><\/b><b><span class=\"v1ContentPasted0\" dir=\"LTR\">seis a\u00f1os de monitoreo de cuencas de regi\u00f3n de Ays\u00e9n<\/span><\/b><b>\u00a0<\/b><\/span><\/p>\n<div id=\"gtx-trans\" style=\"position: absolute; left: -50px; top: 4.31534px;\">\n<div class=\"gtx-trans-icon\"><\/div>\n<\/div>\n<\/div><\/section><\/div><div class=\"flex_column av_one_full  flex_column_div av-zero-column-padding first  avia-builder-el-4  el_after_av_one_full  el_before_av_hr  column-top-margin\" style='border-radius:0px; '><section class=\"av_textblock_section \"  itemscope=\"itemscope\" itemtype=\"https:\/\/schema.org\/BlogPosting\" itemprop=\"blogPost\" ><div class='avia_textblock  '   itemprop=\"text\" ><p class=\"v1MsoNormal\" style=\"text-align: justify;\"><i><span class=\"v1ContentPasted0\" dir=\"LTR\">Investigadores de CIEP se encuentran transfiriendo resultados a administradores y propietarios de doce cuencas que llevan cerca de seis a\u00f1os monitoreando intensamente en la Regi\u00f3n de Ays\u00e9n, donde evaluaron caudal de r\u00edos y arroyos, calidad del agua y biodiversidad, entre otros.<\/span><\/i><i>\u00a0<\/i><\/p>\n<p class=\"v1MsoNormal\" style=\"text-align: justify;\" align=\"justify\"><span style=\"font-family: georgia, palatino, serif; font-size: 12pt;\"><span class=\"v1ContentPasted0\" dir=\"LTR\">Todos los arroyos, r\u00edos y lagos tienen asociado una cuenca hidrogr\u00e1fica. La cuenca es el \u00e1rea donde toda la lluvia o nieve derretida corre cuesta abajo por los suelos y aguas superficiales, recolectando y transportando sedimentos, para finalmente salir por un arroyo o r\u00edo. Por tanto, todas las actividades que ocurren dentro de una cuenca afectar\u00e1n de una u otra manera los recursos naturales y la calidad del agua de esta. <\/span><span class=\"v1ContentPasted0\" dir=\"LTR\">En una muestra de agua puede medirse el estado de \u00absalud\u00bb de la cuenca<\/span><span class=\"v1ContentPasted0\" dir=\"LTR\">.\u00a0<\/span>\u00a0<\/span><\/p>\n<p class=\"v1MsoNormal\" style=\"text-align: justify;\" align=\"justify\"><span style=\"font-family: georgia, palatino, serif; font-size: 12pt;\"><span class=\"v1ContentPasted0\" dir=\"LTR\">E<\/span><span class=\"v1ContentPasted0\" dir=\"LTR\">l Centro de Investigaci\u00f3n en Ecosistemas de la\u00a0<\/span><span class=\"v1ContentPasted0\" dir=\"LTR\">Patagonia<\/span><span class=\"v1ContentPasted0\" dir=\"LTR\">\u00a0(CIEP), realiza un monitoreo intensivo de\u00a0<\/span><span class=\"v1ContentPasted0\" dir=\"LTR\">la parte alta\u00a0<\/span><span class=\"v1ContentPasted0\" dir=\"LTR\">de cuencas, que comenz\u00f3 el 2016 y considera 12 r\u00edos o arroyos de monta\u00f1a, d<\/span><span class=\"v1ContentPasted0\" dir=\"LTR\">e los sectores de Coyhaique Alto, Trapananda, camino lago Portales y cercan\u00edas del r\u00edo Enga\u00f1o, Bah\u00eda Murta. \u00a0En ellas<\/span><span class=\"v1ContentPasted0\" dir=\"LTR\"> se muestrea el caudal, nutrientes, atributos de la cuenca, como el bosque, suelo, funciones ecosist\u00e9micas, descomposici\u00f3n de hojarasca, <\/span><span class=\"v1ContentPasted0\" dir=\"LTR\">y biodiversidad, espec\u00edficamente flora vascular, peque\u00f1os insectos acu\u00e1ticos, hongos, musgos, algas, etc.<\/span><span class=\"v1ContentPasted0\" dir=\"LTR\">\u00a0Dentro de este equipo de cient\u00edficos se encuentran los limn\u00f3logos Brian Reid y Anna Astorga, el especialista en recursos forestales y conservaci\u00f3n Paulo Moreno y Luis Uribe, bi\u00f3logo marino y especialista en an\u00e1lisis de agua dulce.\u00a0<\/span>\u00a0<\/span><\/p>\n<p class=\"v1MsoNormal\" style=\"text-align: justify;\" align=\"justify\"><span style=\"font-family: georgia, palatino, serif; font-size: 12pt;\"><b><span class=\"v1ContentPasted0\" dir=\"LTR\">Transferencia de resultados de monitoreo de cuencas<\/span><\/b><b>\u00a0<\/b><\/span><\/p>\n<p class=\"v1MsoNormal\" style=\"text-align: justify;\" align=\"justify\"><span style=\"font-family: georgia, palatino, serif; font-size: 12pt;\"><span class=\"v1ContentPasted0\" dir=\"LTR\">Paulo Moreno detalla la importancia de contar con este monitoreo permanente. \u00abSe est\u00e1 estudiando el comportamiento del caudal que llevan algunos <\/span><span class=\"v1ContentPasted0\" dir=\"LTR\">arroyos de monta\u00f1a. Esta zona es<\/span><span class=\"v1ContentPasted0\" dir=\"LTR\">\u00a0un<\/span><span class=\"v1ContentPasted0\" dir=\"LTR\">\u00a0\u00e1rea<\/span><span class=\"v1ContentPasted0\" dir=\"LTR\">\u00a0de las m\u00e1s\u00a0<\/span><span class=\"v1ContentPasted0\" dir=\"LTR\">susceptibles<\/span><span class=\"v1ContentPasted0\" dir=\"LTR\">\u00a0a los cambios globales que est\u00e1 presentando\u00a0<\/span><span class=\"v1ContentPasted0\" dir=\"LTR\">el planeta. Este monitoreo del caudal, o hidrolog\u00eda nos sirve para entender o asociar<\/span><span class=\"v1ContentPasted0\" dir=\"LTR\">\u00a0con caracter\u00edsticas de los usos del suelo de las cuencas, por ejemplo, porcentaje de bosques y zonas sin vegetaci\u00f3n, praderas, zonas sobre el l<\/span><span class=\"v1ContentPasted0\" dir=\"LTR\">\u00edmite vegetacional, etc<\/span><span class=\"v1ContentPasted0\" dir=\"LTR\">. Permiti\u00e9ndonos tener mejores aproximaciones del valor e importancia de este recurso, y as\u00ed contar con una herramienta para la planificaci\u00f3n anticipada al cambio clim\u00e1tico o a las medidas de conservaci\u00f3n del agua. Estas cuencas de referencias, o con menos impactos, pueden extrapolar ciertos datos al resto del territorio, d\u00e1ndonos luces de c\u00f3mo se est\u00e1n comportando las cuencas ahora y predecir de alguna forma el futuro\u00bb.\u00a0<\/span>\u00a0<\/span><\/p>\n<p class=\"v1MsoNormal\" style=\"text-align: justify;\" align=\"justify\"><span style=\"font-family: georgia, palatino, serif; font-size: 12pt;\"><span class=\"v1ContentPasted0\" dir=\"LTR\">Durante este a\u00f1o los investigadores de CIEP se encuentran entregando los resultados a los propietarios y administradores de estos territorios. Una de las primeras instancias abord\u00f3 la cuenca de la Estancia Punta del Monte, donde\u00a0<\/span><span class=\"v1ContentPasted0\" dir=\"LTR\">Alejandro Galilea, uno de los colaboradores del proyecto de monitoreo y representante de la\u00a0<\/span><span class=\"v1ContentPasted0\" dir=\"LTR\">e<\/span><span class=\"v1ContentPasted0\" dir=\"LTR\">stancia<\/span><span class=\"v1ContentPasted0\" dir=\"LTR\">, asisti\u00f3 a\u00a0<\/span><span class=\"v1ContentPasted0\" dir=\"LTR\">esta presentaci\u00f3n<\/span><span class=\"v1ContentPasted0\" dir=\"LTR\">, valorando el trabajo<\/span><span class=\"v1ContentPasted0\" dir=\"LTR\">. \u00abTodo lo que se genera desde la parte cient\u00edfica, es importante para el conocimiento del territorio y para ver c\u00f3mo vas interactuando o generando mejoras en tus sistemas productivos. Con el\u00a0<\/span><span class=\"v1ContentPasted0\" dir=\"LTR\">tema de las aguas<\/span><span class=\"v1ContentPasted0\" dir=\"LTR\">\u00a0es tan importante, con lo que est\u00e1 sucediendo con el cambio clim\u00e1tico, en todos los procesos biol\u00f3gicos y ecosist\u00e9micos. Tenemos que irnos anticipando a conocer\u00a0<\/span><span class=\"v1ContentPasted0\" dir=\"LTR\">c\u00f3mo<\/span><span class=\"v1ContentPasted0\" dir=\"LTR\">\u00a0est\u00e1 afectando esto y como estamos afectando en el uso del suelo con la ganader\u00eda o la parte forestal, y que tipo de manejo se tiene que hacer para que sea m\u00e1s sustentable y de mejor forma. Mientras conozcamos qu\u00e9 requerimientos hay para que sea un trabajo mejor, todos vamos a tener mejores condiciones a futuro\u00bb.\u00a0<\/span>\u00a0<\/span><\/p>\n<p class=\"v1MsoNormal\" style=\"text-align: justify;\" align=\"justify\"><span style=\"font-family: georgia, palatino, serif; font-size: 12pt;\"><span class=\"v1ContentPasted0\" dir=\"LTR\">Quienes tambi\u00e9n se han reunido con los investigadores,<\/span><span class=\"v1ContentPasted0\" dir=\"LTR\"> apreciando los resultados y la valiosa informaci\u00f3n <\/span><span class=\"v1ContentPasted0\" dir=\"LTR\">fue<\/span><span class=\"v1ContentPasted0\" dir=\"LTR\">\u00a0CONAF, con la presencia de la<\/span><span class=\"v1ContentPasted0\" dir=\"LTR\">\u00a0directora regional Loreto Pedrasa, la jefa de \u00c1reas Silvestres Protegidas Andrea Bahamonde y el encargado de la Reserva Nacional Trapananda Julio Molietteri<\/span><span class=\"v1ContentPasted0\" dir=\"LTR\">.\u00a0<\/span><span dir=\"LTR\"><span class=\"v1ContentPasted0\">\u00abEl monitoreo de cuencas que realiza el CIEP en la Reserva Nacional Trapananda provee informaci\u00f3n confiable y sistem\u00e1tica, que nos aporta a la gesti\u00f3n del \u00c1rea Silvestre Protegida, ya que evidencia el estado de los ecosistemas insertos contribuyendo a una gesti\u00f3n integrada de \u00e9stos, no s\u00f3lo de los recursos h\u00eddricos, sino que tambi\u00e9n, de la biodiversidad presente, para una toma de decisi\u00f3n informada y con data cient\u00edfica en contexto de crisis clim\u00e1tica\u00bb, destac\u00f3 la jefa de \u00e1reas silvestres protegidas Andrea Bahamonde<\/span><\/span><span class=\"v1ContentPasted0\" dir=\"LTR\">.<\/span>\u00a0<\/span><\/p>\n<p class=\"v1MsoNormal\" style=\"text-align: justify;\" align=\"justify\"><span style=\"font-family: georgia, palatino, serif; font-size: 12pt;\"><span class=\"v1ContentPasted0\" dir=\"LTR\">Por el momento este equipo de trabajo se encuentra reuni\u00e9ndose con m\u00e1s administradores y propietarios de los sectores estudiados y continuar\u00e1 monitoreando las cuencas con el objetivo de evaluar las funciones ecosist\u00e9micas, cuantificar sus flujos y prever escenarios futuros, generando medidas de mitigaci\u00f3n y que preserven de mejor medida los recursos de la Patagonia aysenina.\u00a0<\/span>\u00a0<\/span><\/p>\n<\/div><\/section><\/div><div  style='height:50px' class='hr hr-invisible   avia-builder-el-6  el_after_av_one_full  el_before_av_social_share '><span class='hr-inner ' ><span class='hr-inner-style'><\/span><\/span><\/div><\/p>\n<div  class='av-social-sharing-box  avia-builder-el-7  el_after_av_hr  el_before_av_hr  '><div class='av-share-box'><h5 class='av-share-link-description av-no-toc '>Compartir esta noticia<\/h5><ul class='av-share-box-list noLightbox'><li class='av-share-link av-social-link-facebook' ><a target=\"_blank\" aria-label=\"Compartir en Facebook\" href='https:\/\/www.facebook.com\/sharer.php?u=https:\/\/radiorevelacionfm.cl\/?p=31934&#038;t=Investigadores%20entregan%20resultados%20de%20seis%20a%C3%B1os%20de%20monitoreo%20de%20cuencas%20de%20regi%C3%B3n%20de%20Ays%C3%A9n' aria-hidden='false' data-av_icon='\ue8f3' data-av_iconfont='entypo-fontello' title='' data-avia-related-tooltip='Compartir en Facebook' rel=\"noopener\"><span class='avia_hidden_link_text'>Compartir en Facebook<\/span><\/a><\/li><li class='av-share-link av-social-link-twitter' ><a target=\"_blank\" aria-label=\"Compartir en Twitter\" href='https:\/\/twitter.com\/share?text=Investigadores%20entregan%20resultados%20de%20seis%20a%C3%B1os%20de%20monitoreo%20de%20cuencas%20de%20regi%C3%B3n%20de%20Ays%C3%A9n&#038;url=https:\/\/radiorevelacionfm.cl\/?p=31934' aria-hidden='false' data-av_icon='\ue8f1' data-av_iconfont='entypo-fontello' title='' data-avia-related-tooltip='Compartir en Twitter' rel=\"noopener\"><span class='avia_hidden_link_text'>Compartir en Twitter<\/span><\/a><\/li><li class='av-share-link av-social-link-whatsapp' ><a target=\"_blank\" aria-label=\"Compartir en Whatsapp\" href='https:\/\/api.whatsapp.com\/send?text=https:\/\/radiorevelacionfm.cl\/?p=31934' aria-hidden='false' data-av_icon='\uf232' data-av_iconfont='entypo-fontello' title='' data-avia-related-tooltip='Compartir en Whatsapp' rel=\"noopener\"><span class='avia_hidden_link_text'>Compartir en Whatsapp<\/span><\/a><\/li><li class='av-share-link av-social-link-linkedin' ><a target=\"_blank\" aria-label=\"Compartir en LinkedIn\" href='https:\/\/linkedin.com\/shareArticle?mini=true&#038;title=Investigadores%20entregan%20resultados%20de%20seis%20a%C3%B1os%20de%20monitoreo%20de%20cuencas%20de%20regi%C3%B3n%20de%20Ays%C3%A9n&#038;url=https:\/\/radiorevelacionfm.cl\/?p=31934' aria-hidden='false' data-av_icon='\ue8fc' data-av_iconfont='entypo-fontello' title='' data-avia-related-tooltip='Compartir en LinkedIn' rel=\"noopener\"><span class='avia_hidden_link_text'>Compartir en LinkedIn<\/span><\/a><\/li><li class='av-share-link av-social-link-mail' ><a  aria-label=\"Compartir por correo\" href='mailto:?subject=Investigadores%20entregan%20resultados%20de%20seis%20a%C3%B1os%20de%20monitoreo%20de%20cuencas%20de%20regi%C3%B3n%20de%20Ays%C3%A9n&#038;body=https:\/\/radiorevelacionfm.cl\/?p=31934' aria-hidden='false' data-av_icon='\ue805' data-av_iconfont='entypo-fontello' title='' data-avia-related-tooltip='Compartir por correo'><span class='avia_hidden_link_text'>Compartir por correo<\/span><\/a><\/li><\/ul><\/div><\/div>\n<div  style='height:50px' class='hr hr-invisible   avia-builder-el-8  el_after_av_social_share  el_before_av_comments_list '><span class='hr-inner ' ><span class='hr-inner-style'><\/span><\/span><\/div>\n<div  class='av-buildercomment  av-blog-meta-html-info-disabled av-blog-meta-tag-disabled  '><\/div>\n","protected":false},"excerpt":{"rendered":"","protected":false},"author":1,"featured_media":31935,"comment_status":"open","ping_status":"open","sticky":false,"template":"","format":"standard","meta":{"footnotes":""},"categories":[38],"tags":[],"class_list":["post-31934","post","type-post","status-publish","format-standard","has-post-thumbnail","hentry","category-regional"],"jetpack_featured_media_url":"https:\/\/radiorevelacionfm.cl\/wp-content\/uploads\/2023\/06\/img_2748-1_optimized.jpg","_links":{"self":[{"href":"https:\/\/radiorevelacionfm.cl\/index.php?rest_route=\/wp\/v2\/posts\/31934","targetHints":{"allow":["GET"]}}],"collection":[{"href":"https:\/\/radiorevelacionfm.cl\/index.php?rest_route=\/wp\/v2\/posts"}],"about":[{"href":"https:\/\/radiorevelacionfm.cl\/index.php?rest_route=\/wp\/v2\/types\/post"}],"author":[{"embeddable":true,"href":"https:\/\/radiorevelacionfm.cl\/index.php?rest_route=\/wp\/v2\/users\/1"}],"replies":[{"embeddable":true,"href":"https:\/\/radiorevelacionfm.cl\/index.php?rest_route=%2Fwp%2Fv2%2Fcomments&post=31934"}],"version-history":[{"count":1,"href":"https:\/\/radiorevelacionfm.cl\/index.php?rest_route=\/wp\/v2\/posts\/31934\/revisions"}],"predecessor-version":[{"id":31936,"href":"https:\/\/radiorevelacionfm.cl\/index.php?rest_route=\/wp\/v2\/posts\/31934\/revisions\/31936"}],"wp:featuredmedia":[{"embeddable":true,"href":"https:\/\/radiorevelacionfm.cl\/index.php?rest_route=\/wp\/v2\/media\/31935"}],"wp:attachment":[{"href":"https:\/\/radiorevelacionfm.cl\/index.php?rest_route=%2Fwp%2Fv2%2Fmedia&parent=31934"}],"wp:term":[{"taxonomy":"category","embeddable":true,"href":"https:\/\/radiorevelacionfm.cl\/index.php?rest_route=%2Fwp%2Fv2%2Fcategories&post=31934"},{"taxonomy":"post_tag","embeddable":true,"href":"https:\/\/radiorevelacionfm.cl\/index.php?rest_route=%2Fwp%2Fv2%2Ftags&post=31934"}],"curies":[{"name":"wp","href":"https:\/\/api.w.org\/{rel}","templated":true}]}}