{"id":31931,"date":"2023-06-13T10:58:40","date_gmt":"2023-06-13T13:58:40","guid":{"rendered":"https:\/\/radiorevelacionfm.cl\/?p=31931"},"modified":"2023-06-13T10:58:40","modified_gmt":"2023-06-13T13:58:40","slug":"llaman-a-priorizar-el-teletrabajo-ante-aumento-de-casos-de-virus-respiratorios-en-la-region-de-aysen","status":"publish","type":"post","link":"https:\/\/radiorevelacionfm.cl\/?p=31931","title":{"rendered":"Llaman a priorizar el teletrabajo ante aumento de casos de virus respiratorios en la Regi\u00f3n de Ays\u00e9n"},"content":{"rendered":"<div class=\"flex_column av_one_full  flex_column_div av-zero-column-padding first  avia-builder-el-0  el_before_av_one_full  avia-builder-el-first  \" style='border-radius:0px; '><div  class='avia-image-container  av-styling-    avia-builder-el-1  avia-builder-el-no-sibling  avia-align-center '  itemprop=\"image\" itemscope=\"itemscope\" itemtype=\"https:\/\/schema.org\/ImageObject\"  ><div class='avia-image-container-inner'><div class='avia-image-overlay-wrap'><img decoding=\"async\" class='wp-image-31932 avia-img-lazy-loading-not-31932 avia_image' src=\"https:\/\/radiorevelacionfm.cl\/wp-content\/uploads\/2023\/06\/Autoridades-laborales-y-Salud-1-1-1.jpg\" alt='' title='Autoridades laborales y Salud 1 (1) (1)' height=\"600\" width=\"782\"  itemprop=\"thumbnailUrl\" srcset=\"https:\/\/radiorevelacionfm.cl\/wp-content\/uploads\/2023\/06\/Autoridades-laborales-y-Salud-1-1-1.jpg 782w, https:\/\/radiorevelacionfm.cl\/wp-content\/uploads\/2023\/06\/Autoridades-laborales-y-Salud-1-1-1-300x230.jpg 300w, https:\/\/radiorevelacionfm.cl\/wp-content\/uploads\/2023\/06\/Autoridades-laborales-y-Salud-1-1-1-768x589.jpg 768w, https:\/\/radiorevelacionfm.cl\/wp-content\/uploads\/2023\/06\/Autoridades-laborales-y-Salud-1-1-1-705x541.jpg 705w, https:\/\/radiorevelacionfm.cl\/wp-content\/uploads\/2023\/06\/Autoridades-laborales-y-Salud-1-1-1-450x345.jpg 450w, https:\/\/radiorevelacionfm.cl\/wp-content\/uploads\/2023\/06\/Autoridades-laborales-y-Salud-1-1-1-600x460.jpg 600w\" sizes=\"(max-width: 782px) 100vw, 782px\" \/><\/div><\/div><\/div><\/div><div class=\"flex_column av_one_full  flex_column_div av-zero-column-padding first  avia-builder-el-2  el_after_av_one_full  el_before_av_one_full  column-top-margin\" style='border-radius:0px; '><section class=\"av_textblock_section \"  itemscope=\"itemscope\" itemtype=\"https:\/\/schema.org\/BlogPosting\" itemprop=\"blogPost\" ><div class='avia_textblock  '   itemprop=\"text\" ><p style=\"text-align: center;\"><strong><span style=\"font-size: 18pt;\">Llaman a priorizar el teletrabajo ante aumento de casos de virus respiratorios en la Regi\u00f3n de Ays\u00e9n\u00a0<\/span><\/strong><\/p>\n<h2 style=\"text-align: center;\" align=\"center\"><span style=\"font-size: 18pt;\"><b><span lang=\"ES\">\u00a0<\/span><\/b><\/span><\/h2>\n<div id=\"gtx-trans\" style=\"position: absolute; left: -50px; top: 4.31534px;\">\n<div class=\"gtx-trans-icon\"><\/div>\n<\/div>\n<\/div><\/section><\/div><div class=\"flex_column av_one_full  flex_column_div av-zero-column-padding first  avia-builder-el-4  el_after_av_one_full  el_before_av_hr  column-top-margin\" style='border-radius:0px; '><section class=\"av_textblock_section \"  itemscope=\"itemscope\" itemtype=\"https:\/\/schema.org\/BlogPosting\" itemprop=\"blogPost\" ><div class='avia_textblock  '   itemprop=\"text\" ><p class=\"v1MsoNormal\" style=\"text-align: justify;\"><span lang=\"ES\">Ante la contingencia de salud de alta circulaci\u00f3n de virus respiratorios que se est\u00e1 viviendo a nivel nacional y regional, los Seremis de Trabajo y Previsi\u00f3n Social, Rodrigo D\u00edaz, y de Salud, Carmen Gloria Monsalve junto al Director del Trabajo, Christian Aros, hicieron un llamado a priorizar el teletrabajo, recordando que est\u00e1 vigente la normativa al estar en alerta sanitaria.<\/span><\/p>\n<p class=\"v1MsoNormal\" style=\"text-align: justify;\"><span lang=\"ES\">As\u00ed lo manifest\u00f3 el Seremi de Trabajo y Previsi\u00f3n Social, Rodrigo D\u00edaz, \u00abQueremos recordar la existencia legal del teletrabajo o trabajo a distancia, debido al aumento de casos de enfermedades respiratorias. Nos encontramos a\u00fan en alerta sanitaria y hacemos un llamado a los empleadores a priorizar el teletrabajo debido a los virus respiratorios que est\u00e1n circulando y que est\u00e1 afectando a los ni\u00f1os y ni\u00f1as m\u00e1s peque\u00f1os. Pedimos a los empleadores del sector privado y p\u00fablico a implementar estas medidas en cada uno de los espacios laborales en que sea posible hacerlo, conforme a este derecho que est\u00e1 en la ley y donde tambi\u00e9n la Contralor\u00eda se ha pronunciado. Existe el derecho al teletrabajo cuando es compatible con la funci\u00f3n que realizan para madres y padres de ni\u00f1os y ni\u00f1as peque\u00f1os y de cuidadores de personas con discapacidad, sin que ello implique una disminuci\u00f3n de su remuneraci\u00f3n\u00bb, destac\u00f3.<\/span><\/p>\n<p class=\"v1MsoNormal\" style=\"text-align: justify;\"><span lang=\"ES\">En este mismo tenor, la Seremi de Salud, Carmen Gloria Monsalve, coment\u00f3 \u00abEn este contexto de contingencia invernal, es importante recordar todas aquellas medidas que han estado dispuestas desde el inicio de la alerta sanitaria que a\u00fan nos acompa\u00f1a hasta fines de agosto. Una de esas medidas importantes es incentivar a que todas las personas que pueden optar a teletrabajo, todas las personas que son madres o padres, o cuidadores de ni\u00f1os menores de un a\u00f1o, de acuerdo a las caracter\u00edsticas del trabajo y la labor que realicen, puedan acceder a esta flexibilidad que est\u00e1 amparada por decreto\u00bb.<\/span><\/p>\n<p class=\"v1MsoNormal\" style=\"text-align: justify;\"><span lang=\"ES\">La autoridad sanitaria tambi\u00e9n llam\u00f3 a resguardar las medidas de autocuidado, \u00abReforzar todas aquellas medidas preventivas que hemos aprendido de manera responsable, durante todos estos a\u00f1os: el uso de la mascarilla en lugares con alta concurrencia de p\u00fablico, particularmente en los medios de transporte y cuando presentamos alguna sintomatolog\u00eda respiratoria, el lavado de manos frecuente y uso de alcohol gel, la ventilaci\u00f3n de espacios cerrados y por supuesto, la m\u00e1s importante, acceder de manera oportuna a completar sus esquemas de vacunaci\u00f3n\u00bb, afirm\u00f3 la Seremi Monsalve.<\/span><\/p>\n<p class=\"v1MsoNormal\" style=\"text-align: justify;\"><span lang=\"ES\">Con respecto a la normativa, el Director regional, Christian Aros de la Direcci\u00f3n del Trabajo, explic\u00f3, \u00abFrente a la situaci\u00f3n de crisis provocada por el virus sincicial, queremos recordar a la comunidad laboral, tanto empleadores como trabajadores que el C\u00f3digo del Trabajo en el art\u00edculo 206 bis contempla la posibilidad de realizar teletrabajo por parte de los padres o madres o de la persona que tenga a su cuidado a un ni\u00f1o o ni\u00f1a en edad o en etapa preescolar. La ley 21.391 que es la ley que establece la modalidad de teletrabajo a distancia, estableci\u00f3 esta posibilidad, cumpliendo ciertos requisitos, que est\u00e1n fijados en nuestra doctrina institucional, pero sobre todo en el dictamen 1389\/007, que puede ser revisado en nuestra p\u00e1gina web, siendo lo m\u00e1s importante el registro del anexo del Contrato de Trabajo donde se establece la modalidad de teletrabajo, el cual debe ser registrado en nuestra p\u00e1gina web de la Direcci\u00f3n del Trabajo. Cualquier consulta que haya al respecto pueden dirigirse a cualquier oficina de nuestra regi\u00f3n o pueden enviar un correo a\u00a0<a href=\"mailto:upartesaysen@dt.gob.cl\" rel=\"noreferrer\">upartesaysen@dt.gob.cl<\/a>\u00ab.<\/span><\/p>\n<p class=\"v1MsoNormal\" style=\"text-align: justify;\"><span lang=\"ES\">Para finalizar, el Seremi D\u00edaz record\u00f3 el derecho laboral de licencia m\u00e9dica para la madre con ni\u00f1os o ni\u00f1as menores a un a\u00f1o, \u00abEl C\u00f3digo del Trabajo establece el derecho a licencia m\u00e9dica para la madre de un ni\u00f1o de un a\u00f1o o menos, con motivo de la ocurrencia de una enfermedad de car\u00e1cter grave. En el caso de que se decida que el padre tome esta licencia en vez de la madre, quien debe tomar esa decisi\u00f3n es la mam\u00e1. Reiteramos lo que mencion\u00f3 el director del Trabajo, ante consultas, no duden en acercarse a las Inspecciones del Trabajo de Coyhaique, Puerto Ays\u00e9n y Cisnes, o enviar un correo, ya que debemos proteger a los ni\u00f1os y ni\u00f1as\u00bb, recalc\u00f3.<\/span><\/p>\n<p class=\"v1MsoNormal\" style=\"text-align: justify;\"><span lang=\"ES\">M\u00e1s informaci\u00f3n se puede encontrar en el sitio web\u00a0<a href=\"http:\/\/www.direcciondeltrabajo.cl\/\" target=\"_blank\" rel=\"noopener noreferrer\">www.direcciondeltrabajo.cl<\/a>\u00a0<\/span><\/p>\n<\/div><\/section><\/div><div  style='height:50px' class='hr hr-invisible   avia-builder-el-6  el_after_av_one_full  el_before_av_social_share '><span class='hr-inner ' ><span class='hr-inner-style'><\/span><\/span><\/div><\/p>\n<div  class='av-social-sharing-box  avia-builder-el-7  el_after_av_hr  el_before_av_hr  '><div class='av-share-box'><h5 class='av-share-link-description av-no-toc '>Compartir esta noticia<\/h5><ul class='av-share-box-list noLightbox'><li class='av-share-link av-social-link-facebook' ><a target=\"_blank\" aria-label=\"Compartir en Facebook\" href='https:\/\/www.facebook.com\/sharer.php?u=https:\/\/radiorevelacionfm.cl\/?p=31931&#038;t=Llaman%20a%20priorizar%20el%20teletrabajo%20ante%20aumento%20de%20casos%20de%20virus%20respiratorios%20en%20la%20Regi%C3%B3n%20de%20Ays%C3%A9n' aria-hidden='false' data-av_icon='\ue8f3' data-av_iconfont='entypo-fontello' title='' data-avia-related-tooltip='Compartir en Facebook' rel=\"noopener\"><span class='avia_hidden_link_text'>Compartir en Facebook<\/span><\/a><\/li><li class='av-share-link av-social-link-twitter' ><a target=\"_blank\" aria-label=\"Compartir en Twitter\" href='https:\/\/twitter.com\/share?text=Llaman%20a%20priorizar%20el%20teletrabajo%20ante%20aumento%20de%20casos%20de%20virus%20respiratorios%20en%20la%20Regi%C3%B3n%20de%20Ays%C3%A9n&#038;url=https:\/\/radiorevelacionfm.cl\/?p=31931' aria-hidden='false' data-av_icon='\ue8f1' data-av_iconfont='entypo-fontello' title='' data-avia-related-tooltip='Compartir en Twitter' rel=\"noopener\"><span class='avia_hidden_link_text'>Compartir en Twitter<\/span><\/a><\/li><li class='av-share-link av-social-link-whatsapp' ><a target=\"_blank\" aria-label=\"Compartir en Whatsapp\" href='https:\/\/api.whatsapp.com\/send?text=https:\/\/radiorevelacionfm.cl\/?p=31931' aria-hidden='false' data-av_icon='\uf232' data-av_iconfont='entypo-fontello' title='' data-avia-related-tooltip='Compartir en Whatsapp' rel=\"noopener\"><span class='avia_hidden_link_text'>Compartir en Whatsapp<\/span><\/a><\/li><li class='av-share-link av-social-link-linkedin' ><a target=\"_blank\" aria-label=\"Compartir en LinkedIn\" href='https:\/\/linkedin.com\/shareArticle?mini=true&#038;title=Llaman%20a%20priorizar%20el%20teletrabajo%20ante%20aumento%20de%20casos%20de%20virus%20respiratorios%20en%20la%20Regi%C3%B3n%20de%20Ays%C3%A9n&#038;url=https:\/\/radiorevelacionfm.cl\/?p=31931' aria-hidden='false' data-av_icon='\ue8fc' data-av_iconfont='entypo-fontello' title='' data-avia-related-tooltip='Compartir en LinkedIn' rel=\"noopener\"><span class='avia_hidden_link_text'>Compartir en LinkedIn<\/span><\/a><\/li><li class='av-share-link av-social-link-mail' ><a  aria-label=\"Compartir por correo\" href='mailto:?subject=Llaman%20a%20priorizar%20el%20teletrabajo%20ante%20aumento%20de%20casos%20de%20virus%20respiratorios%20en%20la%20Regi%C3%B3n%20de%20Ays%C3%A9n&#038;body=https:\/\/radiorevelacionfm.cl\/?p=31931' aria-hidden='false' data-av_icon='\ue805' data-av_iconfont='entypo-fontello' title='' data-avia-related-tooltip='Compartir por correo'><span class='avia_hidden_link_text'>Compartir por correo<\/span><\/a><\/li><\/ul><\/div><\/div>\n<div  style='height:50px' class='hr hr-invisible   avia-builder-el-8  el_after_av_social_share  el_before_av_comments_list '><span class='hr-inner ' ><span class='hr-inner-style'><\/span><\/span><\/div>\n<div  class='av-buildercomment  av-blog-meta-html-info-disabled av-blog-meta-tag-disabled  '><\/div>\n","protected":false},"excerpt":{"rendered":"","protected":false},"author":1,"featured_media":31932,"comment_status":"open","ping_status":"open","sticky":false,"template":"","format":"standard","meta":{"footnotes":""},"categories":[56],"tags":[],"class_list":["post-31931","post","type-post","status-publish","format-standard","has-post-thumbnail","hentry","category-trabajo"],"jetpack_featured_media_url":"https:\/\/radiorevelacionfm.cl\/wp-content\/uploads\/2023\/06\/Autoridades-laborales-y-Salud-1-1-1.jpg","_links":{"self":[{"href":"https:\/\/radiorevelacionfm.cl\/index.php?rest_route=\/wp\/v2\/posts\/31931","targetHints":{"allow":["GET"]}}],"collection":[{"href":"https:\/\/radiorevelacionfm.cl\/index.php?rest_route=\/wp\/v2\/posts"}],"about":[{"href":"https:\/\/radiorevelacionfm.cl\/index.php?rest_route=\/wp\/v2\/types\/post"}],"author":[{"embeddable":true,"href":"https:\/\/radiorevelacionfm.cl\/index.php?rest_route=\/wp\/v2\/users\/1"}],"replies":[{"embeddable":true,"href":"https:\/\/radiorevelacionfm.cl\/index.php?rest_route=%2Fwp%2Fv2%2Fcomments&post=31931"}],"version-history":[{"count":1,"href":"https:\/\/radiorevelacionfm.cl\/index.php?rest_route=\/wp\/v2\/posts\/31931\/revisions"}],"predecessor-version":[{"id":31933,"href":"https:\/\/radiorevelacionfm.cl\/index.php?rest_route=\/wp\/v2\/posts\/31931\/revisions\/31933"}],"wp:featuredmedia":[{"embeddable":true,"href":"https:\/\/radiorevelacionfm.cl\/index.php?rest_route=\/wp\/v2\/media\/31932"}],"wp:attachment":[{"href":"https:\/\/radiorevelacionfm.cl\/index.php?rest_route=%2Fwp%2Fv2%2Fmedia&parent=31931"}],"wp:term":[{"taxonomy":"category","embeddable":true,"href":"https:\/\/radiorevelacionfm.cl\/index.php?rest_route=%2Fwp%2Fv2%2Fcategories&post=31931"},{"taxonomy":"post_tag","embeddable":true,"href":"https:\/\/radiorevelacionfm.cl\/index.php?rest_route=%2Fwp%2Fv2%2Ftags&post=31931"}],"curies":[{"name":"wp","href":"https:\/\/api.w.org\/{rel}","templated":true}]}}