{"id":31928,"date":"2023-06-12T22:30:41","date_gmt":"2023-06-13T01:30:41","guid":{"rendered":"https:\/\/radiorevelacionfm.cl\/?p=31928"},"modified":"2023-06-12T22:30:41","modified_gmt":"2023-06-13T01:30:41","slug":"cierran-programa-que-fortalece-gestion-del-recurso-hidrico-de-comunidad-de-aguas-canal-chile-chico","status":"publish","type":"post","link":"https:\/\/radiorevelacionfm.cl\/?p=31928","title":{"rendered":"Cierran programa que fortalece gesti\u00f3n del recurso h\u00eddrico de Comunidad de Aguas Canal Chile Chico"},"content":{"rendered":"<div class=\"flex_column av_one_full  flex_column_div av-zero-column-padding first  avia-builder-el-0  el_before_av_one_full  avia-builder-el-first  \" style='border-radius:0px; '><div  class='avia-image-container  av-styling-    avia-builder-el-1  avia-builder-el-no-sibling  avia-align-center '  itemprop=\"image\" itemscope=\"itemscope\" itemtype=\"https:\/\/schema.org\/ImageObject\"  ><div class='avia-image-container-inner'><div class='avia-image-overlay-wrap'><img decoding=\"async\" class='wp-image-31929 avia-img-lazy-loading-not-31929 avia_image' src=\"https:\/\/radiorevelacionfm.cl\/wp-content\/uploads\/2023\/06\/agua-27-1_optimized.jpg\" alt='' title='agua-(27)-(1)_optimized' height=\"600\" width=\"800\"  itemprop=\"thumbnailUrl\" srcset=\"https:\/\/radiorevelacionfm.cl\/wp-content\/uploads\/2023\/06\/agua-27-1_optimized.jpg 800w, https:\/\/radiorevelacionfm.cl\/wp-content\/uploads\/2023\/06\/agua-27-1_optimized-300x225.jpg 300w, https:\/\/radiorevelacionfm.cl\/wp-content\/uploads\/2023\/06\/agua-27-1_optimized-768x576.jpg 768w, https:\/\/radiorevelacionfm.cl\/wp-content\/uploads\/2023\/06\/agua-27-1_optimized-705x529.jpg 705w, https:\/\/radiorevelacionfm.cl\/wp-content\/uploads\/2023\/06\/agua-27-1_optimized-450x338.jpg 450w, https:\/\/radiorevelacionfm.cl\/wp-content\/uploads\/2023\/06\/agua-27-1_optimized-600x450.jpg 600w\" sizes=\"(max-width: 800px) 100vw, 800px\" \/><\/div><\/div><\/div><\/div><div class=\"flex_column av_one_full  flex_column_div av-zero-column-padding first  avia-builder-el-2  el_after_av_one_full  el_before_av_one_full  column-top-margin\" style='border-radius:0px; '><section class=\"av_textblock_section \"  itemscope=\"itemscope\" itemtype=\"https:\/\/schema.org\/BlogPosting\" itemprop=\"blogPost\" ><div class='avia_textblock  '   itemprop=\"text\" ><p style=\"text-align: center;\"><strong><span style=\"font-size: 18pt;\">Cierran programa que fortalece gesti\u00f3n del recurso h\u00eddrico de Comunidad de Aguas Canal Chile Chico<\/span><\/strong><\/p>\n<div id=\"gtx-trans\" style=\"position: absolute; left: -50px; top: 4.31534px;\">\n<div class=\"gtx-trans-icon\"><\/div>\n<\/div>\n<\/div><\/section><\/div><div class=\"flex_column av_one_full  flex_column_div av-zero-column-padding first  avia-builder-el-4  el_after_av_one_full  el_before_av_hr  column-top-margin\" style='border-radius:0px; '><section class=\"av_textblock_section \"  itemscope=\"itemscope\" itemtype=\"https:\/\/schema.org\/BlogPosting\" itemprop=\"blogPost\" ><div class='avia_textblock  '   itemprop=\"text\" ><p class=\"v1MsoNormal v1ContentPasted0\" style=\"text-align: justify;\">En un importante hito para Ays\u00e9n, se llev\u00f3 a cabo la ceremonia simb\u00f3lica de entrega de la bonificaci\u00f3n de la Ley N\u00b0 18.450 para la Comunidad de Aguas Canal Chile Chico, como parte del trabajo impulsado desde la Seremi de Agricultura y la Comisi\u00f3n Nacional de Riego (CNR). La bonificaci\u00f3n se entreg\u00f3 a trav\u00e9s del proyecto \u00abConstrucci\u00f3n de Marcos Partidores y Mejoramiento de Compuertas Canal Chile Chico\u00bb, que implic\u00f3 montos sectoriales por m\u00e1s de 109 millones, m\u00e1s 13 millones aportados por los integrantes de la organizaci\u00f3n comunitaria, que re\u00fane a cerca de 180 personas de la localidad.<\/p>\n<p class=\"v1MsoNormal v1ContentPasted0\" style=\"text-align: justify;\">\u00abNos empoderamos, asumimos el rol de cada director y volvimos a motivar a la misma comunidad. Fueron dos a\u00f1os intensos y esto que ocurre hoy, la adjudicaci\u00f3n de un proyecto de mejoramiento de compuertas, que al inicio era algo impensado. Dudamos mucho en su momento, pero aqu\u00ed estamos, con el sue\u00f1o cumplido\u00bb, resalt\u00f3 la presidenta de la Comunidad de Aguas Canal Chile Chico, Andrea Berrocal.<\/p>\n<p class=\"v1MsoNormal v1ContentPasted0\" style=\"text-align: justify;\">El proyecto se logr\u00f3 mediante la bonificaci\u00f3n de la Ley N\u00b0 18.450, de Fomento a la Inversi\u00f3n Privada en Obras de Riego y Drenaje, destinada a promover y fortalecer el uso eficiente del agua con fines agr\u00edcolas.<\/p>\n<p class=\"v1MsoNormal v1ContentPasted0\" style=\"text-align: justify;\">\u00abEl presidente Gabriel Boric, en su cuenta p\u00fablica, resalt\u00f3 la urgencia de enfrentar el cambio clim\u00e1tico y esto es vital para la peque\u00f1a agricultura familiar campesina. Destac\u00f3 el avance de la nueva ley de Fomento Riego en el Congreso, la cual va a establecer mecanismos claves para la adaptaci\u00f3n del sector agr\u00edcola. En Ays\u00e9n debemos asumir este tremendo desaf\u00edo y desde nuestro Ministerio a trav\u00e9s de la Comisi\u00f3n Nacional de Riego, estamos impulsando los compromisos asumidos, obteniendo resultados concretos, tal como lo sucedido en el caso la Comunidad de Aguas de Chile Chico\u00bb, indic\u00f3 el Seremi de Agricultura, Alan\u00a0Espinoza Ortiz.<\/p>\n<p class=\"v1MsoNormal v1ContentPasted0\" style=\"text-align: justify;\">La obra se llev\u00f3 a cabo tras dos a\u00f1os de gestiones intersectoriales y su objetivo central es apuntar hacia el manejo sustentable del agua para riego de mil hect\u00e1reas de terreno, permitiendo as\u00ed una mayor eficiencia en la labor productiva.<\/p>\n<p class=\"v1MsoNormal v1ContentPasted0\" style=\"text-align: justify;\">\u00abPermite desarrollar nuevos modelos de negocio que tengan que ver con una agricultura sustentable, sostenible y adem\u00e1s que sea, por supuesto, ecol\u00f3gica tambi\u00e9n en la forma de su trabajo. Esto est\u00e1 pensado en un buen uso del agua y en un uso democr\u00e1tico de la misma\u00bb, expres\u00f3 el Delegado Presidencial Provincial General Carrera, Crist\u00f3bal Barcel\u00f3.<\/p>\n<p class=\"v1MsoNormal v1ContentPasted0\" style=\"text-align: justify;\">Por su parte, Pablo Bulnes, Coordinador Regional de Riego, resalt\u00f3 el proceso participativo realizado con la comunidad de aguas de la ciudad del sol con quienes<b class=\"v1ContentPasted0\">\u00a0<\/b>e impuls\u00f3 las obras de infraestructura.\u00a0<b>\u00a0<\/b><\/p>\n<p class=\"v1MsoNormal v1ContentPasted0\" style=\"text-align: justify;\">\u00abEl Seremi de Agricultura de la Regi\u00f3n de Ays\u00e9n nos ha encomendado desplegarnos en los territorios y en el caso particular de la Comisi\u00f3n Nacional de Riego, nos ha instruido trabajar codo a codo con las personas que integran las diversas comunidades de aguas regionales con el objeto de identificar y\/o levantar necesidades, gestionar la articulaci\u00f3n de reparticiones p\u00fablicas y apoyar activamente la obtenci\u00f3n del financiamiento requerido para entregar respuestas concretas, como ocurri\u00f3 en el caso de este programa con\u00a0<span class=\"v1ContentPasted0\">\u00a0<\/span>la Comunidad de Aguas Canal Chile Chico\u00bb, destac\u00f3.<\/p>\n<p class=\"v1MsoNormal v1ContentPasted0\" style=\"text-align: justify;\">El cierre de este programa forma parte de la agenda de trabajo de Comisi\u00f3n Nacional de Riego, la\u00a0cual, junto con la Seremi de Agricultura en\u00a0Ays\u00e9n, se encuentra impulsando diversas\u00a0iniciativas a nivel regional como, por ejemplo,\u00a0<span class=\"v1ContentPasted0\">\u00a0<\/span>el estudio b\u00e1sico para el diagn\u00f3stico de la peque\u00f1a agricultura y bonificaci\u00f3n de riego en regiones de Ays\u00e9n y Magallanes que busca. El cual, en Ays\u00e9n, buscar\u00e1 el levantar demanda con\u00a0foco en\u00a0las comunas de Chile Chico, R\u00edo Ib\u00e1\u00f1ez y Coyhaique, con el objeto de elaborar una cartera de proyectos de riego y drenaje susceptible de financiar mediante la Ley 18.450.<\/p>\n<\/div><\/section><\/div><div  style='height:50px' class='hr hr-invisible   avia-builder-el-6  el_after_av_one_full  el_before_av_social_share '><span class='hr-inner ' ><span class='hr-inner-style'><\/span><\/span><\/div><\/p>\n<div  class='av-social-sharing-box  avia-builder-el-7  el_after_av_hr  el_before_av_hr  '><div class='av-share-box'><h5 class='av-share-link-description av-no-toc '>Compartir esta noticia<\/h5><ul class='av-share-box-list noLightbox'><li class='av-share-link av-social-link-facebook' ><a target=\"_blank\" aria-label=\"Compartir en Facebook\" href='https:\/\/www.facebook.com\/sharer.php?u=https:\/\/radiorevelacionfm.cl\/?p=31928&#038;t=Cierran%20programa%20que%20fortalece%20gesti%C3%B3n%20del%20recurso%20h%C3%ADdrico%20de%20Comunidad%20de%20Aguas%20Canal%20Chile%20Chico' aria-hidden='false' data-av_icon='\ue8f3' data-av_iconfont='entypo-fontello' title='' data-avia-related-tooltip='Compartir en Facebook' rel=\"noopener\"><span class='avia_hidden_link_text'>Compartir en Facebook<\/span><\/a><\/li><li class='av-share-link av-social-link-twitter' ><a target=\"_blank\" aria-label=\"Compartir en Twitter\" href='https:\/\/twitter.com\/share?text=Cierran%20programa%20que%20fortalece%20gesti%C3%B3n%20del%20recurso%20h%C3%ADdrico%20de%20Comunidad%20de%20Aguas%20Canal%20Chile%20Chico&#038;url=https:\/\/radiorevelacionfm.cl\/?p=31928' aria-hidden='false' data-av_icon='\ue8f1' data-av_iconfont='entypo-fontello' title='' data-avia-related-tooltip='Compartir en Twitter' rel=\"noopener\"><span class='avia_hidden_link_text'>Compartir en Twitter<\/span><\/a><\/li><li class='av-share-link av-social-link-whatsapp' ><a target=\"_blank\" aria-label=\"Compartir en Whatsapp\" href='https:\/\/api.whatsapp.com\/send?text=https:\/\/radiorevelacionfm.cl\/?p=31928' aria-hidden='false' data-av_icon='\uf232' data-av_iconfont='entypo-fontello' title='' data-avia-related-tooltip='Compartir en Whatsapp' rel=\"noopener\"><span class='avia_hidden_link_text'>Compartir en Whatsapp<\/span><\/a><\/li><li class='av-share-link av-social-link-linkedin' ><a target=\"_blank\" aria-label=\"Compartir en LinkedIn\" href='https:\/\/linkedin.com\/shareArticle?mini=true&#038;title=Cierran%20programa%20que%20fortalece%20gesti%C3%B3n%20del%20recurso%20h%C3%ADdrico%20de%20Comunidad%20de%20Aguas%20Canal%20Chile%20Chico&#038;url=https:\/\/radiorevelacionfm.cl\/?p=31928' aria-hidden='false' data-av_icon='\ue8fc' data-av_iconfont='entypo-fontello' title='' data-avia-related-tooltip='Compartir en LinkedIn' rel=\"noopener\"><span class='avia_hidden_link_text'>Compartir en LinkedIn<\/span><\/a><\/li><li class='av-share-link av-social-link-mail' ><a  aria-label=\"Compartir por correo\" href='mailto:?subject=Cierran%20programa%20que%20fortalece%20gesti%C3%B3n%20del%20recurso%20h%C3%ADdrico%20de%20Comunidad%20de%20Aguas%20Canal%20Chile%20Chico&#038;body=https:\/\/radiorevelacionfm.cl\/?p=31928' aria-hidden='false' data-av_icon='\ue805' data-av_iconfont='entypo-fontello' title='' data-avia-related-tooltip='Compartir por correo'><span class='avia_hidden_link_text'>Compartir por correo<\/span><\/a><\/li><\/ul><\/div><\/div>\n<div  style='height:50px' class='hr hr-invisible   avia-builder-el-8  el_after_av_social_share  el_before_av_comments_list '><span class='hr-inner ' ><span class='hr-inner-style'><\/span><\/span><\/div>\n<div  class='av-buildercomment  av-blog-meta-html-info-disabled av-blog-meta-tag-disabled  '><\/div>\n","protected":false},"excerpt":{"rendered":"","protected":false},"author":1,"featured_media":31929,"comment_status":"open","ping_status":"open","sticky":false,"template":"","format":"standard","meta":{"footnotes":""},"categories":[38],"tags":[],"class_list":["post-31928","post","type-post","status-publish","format-standard","has-post-thumbnail","hentry","category-regional"],"jetpack_featured_media_url":"https:\/\/radiorevelacionfm.cl\/wp-content\/uploads\/2023\/06\/agua-27-1_optimized.jpg","_links":{"self":[{"href":"https:\/\/radiorevelacionfm.cl\/index.php?rest_route=\/wp\/v2\/posts\/31928","targetHints":{"allow":["GET"]}}],"collection":[{"href":"https:\/\/radiorevelacionfm.cl\/index.php?rest_route=\/wp\/v2\/posts"}],"about":[{"href":"https:\/\/radiorevelacionfm.cl\/index.php?rest_route=\/wp\/v2\/types\/post"}],"author":[{"embeddable":true,"href":"https:\/\/radiorevelacionfm.cl\/index.php?rest_route=\/wp\/v2\/users\/1"}],"replies":[{"embeddable":true,"href":"https:\/\/radiorevelacionfm.cl\/index.php?rest_route=%2Fwp%2Fv2%2Fcomments&post=31928"}],"version-history":[{"count":1,"href":"https:\/\/radiorevelacionfm.cl\/index.php?rest_route=\/wp\/v2\/posts\/31928\/revisions"}],"predecessor-version":[{"id":31930,"href":"https:\/\/radiorevelacionfm.cl\/index.php?rest_route=\/wp\/v2\/posts\/31928\/revisions\/31930"}],"wp:featuredmedia":[{"embeddable":true,"href":"https:\/\/radiorevelacionfm.cl\/index.php?rest_route=\/wp\/v2\/media\/31929"}],"wp:attachment":[{"href":"https:\/\/radiorevelacionfm.cl\/index.php?rest_route=%2Fwp%2Fv2%2Fmedia&parent=31928"}],"wp:term":[{"taxonomy":"category","embeddable":true,"href":"https:\/\/radiorevelacionfm.cl\/index.php?rest_route=%2Fwp%2Fv2%2Fcategories&post=31928"},{"taxonomy":"post_tag","embeddable":true,"href":"https:\/\/radiorevelacionfm.cl\/index.php?rest_route=%2Fwp%2Fv2%2Ftags&post=31928"}],"curies":[{"name":"wp","href":"https:\/\/api.w.org\/{rel}","templated":true}]}}