{"id":31925,"date":"2023-06-12T19:18:19","date_gmt":"2023-06-12T22:18:19","guid":{"rendered":"https:\/\/radiorevelacionfm.cl\/?p=31925"},"modified":"2023-06-12T19:18:19","modified_gmt":"2023-06-12T22:18:19","slug":"comunidad-de-puerto-aysen-participo-activamente-del-primer-diagnostico-de-salud-familiar","status":"publish","type":"post","link":"https:\/\/radiorevelacionfm.cl\/?p=31925","title":{"rendered":"Comunidad de Puerto Ays\u00e9n particip\u00f3 activamente del primer Diagn\u00f3stico de Salud Familiar"},"content":{"rendered":"<div class=\"flex_column av_one_full  flex_column_div av-zero-column-padding first  avia-builder-el-0  el_before_av_one_full  avia-builder-el-first  \" style='border-radius:0px; '><div  class='avia-image-container  av-styling-    avia-builder-el-1  avia-builder-el-no-sibling  avia-align-center '  itemprop=\"image\" itemscope=\"itemscope\" itemtype=\"https:\/\/schema.org\/ImageObject\"  ><div class='avia-image-container-inner'><div class='avia-image-overlay-wrap'><img decoding=\"async\" class='wp-image-31926 avia-img-lazy-loading-not-31926 avia_image' src=\"https:\/\/radiorevelacionfm.cl\/wp-content\/uploads\/2023\/06\/img-diagsalud1-1-1.jpeg\" alt='' title='img-diagsalud1 (1) (1)' height=\"600\" width=\"800\"  itemprop=\"thumbnailUrl\" srcset=\"https:\/\/radiorevelacionfm.cl\/wp-content\/uploads\/2023\/06\/img-diagsalud1-1-1.jpeg 800w, https:\/\/radiorevelacionfm.cl\/wp-content\/uploads\/2023\/06\/img-diagsalud1-1-1-300x225.jpeg 300w, https:\/\/radiorevelacionfm.cl\/wp-content\/uploads\/2023\/06\/img-diagsalud1-1-1-768x576.jpeg 768w, https:\/\/radiorevelacionfm.cl\/wp-content\/uploads\/2023\/06\/img-diagsalud1-1-1-705x529.jpeg 705w, https:\/\/radiorevelacionfm.cl\/wp-content\/uploads\/2023\/06\/img-diagsalud1-1-1-450x338.jpeg 450w, https:\/\/radiorevelacionfm.cl\/wp-content\/uploads\/2023\/06\/img-diagsalud1-1-1-600x450.jpeg 600w\" sizes=\"(max-width: 800px) 100vw, 800px\" \/><\/div><\/div><\/div><\/div><div class=\"flex_column av_one_full  flex_column_div av-zero-column-padding first  avia-builder-el-2  el_after_av_one_full  el_before_av_one_full  column-top-margin\" style='border-radius:0px; '><section class=\"av_textblock_section \"  itemscope=\"itemscope\" itemtype=\"https:\/\/schema.org\/BlogPosting\" itemprop=\"blogPost\" ><div class='avia_textblock  '   itemprop=\"text\" ><p style=\"text-align: center;\"><span style=\"font-size: 18pt;\"><strong>Comunidad de Puerto Ays\u00e9n particip\u00f3 activamente del primer Diagn\u00f3stico de Salud Familiar <\/strong><\/span><\/p>\n<div id=\"gtx-trans\" style=\"position: absolute; left: -50px; top: 4.31534px;\">\n<div class=\"gtx-trans-icon\"><\/div>\n<\/div>\n<\/div><\/section><\/div><div class=\"flex_column av_one_full  flex_column_div av-zero-column-padding first  avia-builder-el-4  el_after_av_one_full  el_before_av_hr  column-top-margin\" style='border-radius:0px; '><section class=\"av_textblock_section \"  itemscope=\"itemscope\" itemtype=\"https:\/\/schema.org\/BlogPosting\" itemprop=\"blogPost\" ><div class='avia_textblock  '   itemprop=\"text\" ><p style=\"text-align: justify;\"><em>El encuentro permiti\u00f3 visualizar la necesidad imperiosa de avanzar en estrategias de salud p\u00fablica para abordar la tenencia responsable de mascotas, entre otros temas.<\/em><\/p>\n<p style=\"text-align: justify;\">Con un di\u00e1logo aproximado de tres horas se efectu\u00f3 en dependencias de la sede del sector Camino Viejo en Puerto Ays\u00e9n, el primer Diagn\u00f3stico Participativo de Salud Familiar y Comunitario del Centro de Salud Familiar de Puerto Ays\u00e9n. El encuentro permiti\u00f3 visualizar el estado actual de la comunidad sobre problem\u00e1ticas que atentan contra la salud p\u00fablica, as\u00ed como tambi\u00e9n, revisar la adaptaci\u00f3n local de las pol\u00edticas p\u00fablicas que provienen como norma desde el Ministerio de Salud. Los elementos expuestos permitir\u00e1n trazar una ruta de trabajo, tanto para los dirigentes del Consejo de Desarrollo Local en Salud (CODELO), como para los directivos del CESFAM.<\/p>\n<p style=\"text-align: justify;\">Al respecto, Jhonny Llaip\u00e9n Alvarado, encargado de Participaci\u00f3n Ciudadana del recinto de Atenci\u00f3n Primaria de Salud, agradeci\u00f3 en primera instancia la alta convocatoria al encuentro e indic\u00f3 que \u201ces bueno cuando existen personas que se convocan para hablar temas importantes como es Salud y hoy d\u00eda fue un ejemplo, ciudadano en participar en este Diagn\u00f3stico Participativo de Salud Familiar y Comunitario. De aqu\u00ed van a salir muchos, muchos temas, mucho trabajo tanto para nosotros como Salud, pero tambi\u00e9n con la comunidad y ese es el sentido de este trabajo, que es una labor mancomunada\u201d, expres\u00f3 el trabajador social.<\/p>\n<p style=\"text-align: justify;\">Por su parte, la Consejera Regional por la provincia de Ays\u00e9n, Mar\u00eda Loreta Villegas, \u00a0manifest\u00f3 su conformidad con la instancia, destacando los resultados positivos del encuentro con la comunidad enfatizando en que \u201ccreo que nada de las cosas que nos est\u00e1n faltando son tan dif\u00edciles de lograr, sino que se necesita una comunicaci\u00f3n entre los servicios p\u00fablicos, entre la comunidad, entre el municipio, por lo tanto yo creo que vamos por buen camino, pero tenemos que lograr eso, comunicarnos y trabajar en conjunto\u201d, coment\u00f3 la autoridad regional.<\/p>\n<p style=\"text-align: justify;\">En tanto, Adriana Lira, presidenta del Codelo del Cesfam de Puerto Ays\u00e9n y actriz clave en la participaci\u00f3n vecinal, se\u00f1al\u00f3 el orgullo que le produjo la alta adhesi\u00f3n de la dirigencia social de la comuna porte\u00f1a al encuentro, expresando que \u201cvan a salir muchas, muchas cosas buenas en beneficio de CESFAM y en beneficio de la comunidad, que es lo que buscamos como codelo\u201d. Adem\u00e1s, la dirigenta adelant\u00f3 que buscar\u00e1n planificarse y desarrollar rondas de visitas hasta las Juntas de vecinos para entregar la informaci\u00f3n que se necesita desde el sector Salud e integr\u00e1ndolas al trabajo de gesti\u00f3n.<\/p>\n<p style=\"text-align: justify;\">Finalmente, Gladys Mar\u00edn Barr\u00eda, presidenta del sector Camino Viejo en Puerto Ays\u00e9n, relat\u00f3 que esta es la primera vez que participa de di\u00e1logos de este tipo en cuanto a Salud por lo que, agradeci\u00f3 la oportunidad \u201cen el fondo nos dimos cuenta que en todos los sectores tenemos casi las mismas necesidades\u2026 m\u00e1s salud, m\u00e1s medioambiente, m\u00e1s seguridad ciudadana sobre todo. Tantos robos que hay \u00faltimamente, tenemos una ciudad que est\u00e1 insegura, entonces muy buena jornada y m\u00e1s encima que fue en nuestra sede as\u00ed que bien feliz\u201d, expres\u00f3 la l\u00edder del sector hist\u00f3rico de Ays\u00e9n.<\/p>\n<\/div><\/section><\/div><div  style='height:50px' class='hr hr-invisible   avia-builder-el-6  el_after_av_one_full  el_before_av_social_share '><span class='hr-inner ' ><span class='hr-inner-style'><\/span><\/span><\/div><\/p>\n<div  class='av-social-sharing-box  avia-builder-el-7  el_after_av_hr  el_before_av_hr  '><div class='av-share-box'><h5 class='av-share-link-description av-no-toc '>Compartir esta noticia<\/h5><ul class='av-share-box-list noLightbox'><li class='av-share-link av-social-link-facebook' ><a target=\"_blank\" aria-label=\"Compartir en Facebook\" href='https:\/\/www.facebook.com\/sharer.php?u=https:\/\/radiorevelacionfm.cl\/?p=31925&#038;t=Comunidad%20de%20Puerto%20Ays%C3%A9n%20particip%C3%B3%20activamente%20del%20primer%20Diagn%C3%B3stico%20de%20Salud%20Familiar' aria-hidden='false' data-av_icon='\ue8f3' data-av_iconfont='entypo-fontello' title='' data-avia-related-tooltip='Compartir en Facebook' rel=\"noopener\"><span class='avia_hidden_link_text'>Compartir en Facebook<\/span><\/a><\/li><li class='av-share-link av-social-link-twitter' ><a target=\"_blank\" aria-label=\"Compartir en Twitter\" href='https:\/\/twitter.com\/share?text=Comunidad%20de%20Puerto%20Ays%C3%A9n%20particip%C3%B3%20activamente%20del%20primer%20Diagn%C3%B3stico%20de%20Salud%20Familiar&#038;url=https:\/\/radiorevelacionfm.cl\/?p=31925' aria-hidden='false' data-av_icon='\ue8f1' data-av_iconfont='entypo-fontello' title='' data-avia-related-tooltip='Compartir en Twitter' rel=\"noopener\"><span class='avia_hidden_link_text'>Compartir en Twitter<\/span><\/a><\/li><li class='av-share-link av-social-link-whatsapp' ><a target=\"_blank\" aria-label=\"Compartir en Whatsapp\" href='https:\/\/api.whatsapp.com\/send?text=https:\/\/radiorevelacionfm.cl\/?p=31925' aria-hidden='false' data-av_icon='\uf232' data-av_iconfont='entypo-fontello' title='' data-avia-related-tooltip='Compartir en Whatsapp' rel=\"noopener\"><span class='avia_hidden_link_text'>Compartir en Whatsapp<\/span><\/a><\/li><li class='av-share-link av-social-link-linkedin' ><a target=\"_blank\" aria-label=\"Compartir en LinkedIn\" href='https:\/\/linkedin.com\/shareArticle?mini=true&#038;title=Comunidad%20de%20Puerto%20Ays%C3%A9n%20particip%C3%B3%20activamente%20del%20primer%20Diagn%C3%B3stico%20de%20Salud%20Familiar&#038;url=https:\/\/radiorevelacionfm.cl\/?p=31925' aria-hidden='false' data-av_icon='\ue8fc' data-av_iconfont='entypo-fontello' title='' data-avia-related-tooltip='Compartir en LinkedIn' rel=\"noopener\"><span class='avia_hidden_link_text'>Compartir en LinkedIn<\/span><\/a><\/li><li class='av-share-link av-social-link-mail' ><a  aria-label=\"Compartir por correo\" href='mailto:?subject=Comunidad%20de%20Puerto%20Ays%C3%A9n%20particip%C3%B3%20activamente%20del%20primer%20Diagn%C3%B3stico%20de%20Salud%20Familiar&#038;body=https:\/\/radiorevelacionfm.cl\/?p=31925' aria-hidden='false' data-av_icon='\ue805' data-av_iconfont='entypo-fontello' title='' data-avia-related-tooltip='Compartir por correo'><span class='avia_hidden_link_text'>Compartir por correo<\/span><\/a><\/li><\/ul><\/div><\/div>\n<div  style='height:50px' class='hr hr-invisible   avia-builder-el-8  el_after_av_social_share  el_before_av_comments_list '><span class='hr-inner ' ><span class='hr-inner-style'><\/span><\/span><\/div>\n<div  class='av-buildercomment  av-blog-meta-html-info-disabled av-blog-meta-tag-disabled  '><\/div>\n","protected":false},"excerpt":{"rendered":"","protected":false},"author":1,"featured_media":31926,"comment_status":"open","ping_status":"open","sticky":false,"template":"","format":"standard","meta":{"footnotes":""},"categories":[38],"tags":[],"class_list":["post-31925","post","type-post","status-publish","format-standard","has-post-thumbnail","hentry","category-regional"],"jetpack_featured_media_url":"https:\/\/radiorevelacionfm.cl\/wp-content\/uploads\/2023\/06\/img-diagsalud1-1-1.jpeg","_links":{"self":[{"href":"https:\/\/radiorevelacionfm.cl\/index.php?rest_route=\/wp\/v2\/posts\/31925","targetHints":{"allow":["GET"]}}],"collection":[{"href":"https:\/\/radiorevelacionfm.cl\/index.php?rest_route=\/wp\/v2\/posts"}],"about":[{"href":"https:\/\/radiorevelacionfm.cl\/index.php?rest_route=\/wp\/v2\/types\/post"}],"author":[{"embeddable":true,"href":"https:\/\/radiorevelacionfm.cl\/index.php?rest_route=\/wp\/v2\/users\/1"}],"replies":[{"embeddable":true,"href":"https:\/\/radiorevelacionfm.cl\/index.php?rest_route=%2Fwp%2Fv2%2Fcomments&post=31925"}],"version-history":[{"count":1,"href":"https:\/\/radiorevelacionfm.cl\/index.php?rest_route=\/wp\/v2\/posts\/31925\/revisions"}],"predecessor-version":[{"id":31927,"href":"https:\/\/radiorevelacionfm.cl\/index.php?rest_route=\/wp\/v2\/posts\/31925\/revisions\/31927"}],"wp:featuredmedia":[{"embeddable":true,"href":"https:\/\/radiorevelacionfm.cl\/index.php?rest_route=\/wp\/v2\/media\/31926"}],"wp:attachment":[{"href":"https:\/\/radiorevelacionfm.cl\/index.php?rest_route=%2Fwp%2Fv2%2Fmedia&parent=31925"}],"wp:term":[{"taxonomy":"category","embeddable":true,"href":"https:\/\/radiorevelacionfm.cl\/index.php?rest_route=%2Fwp%2Fv2%2Fcategories&post=31925"},{"taxonomy":"post_tag","embeddable":true,"href":"https:\/\/radiorevelacionfm.cl\/index.php?rest_route=%2Fwp%2Fv2%2Ftags&post=31925"}],"curies":[{"name":"wp","href":"https:\/\/api.w.org\/{rel}","templated":true}]}}