{"id":31922,"date":"2023-06-12T20:10:03","date_gmt":"2023-06-12T23:10:03","guid":{"rendered":"https:\/\/radiorevelacionfm.cl\/?p=31922"},"modified":"2023-06-12T20:44:51","modified_gmt":"2023-06-12T23:44:51","slug":"hoy-comenzo-inscripcion-para-prueba-de-acceso-a-la-educacion-superior-paes-regular-para-admision-2024","status":"publish","type":"post","link":"https:\/\/radiorevelacionfm.cl\/?p=31922","title":{"rendered":"Hoy comenz\u00f3 inscripci\u00f3n para Prueba de Acceso a la Educaci\u00f3n Superior (PAES) Regular para Admisi\u00f3n 2024"},"content":{"rendered":"<div class=\"flex_column av_one_full  flex_column_div av-zero-column-padding first  avia-builder-el-0  el_before_av_one_full  avia-builder-el-first  \" style='border-radius:0px; '><div  class='avia-image-container  av-styling-    avia-builder-el-1  avia-builder-el-no-sibling  avia-align-center '  itemprop=\"image\" itemscope=\"itemscope\" itemtype=\"https:\/\/schema.org\/ImageObject\"  ><div class='avia-image-container-inner'><div class='avia-image-overlay-wrap'><img decoding=\"async\" class='wp-image-31946 avia-img-lazy-loading-not-31946 avia_image' src=\"https:\/\/radiorevelacionfm.cl\/wp-content\/uploads\/2023\/06\/PAES-puntajes-1-1.jpg\" alt='' title='PAES-puntajes (1) (1)' height=\"600\" width=\"1007\"  itemprop=\"thumbnailUrl\" srcset=\"https:\/\/radiorevelacionfm.cl\/wp-content\/uploads\/2023\/06\/PAES-puntajes-1-1.jpg 1007w, https:\/\/radiorevelacionfm.cl\/wp-content\/uploads\/2023\/06\/PAES-puntajes-1-1-300x179.jpg 300w, https:\/\/radiorevelacionfm.cl\/wp-content\/uploads\/2023\/06\/PAES-puntajes-1-1-768x458.jpg 768w, https:\/\/radiorevelacionfm.cl\/wp-content\/uploads\/2023\/06\/PAES-puntajes-1-1-705x420.jpg 705w, https:\/\/radiorevelacionfm.cl\/wp-content\/uploads\/2023\/06\/PAES-puntajes-1-1-450x268.jpg 450w, https:\/\/radiorevelacionfm.cl\/wp-content\/uploads\/2023\/06\/PAES-puntajes-1-1-600x357.jpg 600w\" sizes=\"(max-width: 1007px) 100vw, 1007px\" \/><\/div><\/div><\/div><\/div><div class=\"flex_column av_one_full  flex_column_div av-zero-column-padding first  avia-builder-el-2  el_after_av_one_full  el_before_av_one_full  column-top-margin\" style='border-radius:0px; '><section class=\"av_textblock_section \"  itemscope=\"itemscope\" itemtype=\"https:\/\/schema.org\/BlogPosting\" itemprop=\"blogPost\" ><div class='avia_textblock  '   itemprop=\"text\" ><p class=\"v1MsoNormal\" style=\"text-align: center;\" align=\"center\"><span style=\"font-size: 18pt;\"><b>Hoy comenz\u00f3 inscripci\u00f3n para Prueba de Acceso a la Educaci\u00f3n Superior (PAES) Regular para Admisi\u00f3n 2024<\/b><\/span><\/p>\n<div id=\"gtx-trans\" style=\"position: absolute; left: -50px; top: 4.31534px;\">\n<div class=\"gtx-trans-icon\"><\/div>\n<\/div>\n<\/div><\/section><\/div><\/p>\n<div class=\"flex_column av_one_full  flex_column_div av-zero-column-padding first  avia-builder-el-4  el_after_av_one_full  el_before_av_hr  column-top-margin\" style='border-radius:0px; '><section class=\"av_textblock_section \"  itemscope=\"itemscope\" itemtype=\"https:\/\/schema.org\/BlogPosting\" itemprop=\"blogPost\" ><div class='avia_textblock  '   itemprop=\"text\" ><p class=\"v1MsoNormal\" style=\"text-align: justify;\">El Ministerio de Educaci\u00f3n, a trav\u00e9s de la Subsecretar\u00eda de Educaci\u00f3n Superior, junto al DEMRE de la Universidad de Chile, informaron que a partir de hoy y hasta el 26 de julio de 2023, a las 13 horas, estar\u00e1 habilitada la plataforma\u00a0<a title=\"https:\/\/acceso.mineduc.cl\/\" href=\"https:\/\/acceso.mineduc.cl\/\" target=\"_blank\" rel=\"noopener noreferrer\">acceso.mineduc.cl<\/a>\u00a0para la inscripci\u00f3n a la Prueba de Acceso a la Educaci\u00f3n Superior (PAES) Regular, que se rendir\u00e1 entre el 27 y el 29 de noviembre, para el Proceso de Admisi\u00f3n 2024.<\/p>\n<p class=\"v1MsoNormal\" style=\"text-align: justify;\">El\u00a0ministro Marco Antonio \u00c1vila\u00a0se\u00f1al\u00f3 que \u201cpartimos la inscripci\u00f3n de la PAES Regular hoy lunes 12 de junio y se extender\u00e1 hasta el mi\u00e9rcoles 26 de julio. No hay periodos excepcionales, por lo tanto, tenemos poco m\u00e1s de un mes para que las y los j\u00f3venes hagan este proceso de inscripci\u00f3n\u201d. Agreg\u00f3 que \u201cinvitamos a las y los j\u00f3venes a vivir este proceso de manera entusiasta, a informarse de las distintas carreras, los beneficios y las becas, porque sabemos que es importante para la trayectoria de las y los j\u00f3venes de nuestro pa\u00eds poder acceder a la educaci\u00f3n superior\u201d.<\/p>\n<p class=\"v1MsoNormal\" style=\"text-align: justify;\">El subsecretario Educaci\u00f3n Superior, V\u00edctor Orellana,\u00a0destac\u00f3 la importancia de inscribir la PAES de Competencia Matem\u00e1tica 2 (M2): \u201cAl inscribir la prueba de Competencia Matem\u00e1tica M1, pueden inscribir la M2 sin costo, y viceversa. Es importante que las y los j\u00f3venes lo sepan, ya que hay m\u00e1s de 450 carreras que solicitan esta prueba. Pueden revisar el listado de carreras que exigen M2 en\u00a0<a title=\"https:\/\/acceso.mineduc.cl\/\" href=\"https:\/\/acceso.mineduc.cl\/\" target=\"_blank\" rel=\"noopener noreferrer\">acceso.mineduc.cl<\/a>\u201d.<\/p>\n<p class=\"v1MsoNormal\" style=\"text-align: justify;\">Por su parte, la\u00a0directora del DEMRE, Leonor Varas,\u00a0indic\u00f3 que \u201ceste es un sistema que progresa, que reconoce habilidades, talentos y competencias que antes no pod\u00edamos distinguir. Es importante recordarles que no habr\u00e1 un periodo extraordinario de inscripci\u00f3n, por lo que el llamado es a que lo hagan en los plazos indicados\u201d. Las y los postulantes deben hacer el tr\u00e1mite y seguir todos los pasos hasta descargar su Tarjeta de Identificaci\u00f3n, documento que acredita la validez de su inscripci\u00f3n.<\/p>\n<p class=\"v1MsoNormal\" style=\"text-align: justify;\"><strong>\u00bfQui\u00e9nes pueden inscribirse?\u00a0\u00a0\u00a0<\/strong><\/p>\n<p class=\"v1MsoNormal\" style=\"text-align: justify;\">Al igual que en procesos anteriores, a la PAES Regular pueden inscribirse quienes est\u00e9n egresadas(os) de Ense\u00f1anza Media o est\u00e9n cursando actualmente IV medio, incluidas las personas que hayan realizado sus estudios secundarios en el exterior, ya sea chilenas o extranjeras, y que cuenten con el reconocimiento de dichos estudios en nuestro pa\u00eds.<\/p>\n<p class=\"v1MsoNormal\" style=\"text-align: justify;\">Quienes hoy cursan IV medio deben inscribir, al menos, las pruebas obligatorias (Competencia Lectora y Competencia Matem\u00e1tica 1) y una prueba electiva (Ciencias y\/o de Historia y Ciencias Sociales), mientras que las y los egresados de IV medio pueden escoger qu\u00e9 pruebas rendir, una o m\u00e1s. Deben considerar que para poder postular a una de las 45 universidades adscritas al Sistema de Acceso en el Proceso de Admisi\u00f3n 2024, es requisito haber rendido al menos las pruebas obligatorias y una electiva, adem\u00e1s de la PAES M2, en caso de postular a una carrera que la exija como requisito.<\/p>\n<p class=\"v1MsoNormal\" style=\"text-align: justify;\">Dado esto \u00faltimo, es importante que las y los postulantes revisen la n\u00f3mina de carreras que solicitan M2 como requisito obligatorio. Esta est\u00e1 disponible en\u00a0<a title=\"https:\/\/acceso.mineduc.cl\/\" href=\"https:\/\/acceso.mineduc.cl\/\" target=\"_blank\" rel=\"noopener noreferrer\">acceso.mineduc.cl<\/a>\u00a0y en demre.cl.<\/p>\n<p class=\"v1MsoNormal\" style=\"text-align: justify;\">Las pruebas que componen la Prueba de Acceso a la Educaci\u00f3n Superior son: la PAES obligatoria de Competencia Lectora, la PAES obligatoria de Competencia Matem\u00e1tica 1 (M1), la PAES de Competencia Matem\u00e1tica 2 (M2), y las pruebas electivas de Ciencias y de Historia y Ciencias Sociales.<\/p>\n<p class=\"v1MsoNormal\" style=\"text-align: justify;\">Hay que se\u00f1alar que existe la beca PAES, que exime del pago del arancel de inscripci\u00f3n a estudiantes matriculados -en 2023- en IV medio en establecimientos educacionales municipales, particulares subvencionados o de los Servicios Locales de Educaci\u00f3n P\u00fablica. La beca tambi\u00e9n beneficia a estudiantes de establecimientos particulares pagados que pertenezcan al 60% de menos ingresos, seg\u00fan la calificaci\u00f3n socioecon\u00f3mica del Registro Social de Hogares.<\/p>\n<p class=\"v1MsoNormal\" style=\"text-align: justify;\"><strong>Aplicaci\u00f3n de la PAES de Invierno\u00a0\u00a0<\/strong><\/p>\n<p class=\"v1MsoNormal\" style=\"text-align: justify;\">Adem\u00e1s del anuncio del periodo de inscripci\u00f3n a la PAES Regular, las autoridades recordaron que el pr\u00f3ximo 19, 20 y 22 de junio se rendir\u00e1 la PAES de Invierno, para la que se inscribieron m\u00e1s de 30 mil personas egresadas de ense\u00f1anza media. Esta instancia tiene por prop\u00f3sito brindarle, a las y los postulantes, mayor flexibilidad y autonom\u00eda para gestionar su proceso de admisi\u00f3n a las universidades.<\/p>\n<p class=\"v1MsoNormal\" style=\"text-align: justify;\">La PAES de Invierno se rendir\u00e1 en 45 sedes a lo largo de todo el pa\u00eds, 17 m\u00e1s que el a\u00f1o anterior. En cuanto a los locales, estos sumar\u00e1n un total de 79 en todo Chile.<\/p>\n<\/div><\/section><\/div>\n<div  style='height:50px' class='hr hr-invisible   avia-builder-el-6  el_after_av_one_full  el_before_av_social_share '><span class='hr-inner ' ><span class='hr-inner-style'><\/span><\/span><\/div>\n<div  class='av-social-sharing-box  avia-builder-el-7  el_after_av_hr  el_before_av_hr  '><div class='av-share-box'><h5 class='av-share-link-description av-no-toc '>Compartir esta noticia<\/h5><ul class='av-share-box-list noLightbox'><li class='av-share-link av-social-link-facebook' ><a target=\"_blank\" aria-label=\"Compartir en Facebook\" href='https:\/\/www.facebook.com\/sharer.php?u=https:\/\/radiorevelacionfm.cl\/?p=31922&#038;t=Hoy%20comenz%C3%B3%20inscripci%C3%B3n%20para%20Prueba%20de%20Acceso%20a%20la%20Educaci%C3%B3n%20Superior%20%28PAES%29%20Regular%20para%20Admisi%C3%B3n%202024' aria-hidden='false' data-av_icon='\ue8f3' data-av_iconfont='entypo-fontello' title='' data-avia-related-tooltip='Compartir en Facebook' rel=\"noopener\"><span class='avia_hidden_link_text'>Compartir en Facebook<\/span><\/a><\/li><li class='av-share-link av-social-link-twitter' ><a target=\"_blank\" aria-label=\"Compartir en Twitter\" href='https:\/\/twitter.com\/share?text=Hoy%20comenz%C3%B3%20inscripci%C3%B3n%20para%20Prueba%20de%20Acceso%20a%20la%20Educaci%C3%B3n%20Superior%20%28PAES%29%20Regular%20para%20Admisi%C3%B3n%202024&#038;url=https:\/\/radiorevelacionfm.cl\/?p=31922' aria-hidden='false' data-av_icon='\ue8f1' data-av_iconfont='entypo-fontello' title='' data-avia-related-tooltip='Compartir en Twitter' rel=\"noopener\"><span class='avia_hidden_link_text'>Compartir en Twitter<\/span><\/a><\/li><li class='av-share-link av-social-link-whatsapp' ><a target=\"_blank\" aria-label=\"Compartir en Whatsapp\" href='https:\/\/api.whatsapp.com\/send?text=https:\/\/radiorevelacionfm.cl\/?p=31922' aria-hidden='false' data-av_icon='\uf232' data-av_iconfont='entypo-fontello' title='' data-avia-related-tooltip='Compartir en Whatsapp' rel=\"noopener\"><span class='avia_hidden_link_text'>Compartir en Whatsapp<\/span><\/a><\/li><li class='av-share-link av-social-link-linkedin' ><a target=\"_blank\" aria-label=\"Compartir en LinkedIn\" href='https:\/\/linkedin.com\/shareArticle?mini=true&#038;title=Hoy%20comenz%C3%B3%20inscripci%C3%B3n%20para%20Prueba%20de%20Acceso%20a%20la%20Educaci%C3%B3n%20Superior%20%28PAES%29%20Regular%20para%20Admisi%C3%B3n%202024&#038;url=https:\/\/radiorevelacionfm.cl\/?p=31922' aria-hidden='false' data-av_icon='\ue8fc' data-av_iconfont='entypo-fontello' title='' data-avia-related-tooltip='Compartir en LinkedIn' rel=\"noopener\"><span class='avia_hidden_link_text'>Compartir en LinkedIn<\/span><\/a><\/li><li class='av-share-link av-social-link-mail' ><a  aria-label=\"Compartir por correo\" href='mailto:?subject=Hoy%20comenz%C3%B3%20inscripci%C3%B3n%20para%20Prueba%20de%20Acceso%20a%20la%20Educaci%C3%B3n%20Superior%20%28PAES%29%20Regular%20para%20Admisi%C3%B3n%202024&#038;body=https:\/\/radiorevelacionfm.cl\/?p=31922' aria-hidden='false' data-av_icon='\ue805' data-av_iconfont='entypo-fontello' title='' data-avia-related-tooltip='Compartir por correo'><span class='avia_hidden_link_text'>Compartir por correo<\/span><\/a><\/li><\/ul><\/div><\/div>\n<div  style='height:50px' class='hr hr-invisible   avia-builder-el-8  el_after_av_social_share  el_before_av_comments_list '><span class='hr-inner ' ><span class='hr-inner-style'><\/span><\/span><\/div>\n<div  class='av-buildercomment  av-blog-meta-html-info-disabled av-blog-meta-tag-disabled  '><\/div>\n","protected":false},"excerpt":{"rendered":"","protected":false},"author":1,"featured_media":31946,"comment_status":"open","ping_status":"open","sticky":false,"template":"","format":"standard","meta":{"footnotes":""},"categories":[49],"tags":[],"class_list":["post-31922","post","type-post","status-publish","format-standard","has-post-thumbnail","hentry","category-educacion"],"jetpack_featured_media_url":"https:\/\/radiorevelacionfm.cl\/wp-content\/uploads\/2023\/06\/PAES-puntajes-1-1.jpg","_links":{"self":[{"href":"https:\/\/radiorevelacionfm.cl\/index.php?rest_route=\/wp\/v2\/posts\/31922","targetHints":{"allow":["GET"]}}],"collection":[{"href":"https:\/\/radiorevelacionfm.cl\/index.php?rest_route=\/wp\/v2\/posts"}],"about":[{"href":"https:\/\/radiorevelacionfm.cl\/index.php?rest_route=\/wp\/v2\/types\/post"}],"author":[{"embeddable":true,"href":"https:\/\/radiorevelacionfm.cl\/index.php?rest_route=\/wp\/v2\/users\/1"}],"replies":[{"embeddable":true,"href":"https:\/\/radiorevelacionfm.cl\/index.php?rest_route=%2Fwp%2Fv2%2Fcomments&post=31922"}],"version-history":[{"count":2,"href":"https:\/\/radiorevelacionfm.cl\/index.php?rest_route=\/wp\/v2\/posts\/31922\/revisions"}],"predecessor-version":[{"id":31947,"href":"https:\/\/radiorevelacionfm.cl\/index.php?rest_route=\/wp\/v2\/posts\/31922\/revisions\/31947"}],"wp:featuredmedia":[{"embeddable":true,"href":"https:\/\/radiorevelacionfm.cl\/index.php?rest_route=\/wp\/v2\/media\/31946"}],"wp:attachment":[{"href":"https:\/\/radiorevelacionfm.cl\/index.php?rest_route=%2Fwp%2Fv2%2Fmedia&parent=31922"}],"wp:term":[{"taxonomy":"category","embeddable":true,"href":"https:\/\/radiorevelacionfm.cl\/index.php?rest_route=%2Fwp%2Fv2%2Fcategories&post=31922"},{"taxonomy":"post_tag","embeddable":true,"href":"https:\/\/radiorevelacionfm.cl\/index.php?rest_route=%2Fwp%2Fv2%2Ftags&post=31922"}],"curies":[{"name":"wp","href":"https:\/\/api.w.org\/{rel}","templated":true}]}}