{"id":31913,"date":"2023-06-12T16:56:04","date_gmt":"2023-06-12T19:56:04","guid":{"rendered":"https:\/\/radiorevelacionfm.cl\/?p=31913"},"modified":"2023-06-12T16:56:04","modified_gmt":"2023-06-12T19:56:04","slug":"28-emprendedores-as-regionales-dieron-un-impulso-a-sus-negocios-con-el-apoyo-del-fosis","status":"publish","type":"post","link":"https:\/\/radiorevelacionfm.cl\/?p=31913","title":{"rendered":"28 emprendedores\/as regionales dieron un impulso a sus negocios con el apoyo del Fosis"},"content":{"rendered":"<div class=\"flex_column av_one_full  flex_column_div av-zero-column-padding first  avia-builder-el-0  el_before_av_one_full  avia-builder-el-first  \" style='border-radius:0px; '><div  class='avia-image-container  av-styling-    avia-builder-el-1  avia-builder-el-no-sibling  avia-align-center '  itemprop=\"image\" itemscope=\"itemscope\" itemtype=\"https:\/\/schema.org\/ImageObject\"  ><div class='avia-image-container-inner'><div class='avia-image-overlay-wrap'><img decoding=\"async\" class='wp-image-31914 avia-img-lazy-loading-not-31914 avia_image' src=\"https:\/\/radiorevelacionfm.cl\/wp-content\/uploads\/2023\/06\/emprendedores_as-fosis-1-1_optimized.jpeg\" alt='' title='emprendedores_as-fosis-1-(1)_optimized' height=\"600\" width=\"1091\"  itemprop=\"thumbnailUrl\" srcset=\"https:\/\/radiorevelacionfm.cl\/wp-content\/uploads\/2023\/06\/emprendedores_as-fosis-1-1_optimized.jpeg 1091w, https:\/\/radiorevelacionfm.cl\/wp-content\/uploads\/2023\/06\/emprendedores_as-fosis-1-1_optimized-300x165.jpeg 300w, https:\/\/radiorevelacionfm.cl\/wp-content\/uploads\/2023\/06\/emprendedores_as-fosis-1-1_optimized-1030x566.jpeg 1030w, https:\/\/radiorevelacionfm.cl\/wp-content\/uploads\/2023\/06\/emprendedores_as-fosis-1-1_optimized-768x422.jpeg 768w, https:\/\/radiorevelacionfm.cl\/wp-content\/uploads\/2023\/06\/emprendedores_as-fosis-1-1_optimized-705x388.jpeg 705w, https:\/\/radiorevelacionfm.cl\/wp-content\/uploads\/2023\/06\/emprendedores_as-fosis-1-1_optimized-450x247.jpeg 450w, https:\/\/radiorevelacionfm.cl\/wp-content\/uploads\/2023\/06\/emprendedores_as-fosis-1-1_optimized-600x330.jpeg 600w\" sizes=\"(max-width: 1091px) 100vw, 1091px\" \/><\/div><\/div><\/div><\/div><div class=\"flex_column av_one_full  flex_column_div av-zero-column-padding first  avia-builder-el-2  el_after_av_one_full  el_before_av_one_full  column-top-margin\" style='border-radius:0px; '><section class=\"av_textblock_section \"  itemscope=\"itemscope\" itemtype=\"https:\/\/schema.org\/BlogPosting\" itemprop=\"blogPost\" ><div class='avia_textblock  '   itemprop=\"text\" ><p style=\"text-align: center;\"><strong><span style=\"font-size: 18pt;\">28 emprendedores\/as regionales dieron un impulso a sus negocios con el apoyo del Fosis<\/span><\/strong><\/p>\n<div id=\"gtx-trans\" style=\"position: absolute; left: -50px; top: 4.31534px;\">\n<div class=\"gtx-trans-icon\"><\/div>\n<\/div>\n<\/div><\/section><\/div><div class=\"flex_column av_one_full  flex_column_div av-zero-column-padding first  avia-builder-el-4  el_after_av_one_full  el_before_av_hr  column-top-margin\" style='border-radius:0px; '><section class=\"av_textblock_section \"  itemscope=\"itemscope\" itemtype=\"https:\/\/schema.org\/BlogPosting\" itemprop=\"blogPost\" ><div class='avia_textblock  '   itemprop=\"text\" ><p style=\"text-align: justify;\">Hasta la Sede de la Mujer Rural en Coyhaique lleg\u00f3 la Directora Regional del Fondo de Solidaridad e Inversi\u00f3n Social, FOSIS, para reunirse con parte de los usuarios y usuarias del programa Emprendamos, donde participaron personas de Coyhaique, Ays\u00e9n, Chile Chico, Cisnes y Lago Verde.<\/p>\n<p style=\"text-align: justify;\">Los emprendedores y emprendedoras lograron concluir exitosamente las distintas etapas del proceso metodol\u00f3gico que incluye este programa, que busca aumentar la generaci\u00f3n de ingresos a trav\u00e9s de una iniciativa productiva en funcionamiento.<\/p>\n<p style=\"text-align: justify;\">La emprendedora Rosa Alvarado del sector Alto Baguales en Coyhaique, que se desempe\u00f1a como peque\u00f1a productora av\u00edcola, aprovech\u00f3 de buena manera esta oportunidad. \u201cPostul\u00e9 y gracias al FOSIS pude mejorar lo que ya hab\u00eda comenzado. Ha sido muy positivo este proceso, me hizo sentir una persona \u00fatil, que puede empezar y proyectarse a futuro, poder sustentar mis necesidades b\u00e1sicas. El acompa\u00f1amiento y la asesor\u00eda que recib\u00ed por parte del FOSIS fue extraordinario, me ense\u00f1aron c\u00f3mo llevar mi proyecto adelante, la oferta y demanda, programas computacionales para usar los medios digitales y llegar a m\u00e1s personas para tener una mejor rentabilidad con producto\u201d.<\/p>\n<p style=\"text-align: justify;\">Fernanda Leiva, Directora Regional del FOSIS en Ays\u00e9n, mencion\u00f3 que \u201ccompartimos y conversamos amenamente en un espacio cercano y de confianza con emprendedores y emprendedoras que participaron de este programa, conociendo sus experiencias, el apoyo que recibieron en las distintas etapas y c\u00f3mo se proyectan a futuro. En esta instancia de certificaci\u00f3n los y las incentivamos a seguir creciendo y capacit\u00e1ndose para que contin\u00faen y hagan provechosos sus emprendimientos, con la finalidad de que puedan tener un mejor desarrollo y apoyar su autonom\u00eda y la de sus familias\u201d.<\/p>\n<p style=\"text-align: justify;\">El programa Emprendamos del FOSIS est\u00e1 orientado a personas que tienen un emprendimiento o negocio activo y buscan darle un impulso a trav\u00e9s de las capacitaciones, asesor\u00edas y financiamiento.<\/p>\n<\/div><\/section><\/div><div  style='height:50px' class='hr hr-invisible   avia-builder-el-6  el_after_av_one_full  el_before_av_social_share '><span class='hr-inner ' ><span class='hr-inner-style'><\/span><\/span><\/div><\/p>\n<div  class='av-social-sharing-box  avia-builder-el-7  el_after_av_hr  el_before_av_hr  '><div class='av-share-box'><h5 class='av-share-link-description av-no-toc '>Compartir esta noticia<\/h5><ul class='av-share-box-list noLightbox'><li class='av-share-link av-social-link-facebook' ><a target=\"_blank\" aria-label=\"Compartir en Facebook\" href='https:\/\/www.facebook.com\/sharer.php?u=https:\/\/radiorevelacionfm.cl\/?p=31913&#038;t=28%20emprendedores%2Fas%20regionales%20dieron%20un%20impulso%20a%20sus%20negocios%20con%20el%20apoyo%20del%20Fosis' aria-hidden='false' data-av_icon='\ue8f3' data-av_iconfont='entypo-fontello' title='' data-avia-related-tooltip='Compartir en Facebook' rel=\"noopener\"><span class='avia_hidden_link_text'>Compartir en Facebook<\/span><\/a><\/li><li class='av-share-link av-social-link-twitter' ><a target=\"_blank\" aria-label=\"Compartir en Twitter\" href='https:\/\/twitter.com\/share?text=28%20emprendedores%2Fas%20regionales%20dieron%20un%20impulso%20a%20sus%20negocios%20con%20el%20apoyo%20del%20Fosis&#038;url=https:\/\/radiorevelacionfm.cl\/?p=31913' aria-hidden='false' data-av_icon='\ue8f1' data-av_iconfont='entypo-fontello' title='' data-avia-related-tooltip='Compartir en Twitter' rel=\"noopener\"><span class='avia_hidden_link_text'>Compartir en Twitter<\/span><\/a><\/li><li class='av-share-link av-social-link-whatsapp' ><a target=\"_blank\" aria-label=\"Compartir en Whatsapp\" href='https:\/\/api.whatsapp.com\/send?text=https:\/\/radiorevelacionfm.cl\/?p=31913' aria-hidden='false' data-av_icon='\uf232' data-av_iconfont='entypo-fontello' title='' data-avia-related-tooltip='Compartir en Whatsapp' rel=\"noopener\"><span class='avia_hidden_link_text'>Compartir en Whatsapp<\/span><\/a><\/li><li class='av-share-link av-social-link-linkedin' ><a target=\"_blank\" aria-label=\"Compartir en LinkedIn\" href='https:\/\/linkedin.com\/shareArticle?mini=true&#038;title=28%20emprendedores%2Fas%20regionales%20dieron%20un%20impulso%20a%20sus%20negocios%20con%20el%20apoyo%20del%20Fosis&#038;url=https:\/\/radiorevelacionfm.cl\/?p=31913' aria-hidden='false' data-av_icon='\ue8fc' data-av_iconfont='entypo-fontello' title='' data-avia-related-tooltip='Compartir en LinkedIn' rel=\"noopener\"><span class='avia_hidden_link_text'>Compartir en LinkedIn<\/span><\/a><\/li><li class='av-share-link av-social-link-mail' ><a  aria-label=\"Compartir por correo\" href='mailto:?subject=28%20emprendedores%2Fas%20regionales%20dieron%20un%20impulso%20a%20sus%20negocios%20con%20el%20apoyo%20del%20Fosis&#038;body=https:\/\/radiorevelacionfm.cl\/?p=31913' aria-hidden='false' data-av_icon='\ue805' data-av_iconfont='entypo-fontello' title='' data-avia-related-tooltip='Compartir por correo'><span class='avia_hidden_link_text'>Compartir por correo<\/span><\/a><\/li><\/ul><\/div><\/div>\n<div  style='height:50px' class='hr hr-invisible   avia-builder-el-8  el_after_av_social_share  el_before_av_comments_list '><span class='hr-inner ' ><span class='hr-inner-style'><\/span><\/span><\/div>\n<div  class='av-buildercomment  av-blog-meta-html-info-disabled av-blog-meta-tag-disabled  '><\/div>\n","protected":false},"excerpt":{"rendered":"","protected":false},"author":1,"featured_media":31914,"comment_status":"open","ping_status":"open","sticky":false,"template":"","format":"standard","meta":{"footnotes":""},"categories":[38],"tags":[],"class_list":["post-31913","post","type-post","status-publish","format-standard","has-post-thumbnail","hentry","category-regional"],"jetpack_featured_media_url":"https:\/\/radiorevelacionfm.cl\/wp-content\/uploads\/2023\/06\/emprendedores_as-fosis-1-1_optimized.jpeg","_links":{"self":[{"href":"https:\/\/radiorevelacionfm.cl\/index.php?rest_route=\/wp\/v2\/posts\/31913","targetHints":{"allow":["GET"]}}],"collection":[{"href":"https:\/\/radiorevelacionfm.cl\/index.php?rest_route=\/wp\/v2\/posts"}],"about":[{"href":"https:\/\/radiorevelacionfm.cl\/index.php?rest_route=\/wp\/v2\/types\/post"}],"author":[{"embeddable":true,"href":"https:\/\/radiorevelacionfm.cl\/index.php?rest_route=\/wp\/v2\/users\/1"}],"replies":[{"embeddable":true,"href":"https:\/\/radiorevelacionfm.cl\/index.php?rest_route=%2Fwp%2Fv2%2Fcomments&post=31913"}],"version-history":[{"count":1,"href":"https:\/\/radiorevelacionfm.cl\/index.php?rest_route=\/wp\/v2\/posts\/31913\/revisions"}],"predecessor-version":[{"id":31915,"href":"https:\/\/radiorevelacionfm.cl\/index.php?rest_route=\/wp\/v2\/posts\/31913\/revisions\/31915"}],"wp:featuredmedia":[{"embeddable":true,"href":"https:\/\/radiorevelacionfm.cl\/index.php?rest_route=\/wp\/v2\/media\/31914"}],"wp:attachment":[{"href":"https:\/\/radiorevelacionfm.cl\/index.php?rest_route=%2Fwp%2Fv2%2Fmedia&parent=31913"}],"wp:term":[{"taxonomy":"category","embeddable":true,"href":"https:\/\/radiorevelacionfm.cl\/index.php?rest_route=%2Fwp%2Fv2%2Fcategories&post=31913"},{"taxonomy":"post_tag","embeddable":true,"href":"https:\/\/radiorevelacionfm.cl\/index.php?rest_route=%2Fwp%2Fv2%2Ftags&post=31913"}],"curies":[{"name":"wp","href":"https:\/\/api.w.org\/{rel}","templated":true}]}}