{"id":31910,"date":"2023-06-13T13:31:59","date_gmt":"2023-06-13T16:31:59","guid":{"rendered":"https:\/\/radiorevelacionfm.cl\/?p=31910"},"modified":"2023-06-13T13:31:59","modified_gmt":"2023-06-13T16:31:59","slug":"realizan-primera-jornada-de-parto-respetado-en-coyhaique","status":"publish","type":"post","link":"https:\/\/radiorevelacionfm.cl\/?p=31910","title":{"rendered":"Realizan \u201cPrimera Jornada de Parto Respetado\u201d en Coyhaique"},"content":{"rendered":"<div class=\"flex_column av_one_full  flex_column_div av-zero-column-padding first  avia-builder-el-0  el_before_av_one_full  avia-builder-el-first  \" style='border-radius:0px; '><div  class='avia-image-container  av-styling-    avia-builder-el-1  avia-builder-el-no-sibling  avia-align-center '  itemprop=\"image\" itemscope=\"itemscope\" itemtype=\"https:\/\/schema.org\/ImageObject\"  ><div class='avia-image-container-inner'><div class='avia-image-overlay-wrap'><img decoding=\"async\" class='wp-image-31911 avia-img-lazy-loading-not-31911 avia_image' src=\"https:\/\/radiorevelacionfm.cl\/wp-content\/uploads\/2023\/06\/Jornada-parto-respetado-2-1-1.jpeg\" alt='' title='Jornada parto respetado (2) (1) (1)' height=\"600\" width=\"1285\"  itemprop=\"thumbnailUrl\" srcset=\"https:\/\/radiorevelacionfm.cl\/wp-content\/uploads\/2023\/06\/Jornada-parto-respetado-2-1-1.jpeg 1285w, https:\/\/radiorevelacionfm.cl\/wp-content\/uploads\/2023\/06\/Jornada-parto-respetado-2-1-1-300x140.jpeg 300w, https:\/\/radiorevelacionfm.cl\/wp-content\/uploads\/2023\/06\/Jornada-parto-respetado-2-1-1-1030x481.jpeg 1030w, https:\/\/radiorevelacionfm.cl\/wp-content\/uploads\/2023\/06\/Jornada-parto-respetado-2-1-1-768x359.jpeg 768w, https:\/\/radiorevelacionfm.cl\/wp-content\/uploads\/2023\/06\/Jornada-parto-respetado-2-1-1-705x329.jpeg 705w, https:\/\/radiorevelacionfm.cl\/wp-content\/uploads\/2023\/06\/Jornada-parto-respetado-2-1-1-450x210.jpeg 450w, https:\/\/radiorevelacionfm.cl\/wp-content\/uploads\/2023\/06\/Jornada-parto-respetado-2-1-1-600x280.jpeg 600w\" sizes=\"(max-width: 1285px) 100vw, 1285px\" \/><\/div><\/div><\/div><\/div><div class=\"flex_column av_one_full  flex_column_div av-zero-column-padding first  avia-builder-el-2  el_after_av_one_full  el_before_av_one_full  column-top-margin\" style='border-radius:0px; '><section class=\"av_textblock_section \"  itemscope=\"itemscope\" itemtype=\"https:\/\/schema.org\/BlogPosting\" itemprop=\"blogPost\" ><div class='avia_textblock  '   itemprop=\"text\" ><p style=\"text-align: center;\"><span style=\"font-size: 18pt;\"><strong>Realizan \u201cPrimera Jornada de Parto Respetado\u201d en Coyhaique<\/strong><\/span><\/p>\n<div id=\"gtx-trans\" style=\"position: absolute; left: -50px; top: 4.31534px;\">\n<div class=\"gtx-trans-icon\"><\/div>\n<\/div>\n<\/div><\/section><\/div><div class=\"flex_column av_one_full  flex_column_div av-zero-column-padding first  avia-builder-el-4  el_after_av_one_full  el_before_av_hr  column-top-margin\" style='border-radius:0px; '><section class=\"av_textblock_section \"  itemscope=\"itemscope\" itemtype=\"https:\/\/schema.org\/BlogPosting\" itemprop=\"blogPost\" ><div class='avia_textblock  '   itemprop=\"text\" ><p style=\"text-align: justify;\">En el marco de la conmemoraci\u00f3n del D\u00eda Internacional del Parto Respetado, la Seremi de la Mujer y Equidad de G\u00e9nero en conjunto con la carrera de Obstetricia de la Universidad de Ays\u00e9n y el Hospital Regional Coyhaique, organizaron la \u201cPrimera Jornada de Parto Respetado\u201d, instancia donde profesionales y funcionarios del \u00e1rea junto a acad\u00e9micos y estudiantes, compartieron reflexiones, buenas pr\u00e1cticas y experiencias en torno a la importancia de un proceso de parto respetuoso.<\/p>\n<p style=\"text-align: justify;\">\u201cHemos iniciado un trabajo colaborativo tendiente a conocer el estado de los derechos sexuales y reproductivos de las mujeres, as\u00ed como tambi\u00e9n dise\u00f1ar distintas instancias para sensibilizar y formar a funcionarias y funcionarios p\u00fablicos sobre estas materias. Lo que nos convoca hoy es reflexionar sobre la atenci\u00f3n brindada en el proceso de embarazo y parto en nuestra red asistencial\u201d, sostuvo Andrea M\u00e9ndez, seremi de la Mujer y Equidad de G\u00e9nero.<\/p>\n<p style=\"text-align: justify;\">La autoridad destac\u00f3 que adem\u00e1s de avanzar en el empoderamiento femenino en torno a c\u00f3mo las mujeres quieren vivir su experiencia de parto, tambi\u00e9n es importante profundizar el trabajo conjunto con los profesionales de salud, sobre todo del Hospital Regional Coyhaique, que concentra pr\u00e1cticamente la totalidad de partos de la regi\u00f3n de Ays\u00e9n. \u201cHemos sido insistentes en resaltar que en lo que respecta a parto respetuoso es fundamental la revisi\u00f3n cr\u00edtica de pr\u00e1cticas m\u00e9dicas que se encuentran fundamentadas s\u00f3lo por el peso de la costumbre y no por las necesidades de las madres y las infancias\u201d.<\/p>\n<p style=\"text-align: justify;\">Por su parte, Muriel Arriagada, matrona administradora de los cuidados del Hospital Regional Coyhaique, relev\u00f3 las estrategias y avances que el \u00fanico hospital de alta complejidad de la regi\u00f3n y donde pr\u00e1cticamente se concentran todos los partos de las aiseninas, ha hecho el \u00faltimo tiempo.<\/p>\n<p style=\"text-align: justify;\">\u201cComo establecimiento estamos generando una serie de estrategias en pos de poder implementar todos los recursos necesarios para poder ofrecer a la poblaci\u00f3n un parto fisiol\u00f3gico, humanizado y respetado. Actualmente, los equipos de matroner\u00eda se encuentran trabajando en protocolizar la atenci\u00f3n humanizada del parto y tambi\u00e9n estamos en per\u00edodo de formaci\u00f3n espec\u00edfica para estar a la altura de las expectativas de las organizaciones de la sociedad civil y de la comunidad en general\u201d, precis\u00f3 Muriel Arriagada.<\/p>\n<\/div><\/section><\/div><div  style='height:50px' class='hr hr-invisible   avia-builder-el-6  el_after_av_one_full  el_before_av_social_share '><span class='hr-inner ' ><span class='hr-inner-style'><\/span><\/span><\/div><\/p>\n<div  class='av-social-sharing-box  avia-builder-el-7  el_after_av_hr  el_before_av_hr  '><div class='av-share-box'><h5 class='av-share-link-description av-no-toc '>Compartir esta noticia<\/h5><ul class='av-share-box-list noLightbox'><li class='av-share-link av-social-link-facebook' ><a target=\"_blank\" aria-label=\"Compartir en Facebook\" href='https:\/\/www.facebook.com\/sharer.php?u=https:\/\/radiorevelacionfm.cl\/?p=31910&#038;t=Realizan%20%E2%80%9CPrimera%20Jornada%20de%20Parto%20Respetado%E2%80%9D%20en%20Coyhaique' aria-hidden='false' data-av_icon='\ue8f3' data-av_iconfont='entypo-fontello' title='' data-avia-related-tooltip='Compartir en Facebook' rel=\"noopener\"><span class='avia_hidden_link_text'>Compartir en Facebook<\/span><\/a><\/li><li class='av-share-link av-social-link-twitter' ><a target=\"_blank\" aria-label=\"Compartir en Twitter\" href='https:\/\/twitter.com\/share?text=Realizan%20%E2%80%9CPrimera%20Jornada%20de%20Parto%20Respetado%E2%80%9D%20en%20Coyhaique&#038;url=https:\/\/radiorevelacionfm.cl\/?p=31910' aria-hidden='false' data-av_icon='\ue8f1' data-av_iconfont='entypo-fontello' title='' data-avia-related-tooltip='Compartir en Twitter' rel=\"noopener\"><span class='avia_hidden_link_text'>Compartir en Twitter<\/span><\/a><\/li><li class='av-share-link av-social-link-whatsapp' ><a target=\"_blank\" aria-label=\"Compartir en Whatsapp\" href='https:\/\/api.whatsapp.com\/send?text=https:\/\/radiorevelacionfm.cl\/?p=31910' aria-hidden='false' data-av_icon='\uf232' data-av_iconfont='entypo-fontello' title='' data-avia-related-tooltip='Compartir en Whatsapp' rel=\"noopener\"><span class='avia_hidden_link_text'>Compartir en Whatsapp<\/span><\/a><\/li><li class='av-share-link av-social-link-linkedin' ><a target=\"_blank\" aria-label=\"Compartir en LinkedIn\" href='https:\/\/linkedin.com\/shareArticle?mini=true&#038;title=Realizan%20%E2%80%9CPrimera%20Jornada%20de%20Parto%20Respetado%E2%80%9D%20en%20Coyhaique&#038;url=https:\/\/radiorevelacionfm.cl\/?p=31910' aria-hidden='false' data-av_icon='\ue8fc' data-av_iconfont='entypo-fontello' title='' data-avia-related-tooltip='Compartir en LinkedIn' rel=\"noopener\"><span class='avia_hidden_link_text'>Compartir en LinkedIn<\/span><\/a><\/li><li class='av-share-link av-social-link-mail' ><a  aria-label=\"Compartir por correo\" href='mailto:?subject=Realizan%20%E2%80%9CPrimera%20Jornada%20de%20Parto%20Respetado%E2%80%9D%20en%20Coyhaique&#038;body=https:\/\/radiorevelacionfm.cl\/?p=31910' aria-hidden='false' data-av_icon='\ue805' data-av_iconfont='entypo-fontello' title='' data-avia-related-tooltip='Compartir por correo'><span class='avia_hidden_link_text'>Compartir por correo<\/span><\/a><\/li><\/ul><\/div><\/div>\n<div  style='height:50px' class='hr hr-invisible   avia-builder-el-8  el_after_av_social_share  el_before_av_comments_list '><span class='hr-inner ' ><span class='hr-inner-style'><\/span><\/span><\/div>\n<div  class='av-buildercomment  av-blog-meta-html-info-disabled av-blog-meta-tag-disabled  '><\/div>\n","protected":false},"excerpt":{"rendered":"","protected":false},"author":1,"featured_media":31911,"comment_status":"open","ping_status":"open","sticky":false,"template":"","format":"standard","meta":{"footnotes":""},"categories":[38],"tags":[],"class_list":["post-31910","post","type-post","status-publish","format-standard","has-post-thumbnail","hentry","category-regional"],"jetpack_featured_media_url":"https:\/\/radiorevelacionfm.cl\/wp-content\/uploads\/2023\/06\/Jornada-parto-respetado-2-1-1.jpeg","_links":{"self":[{"href":"https:\/\/radiorevelacionfm.cl\/index.php?rest_route=\/wp\/v2\/posts\/31910","targetHints":{"allow":["GET"]}}],"collection":[{"href":"https:\/\/radiorevelacionfm.cl\/index.php?rest_route=\/wp\/v2\/posts"}],"about":[{"href":"https:\/\/radiorevelacionfm.cl\/index.php?rest_route=\/wp\/v2\/types\/post"}],"author":[{"embeddable":true,"href":"https:\/\/radiorevelacionfm.cl\/index.php?rest_route=\/wp\/v2\/users\/1"}],"replies":[{"embeddable":true,"href":"https:\/\/radiorevelacionfm.cl\/index.php?rest_route=%2Fwp%2Fv2%2Fcomments&post=31910"}],"version-history":[{"count":1,"href":"https:\/\/radiorevelacionfm.cl\/index.php?rest_route=\/wp\/v2\/posts\/31910\/revisions"}],"predecessor-version":[{"id":31912,"href":"https:\/\/radiorevelacionfm.cl\/index.php?rest_route=\/wp\/v2\/posts\/31910\/revisions\/31912"}],"wp:featuredmedia":[{"embeddable":true,"href":"https:\/\/radiorevelacionfm.cl\/index.php?rest_route=\/wp\/v2\/media\/31911"}],"wp:attachment":[{"href":"https:\/\/radiorevelacionfm.cl\/index.php?rest_route=%2Fwp%2Fv2%2Fmedia&parent=31910"}],"wp:term":[{"taxonomy":"category","embeddable":true,"href":"https:\/\/radiorevelacionfm.cl\/index.php?rest_route=%2Fwp%2Fv2%2Fcategories&post=31910"},{"taxonomy":"post_tag","embeddable":true,"href":"https:\/\/radiorevelacionfm.cl\/index.php?rest_route=%2Fwp%2Fv2%2Ftags&post=31910"}],"curies":[{"name":"wp","href":"https:\/\/api.w.org\/{rel}","templated":true}]}}