{"id":31906,"date":"2023-06-12T16:09:52","date_gmt":"2023-06-12T19:09:52","guid":{"rendered":"https:\/\/radiorevelacionfm.cl\/?p=31906"},"modified":"2023-06-12T16:09:52","modified_gmt":"2023-06-12T19:09:52","slug":"seremi-de-salud-convoca-mesa-asesora-de-campana-invernal-frente-al-aumento-de-enfermedades-respiratorias","status":"publish","type":"post","link":"https:\/\/radiorevelacionfm.cl\/?p=31906","title":{"rendered":"Seremi de Salud convoca Mesa Asesora de Campa\u00f1a Invernal frente al aumento de enfermedades respiratorias"},"content":{"rendered":"<div class=\"flex_column av_one_full  flex_column_div av-zero-column-padding first  avia-builder-el-0  el_before_av_one_full  avia-builder-el-first  \" style='border-radius:0px; '><div  class='avia-image-container  av-styling-    avia-builder-el-1  avia-builder-el-no-sibling  avia-align-center '  itemprop=\"image\" itemscope=\"itemscope\" itemtype=\"https:\/\/schema.org\/ImageObject\"  ><div class='avia-image-container-inner'><div class='avia-image-overlay-wrap'><img decoding=\"async\" class='wp-image-31907 avia-img-lazy-loading-not-31907 avia_image' src=\"https:\/\/radiorevelacionfm.cl\/wp-content\/uploads\/2023\/06\/mesa-trabajo-1-1_optimized-1.jpeg\" alt='' title='mesa-trabajo-1-(1)_optimized (1)' height=\"600\" width=\"1067\"  itemprop=\"thumbnailUrl\" srcset=\"https:\/\/radiorevelacionfm.cl\/wp-content\/uploads\/2023\/06\/mesa-trabajo-1-1_optimized-1.jpeg 1067w, https:\/\/radiorevelacionfm.cl\/wp-content\/uploads\/2023\/06\/mesa-trabajo-1-1_optimized-1-300x169.jpeg 300w, https:\/\/radiorevelacionfm.cl\/wp-content\/uploads\/2023\/06\/mesa-trabajo-1-1_optimized-1-1030x579.jpeg 1030w, https:\/\/radiorevelacionfm.cl\/wp-content\/uploads\/2023\/06\/mesa-trabajo-1-1_optimized-1-768x432.jpeg 768w, https:\/\/radiorevelacionfm.cl\/wp-content\/uploads\/2023\/06\/mesa-trabajo-1-1_optimized-1-705x396.jpeg 705w, https:\/\/radiorevelacionfm.cl\/wp-content\/uploads\/2023\/06\/mesa-trabajo-1-1_optimized-1-450x253.jpeg 450w, https:\/\/radiorevelacionfm.cl\/wp-content\/uploads\/2023\/06\/mesa-trabajo-1-1_optimized-1-600x337.jpeg 600w\" sizes=\"(max-width: 1067px) 100vw, 1067px\" \/><\/div><\/div><\/div><\/div><div class=\"flex_column av_one_full  flex_column_div av-zero-column-padding first  avia-builder-el-2  el_after_av_one_full  el_before_av_one_full  column-top-margin\" style='border-radius:0px; '><section class=\"av_textblock_section \"  itemscope=\"itemscope\" itemtype=\"https:\/\/schema.org\/BlogPosting\" itemprop=\"blogPost\" ><div class='avia_textblock  '   itemprop=\"text\" ><p style=\"text-align: center;\"><span style=\"font-size: 18pt;\"><strong>Seremi de Salud convoca Mesa Asesora de Campa\u00f1a Invernal frente al aumento de enfermedades respiratorias<\/strong><\/span><\/p>\n<div id=\"gtx-trans\" style=\"position: absolute; left: -50px; top: 4.31534px;\">\n<div class=\"gtx-trans-icon\"><\/div>\n<\/div>\n<\/div><\/section><\/div><div class=\"flex_column av_one_full  flex_column_div av-zero-column-padding first  avia-builder-el-4  el_after_av_one_full  el_before_av_hr  column-top-margin\" style='border-radius:0px; '><section class=\"av_textblock_section \"  itemscope=\"itemscope\" itemtype=\"https:\/\/schema.org\/BlogPosting\" itemprop=\"blogPost\" ><div class='avia_textblock  '   itemprop=\"text\" ><p style=\"text-align: justify;\">Con la finalidad de reforzar las coordinaciones en materia de Salud P\u00fablica frente al aumento de enfermedades respiratorias, este fin de semana se llev\u00f3 a cabo una reuni\u00f3n entre autoridades regionales y especialistas del \u00e1rea de la salud, donde se analiz\u00f3 la circulaci\u00f3n de virus respiratorios y las medidas a desarrollar en el marco de la Campa\u00f1a de Invierno a nivel regional.<\/p>\n<p style=\"text-align: justify;\">La actividad, desarrollada este fin de semana en dependencias de la secretar\u00eda ministerial de salud, permiti\u00f3 a representantes de diversos \u00e1mbitos conocer la situaci\u00f3n actual de la red asistencial frente a la contingencia invernal.\u00a0 Tal como lo manifest\u00f3 la Seremi de Salud, Carmen Monsalve G\u00f3mez. \u201cNos reunimos para poder constituir una mesa de trabajo, con el objetivo de poder revisar la situaci\u00f3n epidemiol\u00f3gica regional a prop\u00f3sito de la contingencia invernal por aumento de consultas en \u00a0enfermedades respiratorias y hospitalizaciones pedi\u00e1tricas a nivel nacional, donde nuestra realidad regional no es diferente, estamos muy preocupados respecto a la implementaci\u00f3n de medidas para los planes de contingencia, y esta instancia que hoy se crea con la participaci\u00f3n de profesionales de alta experiencia en el \u00e1mbito de la salud, con el Colegio de Enfermeras y el Colegio M\u00e9dico, con el objetivo de poder revisar este plan, identificar si hay mejoras a implementar y recoger la opini\u00f3n de ellos para visualizar de manera oportuna las cosas a implementar, mejorar y reforzar\u201d.<\/p>\n<p style=\"text-align: justify;\">Creaci\u00f3n de esta Mesa Asesora por Campa\u00f1a Invernal, que fue destacada por el Presidente del Colegio M\u00e9dico, Claudio Vallejos Olavarr\u00eda. \u201cEstamos muy contentos de haber participado de esta reuni\u00f3n, de estar con las autoridades y encargados de entes t\u00e9cnicos, lo que demuestra que todos quienes estamos en el sector salud estamos muy preocupados y ocupados con esta situaci\u00f3n, donde tenemos toda la disposici\u00f3n, las ganas y voluntad de dar lo mejor nuestro para que podamos enfrentar esta crisis sanitaria del punto de vista de enfermedades respiratorias, pero aqu\u00ed la comunidad tambi\u00e9n tiene que cooperar, evitar las aglomeraciones, y si sus ni\u00f1os peque\u00f1os \u2013 sobretodo lactantes- tiene solamente mocos y tos, deben acudir a los servicios de Atenci\u00f3n Primaria donde ser\u00e1n atendidos con los refuerzos que se han implementado, distinto es si presentan signos respiratorios mayores, retracciones y fiebre alta, donde probablemente tendr\u00e1n que ir a los servicios de urgencia, de tal manera que entre todos nos cuidamos, la ciudadan\u00eda y nosotros, quienes estamos trabajando en las trincheras para atenderlos a todos con cari\u00f1o, dignidad y calidad\u201d.<\/p>\n<p style=\"text-align: justify;\">Por su parte, la Gobernadora Regional de Ays\u00e9n, Andrea Mac\u00edas Palma, valor\u00f3 este encuentro que reuni\u00f3 a diversos sectores de la comunidad, donde destac\u00f3 la importancia de los procesos de vacunaci\u00f3n. \u201cComo Gobierno Regional de Ays\u00e9n, estamos muy contentos de formar parte de esta mesa de trabajo, que hoy en d\u00eda re\u00fane a todos los actores pol\u00edticos y t\u00e9cnicos frente a la situaci\u00f3n que estamos viviendo en materia sanitaria, en materia de enfermedades respiratorias, y particularmente con la primera infancia. En ese sentido, nos hemos puesto a disposici\u00f3n de este trabajo, y hacer un llamado a la comunidad a tomar todas las medidas de resguardo, sobre todo hacer uso de las campa\u00f1as de vacunaci\u00f3n que hoy se est\u00e1n presentando, donde la invitaci\u00f3n es vacunarse, existen dos vacunas contra el Covid y la otra contra la Influenza, invitar a la comunidad y grupos vulnerables a acceder a este proceso, y aquellos personas que no puedan desplazarse para recibir esta inmunizaci\u00f3n pueden contactar a los servicios de la Seremi de salud u otras instituciones, porque estamos todos en disposici\u00f3n de facilitar el proceso de vacunaci\u00f3n en las personas\u201d.<\/p>\n<p style=\"text-align: justify;\">Similar opini\u00f3n fue la que entreg\u00f3 el Delegado Presidencial Regional (s), Samuel Navarro Castro, quien se refiri\u00f3 al trabajo intersectorial de esta mesa. \u201cAgradecemos la presencia de todos los profesionales, ya que fuimos informados punto por punto de los aspectos m\u00e1s delicados de esta situaci\u00f3n, estamos trabajando en equipo, entre todos, pero necesitamos que toda la comunidad nos colabore en esta cruzada para proteger a nuestros ni\u00f1os, ni\u00f1as y adolescentes quienes pueden verse afectados por las enfermedades respiratorias, por es estamos trabajando fuertemente como equipo y nos vamos a estar reuniendo permanentemente para monitorear la informaci\u00f3n, adoptando las medidas adecuadas y oportunas\u201d.<\/p>\n<p style=\"text-align: justify;\">Finalmente, desde el Servicio de Salud Ays\u00e9n, el Doctor Rodrigo Verdugo, reiter\u00f3 la importancia de prevenir el contagio de enfermedades respiratorias. \u201cNo solo estamos preocupados, estamos muy ocupados por esta situaci\u00f3n, desplegando a todo nuestro personal desde Ra\u00fal Mar\u00edn Balmaceda hasta Villa O\u201dHiggins, todos los funcionarios est\u00e1n activos en los dispositivos de salud, y estamos reforzando todos los lugares que as\u00ed lo requieren. Invitamos a la ciudadan\u00eda a cuidarse, a respetar y seguir la normativa vigente en salud, acceder a la vacunaci\u00f3n, y especialmente a consultar adecuadamente los dispositivos de atenci\u00f3n primaria, hasta la atenci\u00f3n m\u00e1s compleja en nuestro Hospital Regional, porque entre todos, nos cuidamos\u201d.<\/p>\n<p style=\"text-align: justify;\"><strong>Recorrido Red Asistencial<\/strong><\/p>\n<p style=\"text-align: justify;\">La Seremi de Salud, Carmen Monsalve G\u00f3mez, en conjunto con la asesora t\u00e9cnica de la Autoridad Sanitaria, Paola Pe\u00f1a, durante el pasado s\u00e1bado hizo un recorrido por los servicios de urgencia y unidades pedi\u00e1tricas y de adultos del Hospital Regional Coyhaique, adem\u00e1s de una visita al Servicio de Atenci\u00f3n Primaria de Urgencia del CESFAM Alejandro Guti\u00e9rrez, para conocer en terreno la situaci\u00f3n de la Red durante el fin de semana y escuchar las inquietudes y requerimientos de los funcionarios del sector que se desempe\u00f1an en dichos turnos,\u00a0 en el marco del aumento de enfermedades respiratorias. \u201cVisitamos en el Hospital Regional\u00a0 la urgencia infantil, pediatr\u00eda, la UTI pedi\u00e1trica, urgencia, UCI y UTI adultos. Pudimos constatar en terreno, hablar con los profesionales que est\u00e1n en sus turnos para relevar y agradecer su trabajo, adem\u00e1s de constatar que est\u00e1n las condiciones adecuadas para entregar una atenci\u00f3n segura y oportuna\u00bb, destac\u00f3 la Seremi de Salud, Carmen Monsalve G\u00f3mez.<\/p>\n<p style=\"text-align: justify;\">La Autoridad puso \u00e9nfasis e insisti\u00f3 a la comunidad que \u201ccada vez que presenten sintomatolog\u00eda sugerente, no solo respiratoria o causa que no sea de gravedad, la primera oportunidad de atenci\u00f3n est\u00e1 en el SAPU de atenci\u00f3n primaria del CESFAM Alejandro Guti\u00e9rrez, que atiende desde las 12 del d\u00eda hasta la medianoche con refuerzo m\u00e9dico, kinesi\u00f3logo y enfermera para poder entregar una atenci\u00f3n oportuna. Si la condici\u00f3n es de mayor gravedad, se derivar\u00e1 oportunamente desde este centro asistencial al hospital regional\u201d, concluy\u00f3 la autoridad.<\/p>\n<p style=\"text-align: justify;\">La puesta en marcha de esta mesa de trabajo, viene a reforzar las acciones que ha venido desarrollando la Autoridad Sanitaria en esta materia, a trav\u00e9s de los Comit\u00e9 Operativos de Emergencia en salud. A lo que se suma, la entrega de un reporte semanal durante los d\u00edas martes, a trav\u00e9s de redes sociales, con respecto a los virus de mayor circulaci\u00f3n entre la poblaci\u00f3n, el n\u00famero de consultas y hospitalizados por enfermedades respiratorias, adem\u00e1s de los porcentajes de vacunaci\u00f3n, para mantener informada a la comunidad sobre la situaci\u00f3n de enfermedades respiratorias en Ays\u00e9n.<\/p>\n<\/div><\/section><\/div><div  style='height:50px' class='hr hr-invisible   avia-builder-el-6  el_after_av_one_full  el_before_av_social_share '><span class='hr-inner ' ><span class='hr-inner-style'><\/span><\/span><\/div><\/p>\n<div  class='av-social-sharing-box  avia-builder-el-7  el_after_av_hr  el_before_av_hr  '><div class='av-share-box'><h5 class='av-share-link-description av-no-toc '>Compartir esta noticia<\/h5><ul class='av-share-box-list noLightbox'><li class='av-share-link av-social-link-facebook' ><a target=\"_blank\" aria-label=\"Compartir en Facebook\" href='https:\/\/www.facebook.com\/sharer.php?u=https:\/\/radiorevelacionfm.cl\/?p=31906&#038;t=Seremi%20de%20Salud%20convoca%20Mesa%20Asesora%20de%20Campa%C3%B1a%20Invernal%20frente%20al%20aumento%20de%20enfermedades%20respiratorias' aria-hidden='false' data-av_icon='\ue8f3' data-av_iconfont='entypo-fontello' title='' data-avia-related-tooltip='Compartir en Facebook' rel=\"noopener\"><span class='avia_hidden_link_text'>Compartir en Facebook<\/span><\/a><\/li><li class='av-share-link av-social-link-twitter' ><a target=\"_blank\" aria-label=\"Compartir en Twitter\" href='https:\/\/twitter.com\/share?text=Seremi%20de%20Salud%20convoca%20Mesa%20Asesora%20de%20Campa%C3%B1a%20Invernal%20frente%20al%20aumento%20de%20enfermedades%20respiratorias&#038;url=https:\/\/radiorevelacionfm.cl\/?p=31906' aria-hidden='false' data-av_icon='\ue8f1' data-av_iconfont='entypo-fontello' title='' data-avia-related-tooltip='Compartir en Twitter' rel=\"noopener\"><span class='avia_hidden_link_text'>Compartir en Twitter<\/span><\/a><\/li><li class='av-share-link av-social-link-whatsapp' ><a target=\"_blank\" aria-label=\"Compartir en Whatsapp\" href='https:\/\/api.whatsapp.com\/send?text=https:\/\/radiorevelacionfm.cl\/?p=31906' aria-hidden='false' data-av_icon='\uf232' data-av_iconfont='entypo-fontello' title='' data-avia-related-tooltip='Compartir en Whatsapp' rel=\"noopener\"><span class='avia_hidden_link_text'>Compartir en Whatsapp<\/span><\/a><\/li><li class='av-share-link av-social-link-linkedin' ><a target=\"_blank\" aria-label=\"Compartir en LinkedIn\" href='https:\/\/linkedin.com\/shareArticle?mini=true&#038;title=Seremi%20de%20Salud%20convoca%20Mesa%20Asesora%20de%20Campa%C3%B1a%20Invernal%20frente%20al%20aumento%20de%20enfermedades%20respiratorias&#038;url=https:\/\/radiorevelacionfm.cl\/?p=31906' aria-hidden='false' data-av_icon='\ue8fc' data-av_iconfont='entypo-fontello' title='' data-avia-related-tooltip='Compartir en LinkedIn' rel=\"noopener\"><span class='avia_hidden_link_text'>Compartir en LinkedIn<\/span><\/a><\/li><li class='av-share-link av-social-link-mail' ><a  aria-label=\"Compartir por correo\" href='mailto:?subject=Seremi%20de%20Salud%20convoca%20Mesa%20Asesora%20de%20Campa%C3%B1a%20Invernal%20frente%20al%20aumento%20de%20enfermedades%20respiratorias&#038;body=https:\/\/radiorevelacionfm.cl\/?p=31906' aria-hidden='false' data-av_icon='\ue805' data-av_iconfont='entypo-fontello' title='' data-avia-related-tooltip='Compartir por correo'><span class='avia_hidden_link_text'>Compartir por correo<\/span><\/a><\/li><\/ul><\/div><\/div>\n<div  style='height:50px' class='hr hr-invisible   avia-builder-el-8  el_after_av_social_share  el_before_av_comments_list '><span class='hr-inner ' ><span class='hr-inner-style'><\/span><\/span><\/div>\n<div  class='av-buildercomment  av-blog-meta-html-info-disabled av-blog-meta-tag-disabled  '><\/div>\n","protected":false},"excerpt":{"rendered":"","protected":false},"author":1,"featured_media":31907,"comment_status":"open","ping_status":"open","sticky":false,"template":"","format":"standard","meta":{"footnotes":""},"categories":[46],"tags":[],"class_list":["post-31906","post","type-post","status-publish","format-standard","has-post-thumbnail","hentry","category-salud"],"jetpack_featured_media_url":"https:\/\/radiorevelacionfm.cl\/wp-content\/uploads\/2023\/06\/mesa-trabajo-1-1_optimized-1.jpeg","_links":{"self":[{"href":"https:\/\/radiorevelacionfm.cl\/index.php?rest_route=\/wp\/v2\/posts\/31906","targetHints":{"allow":["GET"]}}],"collection":[{"href":"https:\/\/radiorevelacionfm.cl\/index.php?rest_route=\/wp\/v2\/posts"}],"about":[{"href":"https:\/\/radiorevelacionfm.cl\/index.php?rest_route=\/wp\/v2\/types\/post"}],"author":[{"embeddable":true,"href":"https:\/\/radiorevelacionfm.cl\/index.php?rest_route=\/wp\/v2\/users\/1"}],"replies":[{"embeddable":true,"href":"https:\/\/radiorevelacionfm.cl\/index.php?rest_route=%2Fwp%2Fv2%2Fcomments&post=31906"}],"version-history":[{"count":1,"href":"https:\/\/radiorevelacionfm.cl\/index.php?rest_route=\/wp\/v2\/posts\/31906\/revisions"}],"predecessor-version":[{"id":31908,"href":"https:\/\/radiorevelacionfm.cl\/index.php?rest_route=\/wp\/v2\/posts\/31906\/revisions\/31908"}],"wp:featuredmedia":[{"embeddable":true,"href":"https:\/\/radiorevelacionfm.cl\/index.php?rest_route=\/wp\/v2\/media\/31907"}],"wp:attachment":[{"href":"https:\/\/radiorevelacionfm.cl\/index.php?rest_route=%2Fwp%2Fv2%2Fmedia&parent=31906"}],"wp:term":[{"taxonomy":"category","embeddable":true,"href":"https:\/\/radiorevelacionfm.cl\/index.php?rest_route=%2Fwp%2Fv2%2Fcategories&post=31906"},{"taxonomy":"post_tag","embeddable":true,"href":"https:\/\/radiorevelacionfm.cl\/index.php?rest_route=%2Fwp%2Fv2%2Ftags&post=31906"}],"curies":[{"name":"wp","href":"https:\/\/api.w.org\/{rel}","templated":true}]}}